{"id":48387,"date":"2021-11-15T17:40:14","date_gmt":"2021-11-15T17:40:14","guid":{"rendered":"http:\/\/enolife.com.ar\/es\/?p=48387"},"modified":"2021-11-20T14:28:20","modified_gmt":"2021-11-20T14:28:20","slug":"martin-ferrer-el-futuro-ingeniero-que-vende-vinos-mientras-espera-su-brazo-mecatronico","status":"publish","type":"post","link":"https:\/\/enolife.com.ar\/es\/martin-ferrer-el-futuro-ingeniero-que-vende-vinos-mientras-espera-su-brazo-mecatronico\/","title":{"rendered":"Mart\u00edn Ferrer, el futuro ingeniero que vende vinos mientras espera su brazo mecatr\u00f3nico"},"content":{"rendered":"\n<h4 class=\"wp-block-heading\"><em><strong>Con voluntad de acero, lucidez y alegr\u00eda de vivir, Mart\u00edn Ferrer (23) gana su batalla contra la adversidad de haber nacido con par\u00e1lisis cerebral. Cada paso y cada logro le exigen poner todo en juego, y nada le impedir\u00e1 recibirse de ingeniero en Recursos Naturales en la Facultad de Ciencias Agrarias de la UNCuyo, donde cursa el segundo a\u00f1o. Para bancarse los estudios y comprar el brazo mecatr\u00f3nico que le brindar\u00e1 autonom\u00eda para alimentarse solo, en 2020 fabric\u00f3 junto a dos amigos m\u00e1scaras anticovid de pl\u00e1stico reciclado y ahora vende vinos de dos bodegas del Este mendocino. Su fortaleza fue premiada por la comuna de Jun\u00edn, Mendoza, que lo incluy\u00f3 en el programa Jun\u00edn Punto Limpio, donde ahora dise\u00f1an su brazo con impresoras 3D y tecnolog\u00eda argentina. Esta es su historia, que merece ser contada, y su emprendimiento, que dan ganas de apoyar.<\/strong><\/em>  <\/h4>\n\n\n\n<div style=\"height:24px\" aria-hidden=\"true\" class=\"wp-block-spacer\"><\/div>\n\n\n<a href=\"https:\/\/jmzeballos.com\/\" aria-label=\"PUBLICIDAD ENOLIFE 2023_\u00c1NFORAS 1700 x 500\"><img loading=\"lazy\" decoding=\"async\" src=\"https:\/\/enolife.com.ar\/es\/wp-content\/uploads\/2020\/12\/PUBLICIDAD-ENOLIFE-2023_ANFORAS-1700-x-500.jpg\" alt=\"\"  srcset=\"https:\/\/enolife.com.ar\/es\/wp-content\/uploads\/2020\/12\/PUBLICIDAD-ENOLIFE-2023_ANFORAS-1700-x-500.jpg 1700w, https:\/\/enolife.com.ar\/es\/wp-content\/uploads\/2020\/12\/PUBLICIDAD-ENOLIFE-2023_ANFORAS-1700-x-500-300x88.jpg 300w, https:\/\/enolife.com.ar\/es\/wp-content\/uploads\/2020\/12\/PUBLICIDAD-ENOLIFE-2023_ANFORAS-1700-x-500-1024x301.jpg 1024w, https:\/\/enolife.com.ar\/es\/wp-content\/uploads\/2020\/12\/PUBLICIDAD-ENOLIFE-2023_ANFORAS-1700-x-500-768x226.jpg 768w, https:\/\/enolife.com.ar\/es\/wp-content\/uploads\/2020\/12\/PUBLICIDAD-ENOLIFE-2023_ANFORAS-1700-x-500-1536x452.jpg 1536w, https:\/\/enolife.com.ar\/es\/wp-content\/uploads\/2020\/12\/PUBLICIDAD-ENOLIFE-2023_ANFORAS-1700-x-500-1170x344.jpg 1170w, https:\/\/enolife.com.ar\/es\/wp-content\/uploads\/2020\/12\/PUBLICIDAD-ENOLIFE-2023_ANFORAS-1700-x-500-585x172.jpg 585w\" sizes=\"auto, (max-width: 1700px) 100vw, 1700px\" width=\"1700\" height=\"500\"   \/><\/a>\n\n\n<div style=\"height:39px\" aria-hidden=\"true\" class=\"wp-block-spacer\"><\/div>\n\n\n\n<p><strong>Por Lorena Mellone (<a href=\"mailto:lmellone@enolife.com.ar\">lmellone@enolife.com.ar<\/a>) y Pedro Straniero (<a href=\"mailto:pstraniero@enolife.com.ar\">pstraniero@enolife.com.ar<\/a>) <br><\/strong><\/p>\n\n\n\n<div style=\"height:20px\" aria-hidden=\"true\" class=\"wp-block-spacer\"><\/div>\n\n\n\n<p>Hace un mes, conocimos a trav\u00e9s de las redes sociales un video en el que <strong>Mart\u00edn Ferrer<\/strong> se presenta y promueve su emprendimiento personal de venta de vinos de las bodegas <strong>Tierra de Barros<\/strong> y<strong> Santos Lugares<\/strong>, ambas de <strong>Jun\u00edn, Mendoza<\/strong>, con el objetivo de solventar sus estudios. Nos interes\u00f3 su historia porque vimos que se trata de un joven entusiasta que, pese a sus limitaciones f\u00edsicas, no para de lanzar y concretar ideas, no s\u00f3lo por un inter\u00e9s personal sino en beneficio de la comunidad que lo contiene. Un tipo decidido y solidario, cuya fortaleza contagia. Por eso est\u00e1 aqu\u00ed.<\/p>\n\n\n\n<p>En 2020, antes de comercializar vinos, Mart\u00edn, junto a sus amigos <strong>Marcos Solanilla <\/strong>y <strong>Mat\u00edas Bertona, <\/strong>se puso a fabricar y vender <strong>m\u00e1scaras protectoras de pl\u00e1stico reciclado<\/strong>, hechas con una impresora 3D. En ese momento, su finalidad era juntar fondos para comprarse en el exterior un brazo mecatr\u00f3nico que le facilitar\u00eda, entre otras cosas, alimentarse con autonom\u00eda.<\/p>\n\n\n\n<div style=\"height:20px\" aria-hidden=\"true\" class=\"wp-block-spacer\"><\/div>\n\n\n\n<div class=\"wp-block-image\"><figure class=\"aligncenter size-large is-resized\"><img loading=\"lazy\" decoding=\"async\" src=\"https:\/\/enolife.com.ar\/es\/wp-content\/uploads\/2021\/11\/GU4GEMRRMRRDIMZVGBQWEN3GGY.jpg\" alt=\"\" class=\"wp-image-48693\" width=\"570\" height=\"319\" srcset=\"https:\/\/enolife.com.ar\/es\/wp-content\/uploads\/2021\/11\/GU4GEMRRMRRDIMZVGBQWEN3GGY.jpg 982w, https:\/\/enolife.com.ar\/es\/wp-content\/uploads\/2021\/11\/GU4GEMRRMRRDIMZVGBQWEN3GGY-300x168.jpg 300w, https:\/\/enolife.com.ar\/es\/wp-content\/uploads\/2021\/11\/GU4GEMRRMRRDIMZVGBQWEN3GGY-768x431.jpg 768w, https:\/\/enolife.com.ar\/es\/wp-content\/uploads\/2021\/11\/GU4GEMRRMRRDIMZVGBQWEN3GGY-585x328.jpg 585w\" sizes=\"auto, (max-width: 570px) 100vw, 570px\" \/><figcaption><em><strong>Mart\u00edn trabajando con las m\u00e1scaras de protecci\u00f3n facial durante la pandemia (Foto: Mariana Villa de Los Andes)<\/strong><\/em><\/figcaption><\/figure><\/div>\n\n\n\n<div style=\"height:20px\" aria-hidden=\"true\" class=\"wp-block-spacer\"><\/div>\n\n\n\n<p>Y ese objetivo hoy se est\u00e1 concretando. No porque haya juntado los miles de d\u00f3lares necesarios para adquirir esa costosa herramienta, sino porque, gracias a la gente de las bodegas que le proveen el vino, pudo contactarse con el programa <strong>Jun\u00edn Punto Limpio,<\/strong> a trav\u00e9s del cual hoy le fabrican ac\u00e1 en Mendoza el imprescindible brazo auxiliar.<\/p>\n\n\n\n<p>El encargado de llevar adelante la construcci\u00f3n del brazo mecatr\u00f3nico de Mart\u00edn es<strong> Mat\u00edas Martin (33)<\/strong>, t\u00e9cnico en impresi\u00f3n 3D y experto en Gesti\u00f3n Ambiental, quien trabaja en el programa de la Municipalidad de Jun\u00edn desde hace 4 a\u00f1os. Mat\u00edas y un equipo de colaboradores est\u00e1n fabricando el brazo para don\u00e1rselo a Mart\u00edn. Ya en marcha este proyecto, los ingresos que ahora consigue Mart\u00edn con los vinos son para sostener sus estudios y colaborar en la econom\u00eda familiar. <\/p>\n\n\n\n<div style=\"height:25px\" aria-hidden=\"true\" class=\"wp-block-spacer\"><\/div>\n\n\n\n<p class=\"has-text-align-center has-medium-font-size\"><strong>Video en el que Mart\u00edn promueve los vinos que vende:<\/strong><\/p>\n\n\n\n<figure class=\"wp-block-video aligncenter\"><video controls src=\"https:\/\/enolife.com.ar\/es\/wp-content\/uploads\/2021\/11\/WhatsApp-Video-2021-11-11-at-10.18.24.mp4\"><\/video><\/figure>\n\n\n\n<div style=\"height:23px\" aria-hidden=\"true\" class=\"wp-block-spacer\"><\/div>\n\n\n\n<p>As\u00ed cuenta su historia el propio Mart\u00edn: <em>\u00abDurante 2020 trabaj\u00e9 para comprar el brazo mec\u00e1nico para poder llevarme la comida a la altura de la boca&#8230; Pero por suerte despu\u00e9s Marcos Arboit (de la empresa tecnol\u00f3gica Bonomini del Mercosur SA) y Marcela Moroncelli (de la Bodega Santos Lugares) consiguieron que en Jun\u00edn lo fabriquen con materiales reciclables. Lo est\u00e1 haciendo Mat\u00edas Martin desde el programa Jun\u00edn Punto Limpio\u00bb<\/em>.<\/p>\n\n\n\n<p>Como explica Mart\u00edn en el video, \u00e9l ofrece los vinos en diferentes packs, para regalos, eventos empresariales y particulares, envueltos en las cajas de madera confeccionadas por su amigo <strong>Dami\u00e1n<\/strong>, de la empresa <strong>Drevo SA <\/strong>(packaging en madera).<\/p>\n\n\n\n<p>Seg\u00fan detalla el joven, los vinos vienen en cajas de madera (<strong>Chiz Malbec<\/strong>, de <strong>Zamora Wines<\/strong> y <strong>El Herrero Cabernet Franc<\/strong>, de <strong>Bodega Santos Lugares<\/strong>).<\/p>\n\n\n\n<p class=\"has-background has-very-light-gray-background-color\">Para comprar los vinos se puede contactar a Mart\u00edn a trav\u00e9s de su <strong>Instagram:<a href=\"https:\/\/www.instagram.com\/martin_ferrer_ok\/?hl=es\"> martin_ferrer_ok<\/a> <\/strong>o al <strong>tel\u00e9fonos +54 9 261 335 2290<\/strong>, o bien <strong>hacer el pedido a trav\u00e9s del siguiente <a href=\"https:\/\/docs.google.com\/forms\/d\/e\/1FAIpQLSd1bs6h00cb2aRPk_5KwzbRS7lYToTuqVQLRX0FLxPA79fEUw\/viewform\">LINK<\/a><\/strong><\/p>\n\n\n\n<div style=\"height:20px\" aria-hidden=\"true\" class=\"wp-block-spacer\"><\/div>\n\n\n\n<p>Estas son las fichas t\u00e9cnicas de algunos de sus vinos:<\/p>\n\n\n\n<div class=\"wp-block-image\"><figure class=\"alignleft size-large is-resized\"><img loading=\"lazy\" decoding=\"async\" src=\"https:\/\/enolife.com.ar\/es\/wp-content\/uploads\/2021\/11\/malbec-2020-1.jpg\" alt=\"\" class=\"wp-image-48596\" width=\"81\" height=\"345\"\/><\/figure><\/div>\n\n\n\n<p class=\"has-background has-very-light-gray-background-color\"><strong>Malbec 2020<\/strong><br><br><strong>Origen vi\u00f1edo:<\/strong> Uvas provenientes de Jun\u00edn, Mendoza.<br><strong>Altura vi\u00f1edo:<\/strong> 690 msnm.<br><strong>Cosecha<\/strong>: Manual.<br><strong>Elaboraci\u00f3n<\/strong>: Cl\u00e1sica.<br><strong>Madera<\/strong>: 30% roble franc\u00e9s, durante 8 meses.<br><br><strong>Notas de cata<\/strong><br><strong>Color<\/strong>: Rojo intenso, con reflejos viol\u00e1ceos.<br><strong>Aroma<\/strong>: Frutos rojos y delicados toques de madera francesa.<br><strong>Boca<\/strong>: Ciruela fresca, suave toque de vainilla por el aporte de la madera. Untuoso, largo, de taninos dulces y amables y de gran recuerdo.<br><br><strong>Temperatura recomendada de servido<\/strong>: 16\u00b0 a 18 \u00b0C<br><strong>Maridaje<\/strong>: t\u00edpicas comidas argentinas como empanadas, humita y nuestro cl\u00e1sico asado como tambi\u00e9n platos internacionales, pastas, pizzas, tamales o sushi.<br><br><strong>Precio<\/strong>: Por caja de 6 $2.200 &#8211; Por unidad $400<\/p>\n\n\n\n<div class=\"wp-block-image\"><figure class=\"alignleft size-large is-resized\"><img loading=\"lazy\" decoding=\"async\" src=\"https:\/\/enolife.com.ar\/es\/wp-content\/uploads\/2021\/11\/cabernet-franc-1-2.jpg\" alt=\"\" class=\"wp-image-48604\" width=\"92\" height=\"355\" srcset=\"https:\/\/enolife.com.ar\/es\/wp-content\/uploads\/2021\/11\/cabernet-franc-1-2.jpg 169w, https:\/\/enolife.com.ar\/es\/wp-content\/uploads\/2021\/11\/cabernet-franc-1-2-78x300.jpg 78w\" sizes=\"auto, (max-width: 92px) 100vw, 92px\" \/><\/figure><\/div>\n\n\n\n<p class=\"has-background has-very-light-gray-background-color\"><strong>Cabernet franc 2020<\/strong><br><br><strong>Origen vi\u00f1edo<\/strong>: Uvas provenientes de Jun\u00edn, Mendoza.<br><strong>Altura vi\u00f1edo<\/strong>: 690 msnm.<br><strong>Cosecha<\/strong>: Manual.<br><strong>Elaboraci\u00f3n<\/strong>: Cl\u00e1sica.<br><strong>Madera<\/strong>: Roble franc\u00e9s.<br><br><strong>Notas de cata<\/strong><br><br><strong>Color<\/strong>: Rojo rub\u00ed intenso.<br><strong>Aroma<\/strong>: Frutos rojos como cerezas y especias dulces que incluye la pimienta negra y notas delicadas de vainilla aportadas por la madera francesa.<br><strong>Boca<\/strong>: Buen volumen, equilibrio y de taninos suaves con sabores que recuerdan a pimientos rojos y especias.<br><strong>Temperatura recomendada de servido<\/strong>: 16\u00b0 a 18 \u00b0C<br><strong>Maridaje<\/strong>: Carnes rojas, pastas, quesos y sobremesas con chocolate semiamargo.<br><br><strong>Precio<\/strong>: Por caja de 6 $2.100 &#8211; Por unidad $400<\/p>\n\n\n\n<div class=\"wp-block-image\"><figure class=\"alignleft size-large is-resized\"><img loading=\"lazy\" decoding=\"async\" src=\"https:\/\/enolife.com.ar\/es\/wp-content\/uploads\/2021\/11\/cabernet-sauvignon-1.jpg\" alt=\"\" class=\"wp-image-48607\" width=\"90\" height=\"339\" srcset=\"https:\/\/enolife.com.ar\/es\/wp-content\/uploads\/2021\/11\/cabernet-sauvignon-1.jpg 179w, https:\/\/enolife.com.ar\/es\/wp-content\/uploads\/2021\/11\/cabernet-sauvignon-1-80x300.jpg 80w\" sizes=\"auto, (max-width: 90px) 100vw, 90px\" \/><\/figure><\/div>\n\n\n\n<p class=\"has-background has-very-light-gray-background-color\"><strong>Cabernet sauvignon 2020<\/strong><br><strong><br>Origen vi\u00f1edo:<\/strong> Uvas provenientes de Jun\u00edn, Mendoza.<br><strong>Altura vi\u00f1edo: <\/strong>690 msnm.<br><strong>Cosecha<\/strong>: Manual.<br><strong>Elaboraci\u00f3n<\/strong>: Cl\u00e1sica.<br><strong>Madera<\/strong>: Roble franc\u00e9s.<br><br><strong>Notas de cata<\/strong><br><strong><br>Color<\/strong>: Intenso con tonos rojo rub\u00ed.<br><strong>Aroma<\/strong>: Frutado con notas de pimienta y suave vainilla aportada por la madera.<br><strong>Boca<\/strong>: Buen cuerpo, concentrado y de taninos amables. Final largo y persistente.<br><strong>Temperatura recomendada de servido: <\/strong>16\u00b0 a 18 \u00b0C<br><strong>Maridaje<\/strong>: Ideal para acompa\u00f1ar pastas con mariscos o salsa de tomates y platos a base de carnes rojas.<br><br><strong>Precio<\/strong>: Por caja de 6 $2.200 &#8211; Por unidad $400<\/p>\n\n\n\n<div style=\"height:20px\" aria-hidden=\"true\" class=\"wp-block-spacer\"><\/div>\n\n\n\n<p class=\"has-medium-font-size\"><strong>Qu\u00e9 es el programa Jun\u00edn Punto Limpio<\/strong><\/p>\n\n\n\n<p>Jun\u00edn Punto Limpio es una planta de recolecci\u00f3n y reciclaje de pl\u00e1sticos para la elaboraci\u00f3n de productos sustentables, como ladrillos, tejas, postes, mangueras, impresi\u00f3n 3D, luminarias led y paneles solares. <\/p>\n\n\n\n<div style=\"height:20px\" aria-hidden=\"true\" class=\"wp-block-spacer\"><\/div>\n\n\n\n<figure class=\"wp-block-gallery aligncenter columns-2 is-cropped wp-block-gallery-1 is-layout-flex wp-block-gallery-is-layout-flex\"><ul class=\"blocks-gallery-grid\"><li class=\"blocks-gallery-item\"><figure><img loading=\"lazy\" decoding=\"async\" width=\"512\" height=\"288\" src=\"https:\/\/enolife.com.ar\/es\/wp-content\/uploads\/2021\/11\/lamparas-led.jpg\" alt=\"\" data-id=\"48696\" class=\"wp-image-48696\" srcset=\"https:\/\/enolife.com.ar\/es\/wp-content\/uploads\/2021\/11\/lamparas-led.jpg 512w, https:\/\/enolife.com.ar\/es\/wp-content\/uploads\/2021\/11\/lamparas-led-300x169.jpg 300w\" sizes=\"auto, (max-width: 512px) 100vw, 512px\" \/><figcaption class=\"blocks-gallery-item__caption\"><strong>L\u00e1mparas led <\/strong><\/figcaption><\/figure><\/li><li class=\"blocks-gallery-item\"><figure><img loading=\"lazy\" decoding=\"async\" width=\"512\" height=\"288\" src=\"https:\/\/enolife.com.ar\/es\/wp-content\/uploads\/2021\/11\/ladrillos.jpg\" alt=\"\" data-id=\"48697\" class=\"wp-image-48697\" srcset=\"https:\/\/enolife.com.ar\/es\/wp-content\/uploads\/2021\/11\/ladrillos.jpg 512w, https:\/\/enolife.com.ar\/es\/wp-content\/uploads\/2021\/11\/ladrillos-300x169.jpg 300w\" sizes=\"auto, (max-width: 512px) 100vw, 512px\" \/><figcaption class=\"blocks-gallery-item__caption\"><strong>Ladrillos<\/strong><\/figcaption><\/figure><\/li><\/ul><\/figure>\n\n\n\n<div style=\"height:20px\" aria-hidden=\"true\" class=\"wp-block-spacer\"><\/div>\n\n\n\n<h4 class=\"has-vivid-red-color has-text-color wp-block-heading\">Desde 2012 al \u00faltimo conteo de este a\u00f1o, la planta Jun\u00edn Punto Limpio ha reciclado 90.030.753 de envases pl\u00e1sticos, a los cuales han convertido en 250.000 ladrillos pet, 3.000 tejas aislantes, 8.000 palos de vi\u00f1a y 1.500 \u00fatiles escolares.<\/h4>\n\n\n\n<div style=\"height:20px\" aria-hidden=\"true\" class=\"wp-block-spacer\"><\/div>\n\n\n\n<p>Para conocer m\u00e1s sobre este proyecto, conversamos con el t\u00e9cnico en impresi\u00f3n <strong>Mat\u00edas Martin (33). <\/strong><\/p>\n\n\n\n<p>\u00ab<em>Jun\u00edn tiene el 97% de superficie cultivada<\/em> -fundamenta Mat\u00edas-, <em>y los cauces de riego se tapan con los envases pl\u00e1sticos; ahora, esas botellas tienen un espacio para reciclaje creado por la Municipalidad local. En un principio, se prensaban y se hac\u00edan juegos did\u00e1cticos para ni\u00f1os, para colocar en las plazas, pero despu\u00e9s, a trav\u00e9s de un proyecto de <strong>Daniel Azcurra<\/strong>, que es el jefe de planta actual, se empez\u00f3 a triturar y hoy se hacen ladrillos para construcc\u00f3n de viviendas que son gratis para los habitantes de la comuna, a cambio de recolectar las botellas de  pl\u00e1stico en contenedores y sumarse al programa Jun\u00edn Punto Limpio\u00bb<\/em>.<\/p>\n\n\n\n<p>\u00ab<em>El proyecto fue creciendo &#8211;<\/em>explica Mat\u00edas-<em> y hoy se reconvierten luces de sodio a led y se abri\u00f3 el \u00e1rea donde yo trabajo, que es la de impresi\u00f3n 3D para innovaci\u00f3n de productos: all\u00ed comenzamos a fabricar pr\u00f3tesis de brazos y piernas sin costo para los vecinos que lo necesitan, luego empezaron a llegar consultas para casos especiales de personas con discapacidad con una enfermedad muy particular, casos espec\u00edficos, que no consegu\u00edan herramientas que los pudieran ayudar a manejarse<\/em>\u00ab.<\/p>\n\n\n\n<div style=\"height:20px\" aria-hidden=\"true\" class=\"wp-block-spacer\"><\/div>\n\n\n\n<div class=\"wp-block-image\"><figure class=\"aligncenter is-resized\"><img loading=\"lazy\" decoding=\"async\" src=\"https:\/\/i2.wp.com\/showgol.com.ar\/wp-content\/uploads\/2021\/10\/EN-LA-PLANTA-DE-RECICLADO-JUNIN-PUNTO-LIMPIO-SE-PRESENTO-UN-TRICICLO-ADAPTADO-PARA-UN-NINO-CON-DISCAPACIDAD-1.jpg?fit=1620%2C1080&amp;ssl=1\" alt=\"JUN\u00cdN PUNTO LIMPIO: Se present\u00f3 en la Planta de Reciclado un triciclo  adaptado para un ni\u00f1o con discapacidad. \u2013 Show Gol\" width=\"566\" height=\"376\"\/><figcaption><em><strong>Triciclo adaptado para ni\u00f1o con discapacidad hecho en la planta de Jun\u00edn Punto Limpio<\/strong><\/em><\/figcaption><\/figure><\/div>\n\n\n\n<div style=\"height:20px\" aria-hidden=\"true\" class=\"wp-block-spacer\"><\/div>\n\n\n\n<p>Seg\u00fan prosigue narrando Mat\u00edas, Mart\u00edn Ferrer lleg\u00f3 a Jun\u00edn Punto Limpio de la mano de la Bodega Santos Lugares, cuyos propietarios le dieron sus vinos para vender, para que tuviese una salida laboral y as\u00ed poder pagar sus estudios.<\/p>\n\n\n\n<p>\u00ab<em>Como esta empresa de vinos tambi\u00e9n es de Jun\u00edn <\/em>-aclara el t\u00e9cnico-<em>, sus propietarios nos pusieron en contacto con \u00e9l, para ver si pod\u00edamos ayudarlo de alguna manera; esto fue hace 15 o 20 d\u00edas, y encaramos este proyecto del brazo, que ahora est\u00e1 en etapa de desarrollo; es algo que en Europa ya existe, pero que es muy caro de importar&#8230; Nosotros lo podemos hacer similar y con componentes locales, eso quiere decir que si el d\u00eda de ma\u00f1ana se rompe algo, en cualquier ferreter\u00eda se pueden conseguir los repuestos, y esto a largo plazo tiene mucho m\u00e1s valor que importarlo<\/em>\u00ab.<\/p>\n\n\n\n<p>\u00ab<em>La mayor parte de los materiales<\/em> -contin\u00faa Mat\u00edas-<em> es pl\u00e1stico en impresi\u00f3n 3 D, otros materiales, la parte el\u00e9ctrica y electr\u00f3nica, hay que comprarla. Programamos todo nosotros y despu\u00e9s se procesa con l\u00e1ser, pero se dise\u00f1a previamente en nuestra \u00e1rea, donde tambi\u00e9n nos acompa\u00f1an un dise\u00f1ador industrial e ingenieros mecatr\u00f3nicos. Tenemos un equipo que desarrolla estos productos&#8230; La clave es hacerlo con los elementos que tenemos en Argentina.<\/em><\/p>\n\n\n\n<p>Finalmente, Mat\u00edas destac\u00f3 que el programa Jun\u00edn Punto Limpio fue creado por el ex intendente de Jun\u00edn <strong>Mario Abed<\/strong> -hoy vice gobernador de Mendoza- y que est\u00e1 apadrinado por el gobierno provincial.<\/p>\n\n\n\n<div style=\"height:32px\" aria-hidden=\"true\" class=\"wp-block-spacer\"><\/div>\n","protected":false},"excerpt":{"rendered":"<p>Con voluntad de acero, lucidez y alegr\u00eda de vivir, Mart\u00edn Ferrer (23) gana su batalla&hellip;<\/p>\n","protected":false},"author":3,"featured_media":48700,"comment_status":"open","ping_status":"open","sticky":false,"template":"","format":"standard","meta":{"footnotes":""},"categories":[4],"tags":[],"class_list":["post-48387","post","type-post","status-publish","format-standard","has-post-thumbnail","hentry","category-protagonistas"],"_links":{"self":[{"href":"https:\/\/enolife.com.ar\/es\/wp-json\/wp\/v2\/posts\/48387","targetHints":{"allow":["GET"]}}],"collection":[{"href":"https:\/\/enolife.com.ar\/es\/wp-json\/wp\/v2\/posts"}],"about":[{"href":"https:\/\/enolife.com.ar\/es\/wp-json\/wp\/v2\/types\/post"}],"author":[{"embeddable":true,"href":"https:\/\/enolife.com.ar\/es\/wp-json\/wp\/v2\/users\/3"}],"replies":[{"embeddable":true,"href":"https:\/\/enolife.com.ar\/es\/wp-json\/wp\/v2\/comments?post=48387"}],"version-history":[{"count":0,"href":"https:\/\/enolife.com.ar\/es\/wp-json\/wp\/v2\/posts\/48387\/revisions"}],"wp:featuredmedia":[{"embeddable":true,"href":"https:\/\/enolife.com.ar\/es\/wp-json\/wp\/v2\/media\/48700"}],"wp:attachment":[{"href":"https:\/\/enolife.com.ar\/es\/wp-json\/wp\/v2\/media?parent=48387"}],"wp:term":[{"taxonomy":"category","embeddable":true,"href":"https:\/\/enolife.com.ar\/es\/wp-json\/wp\/v2\/categories?post=48387"},{"taxonomy":"post_tag","embeddable":true,"href":"https:\/\/enolife.com.ar\/es\/wp-json\/wp\/v2\/tags?post=48387"}],"curies":[{"name":"wp","href":"https:\/\/api.w.org\/{rel}","templated":true}]}}