{"id":48349,"date":"2021-11-11T02:26:59","date_gmt":"2021-11-11T02:26:59","guid":{"rendered":"http:\/\/enolife.com.ar\/es\/?p=48349"},"modified":"2021-11-13T00:01:38","modified_gmt":"2021-11-13T00:01:38","slug":"vinateros-sanjuaninos-en-problemas-por-la-crisis-hidrica-bajo-la-napa-y-cuesta-mas-extraer-agua","status":"publish","type":"post","link":"https:\/\/enolife.com.ar\/es\/vinateros-sanjuaninos-en-problemas-por-la-crisis-hidrica-bajo-la-napa-y-cuesta-mas-extraer-agua\/","title":{"rendered":"Vi\u00f1ateros sanjuaninos en problemas por la crisis h\u00eddrica: baj\u00f3 la napa y cuesta m\u00e1s extraer agua"},"content":{"rendered":"\n<h4 class=\"wp-block-heading\"><em><strong>La segunda provincia productora de vino en Argentina atraviesa una de las peores sequ\u00edas de su historia. La falta de agua para riego superficial y en las napas subterr\u00e1neas obliga a un mayor racionamiento y a costosas inversiones (pozos, riego por goteo) para palear la situaci\u00f3n. Para analizar la situaci\u00f3n y recoger el testimonio de los productores, que temen perjuicios en 15.000 de las 47.000 hect\u00e1reas cultivadas con vi\u00f1as en San Juan, el periodista especializado Claudio Leiva, del Diario de Cuyo, public\u00f3 una nota el 9\/11 que a continuaci\u00f3n reproducimos textualmente.<\/strong><\/em><\/h4>\n\n\n\n<div style=\"height:20px\" aria-hidden=\"true\" class=\"wp-block-spacer\"><\/div>\n\n\n\n\n\n<div style=\"height:41px\" aria-hidden=\"true\" class=\"wp-block-spacer\"><\/div>\n\n\n\n<p>\u00abEl descenso del nivel del agua subterr\u00e1nea, que obliga a los vi\u00f1ateros que tienen pozos a modificar sus perforaciones o a hacer nuevas, se ha sumado como un problema m\u00e1s en medio de la sequ\u00eda que ya viene afectando al sector productivo. Seg\u00fan estimaciones en ese \u00e1mbito, el inconveniente puede llegar a tener efectos negativos en unas <strong>15.000 ha de vi\u00f1edos,<\/strong> casi una tercera parte de lo cultivado, que asciende a unas <strong>47.000 ha.<\/strong><\/p>\n\n\n\n<p>\u00abEn un a\u00f1o en el que <strong>San Juan<\/strong> atraviesa por una severa crisis h\u00eddrica debido a las escasas nevadas registradas en la cordillera durante el invierno pasado, que anticipan un mayor uso de las perforaciones porque son una alternativa para evitar que se sequen los parrales, el nivel del agua en los acu\u00edferos subterr\u00e1neos ha empezado a descender. Eso provoca que muchos pozos queden &#8216;colgados&#8217;, es decir que las bombas no pueden seguir extrayendo agua o el caudal es menor. Las opciones son bajar las bombas a m\u00e1s profundidad, hacer una reperforaci\u00f3n en el mismo lugar o directamente hacer un nuevo pozo. Pero no es f\u00e1cil en estas \u00e9pocas porque las empresas dedicadas a esos trabajos est\u00e1n muy ocupadas y reci\u00e9n est\u00e1n dando turnos para el a\u00f1o pr\u00f3ximo.<\/p>\n\n\n\n<div style=\"height:20px\" aria-hidden=\"true\" class=\"wp-block-spacer\"><\/div>\n\n\n\n<h4 class=\"has-vivid-red-color has-text-color wp-block-heading\">El nivel de agua a empezado a descender en los acu\u00edferos y las bombas de muchos pozos ya no pueden extraer agua. Hay que bajar las bombas, hacer una reperforaci\u00f3n o un nuevo pozo, con el alto costo que ello implica y la complicaci\u00f3n por la alta demanda de estos trabajos.<\/h4>\n\n\n\n<div style=\"height:20px\" aria-hidden=\"true\" class=\"wp-block-spacer\"><\/div>\n\n\n\n<p>\u00ab<strong>Pablo Mart\u00edn<\/strong>, de la Mesa Vit\u00edcola, y con vi\u00f1edos en Caucete, cont\u00f3 que en agosto hizo una medici\u00f3n del nivel del agua en un pozo de su finca y estaba a 20 metros. En los primeros d\u00edas de noviembre repiti\u00f3 la prueba y ahora el agua est\u00e1 a 30 metros. Por eso deber\u00e1 bajar la bomba si quiere obtener agua para regar sus parrales. &#8216;Como est\u00e1 creciendo la demanda de agua el problema se va a agravar&#8217;, dijo el productor.<\/p>\n\n\n\n<p>\u00abHacer un pozo nuevo puede llegar a costar entre 12 a 15 millones de pesos. Y el costo de bajar una bomba puede estar entre los 50.000 y los 100.000 pesos, dependiendo de la dificultad de la operaci\u00f3n y del tiempo que le demanda a la empresa.<\/p>\n\n\n\n<div style=\"height:20px\" aria-hidden=\"true\" class=\"wp-block-spacer\"><\/div>\n\n\n\n<h4 class=\"has-vivid-red-color has-text-color wp-block-heading\">Perforar un pozo nuevo, con su bomba, puede costar entre 12 y 15 millones de pesos. Y bajar el alcance de la bomba, entre 50.000 y 100.000 pesos<\/h4>\n\n\n\n<div style=\"height:20px\" aria-hidden=\"true\" class=\"wp-block-spacer\"><\/div>\n\n\n\n<p>\u00abEn San Juan hay unas 8 empresas dedicadas a la tarea, seg\u00fan dio a conocer <strong>Ubaldino Acosta<\/strong>, titular de la C\u00e1mara de Empresas Perforistas, y dijo que todas est\u00e1n trabajando a pleno.<\/p>\n\n\n\n<p>\u00abEsta es una \u00e9poca particular para los vi\u00f1ateros porque en noviembre los parrales empiezan a demandar m\u00e1s agua porque es la \u00e9poca del &#8216;engorde&#8217; del grano y por eso el requerimiento es mayor.<\/p>\n\n\n\n<div style=\"height:20px\" aria-hidden=\"true\" class=\"wp-block-spacer\"><\/div>\n\n\n\n<blockquote class=\"wp-block-quote is-layout-flow wp-block-quote-is-layout-flow\"><p>\u00abLa napa va a seguir bajando&#8230; Yo ya tengo dos pozos en esas condiciones\u00bb<\/p><cite>Eduardo Garc\u00e9s, titular de la Federaci\u00f3n de Vi\u00f1ateros de San Juan<\/cite><\/blockquote>\n\n\n\n<div style=\"height:20px\" aria-hidden=\"true\" class=\"wp-block-spacer\"><\/div>\n\n\n\n<p>\u00abDesde la Asociaci\u00f3n de Vi\u00f1ateros Independientes, <strong>Juan Jos\u00e9 Ramos<\/strong> sostuvo que en la entidad hay muchos asociados con ese problemas e incluso \u00e9l mismo tiene un pozo que no puede utilizar porque la napa baj\u00f3. &#8216;En 25 de Mayo el nivel del agua ha bajado por lo menos 5 metros&#8217;, dijo el dirigente. Y por eso dijo que desde la asociaci\u00f3n est\u00e1n en campa\u00f1a para que el Departamento de Hidr\u00e1ulica no autorice nuevas perforaciones.<\/p>\n\n\n\n<p><strong>Eduardo Garc\u00e9s, <\/strong>titular de la Federaci\u00f3n de Vi\u00f1ateros, coment\u00f3 que tambi\u00e9n sus asociados tienen el problema y lo han venido planteando. &#8216;Yo tambi\u00e9n tengo dos pozos en esas condiciones&#8217;, sostuvo. Y agreg\u00f3 que &#8216;la napa va a seguir bajando&#8217;.<\/p>\n\n\n\n<div style=\"height:20px\" aria-hidden=\"true\" class=\"wp-block-spacer\"><\/div>\n\n\n\n<p class=\"has-medium-font-size\"><strong>La situaci\u00f3n en las chacras<\/strong><\/p>\n\n\n\n<p>\u00abA causa de la baja que se ha producido en las napas de agua del subsuelo, ya hay estimaciones que indican que hay unas 50 hect\u00e1reas de chacras afectadas en Santa Luc\u00eda y Pocito, el 2,5% del total cultivado en San Juan. A su vez, y tambi\u00e9n por la sequ\u00eda, en la Sociedad de Chacareros calculan que se reducir\u00e1 entre 20 y 30% la siembra que hasta ahora se ven\u00eda ubicando en 2.000 hect\u00e1reas, con lo cual la provincia contar\u00e1 solamente con entre 1.400 a 1.600 hect\u00e1reas de verduras y hortalizas, para la pr\u00f3xima campa\u00f1a.<\/p>\n\n\n\n<p>\u00abLa proyecci\u00f3n de cultivo de los melones en el departamento de Sarmiento es similar: en la Asociaci\u00f3n de Productores de Semillas (Aprosem) estiman una reducci\u00f3n del 25% este a\u00f1o por la falta de agua\u00bb.<\/p>\n\n\n\n<div style=\"height:20px\" aria-hidden=\"true\" class=\"wp-block-spacer\"><\/div>\n\n\n\n<p class=\"has-small-font-size\"><em><strong>Fuente: Claudio Leiva (Diario de Cuyo de San Juan)<\/strong><\/em><\/p>\n\n\n\n<div style=\"height:20px\" aria-hidden=\"true\" class=\"wp-block-spacer\"><\/div>\n","protected":false},"excerpt":{"rendered":"<p>La segunda provincia productora de vino en Argentina atraviesa una de las peores sequ\u00edas de&hellip;<\/p>\n","protected":false},"author":3,"featured_media":48381,"comment_status":"open","ping_status":"open","sticky":false,"template":"","format":"standard","meta":{"footnotes":""},"categories":[14],"tags":[],"class_list":["post-48349","post","type-post","status-publish","format-standard","has-post-thumbnail","hentry","category-news"],"_links":{"self":[{"href":"https:\/\/enolife.com.ar\/es\/wp-json\/wp\/v2\/posts\/48349","targetHints":{"allow":["GET"]}}],"collection":[{"href":"https:\/\/enolife.com.ar\/es\/wp-json\/wp\/v2\/posts"}],"about":[{"href":"https:\/\/enolife.com.ar\/es\/wp-json\/wp\/v2\/types\/post"}],"author":[{"embeddable":true,"href":"https:\/\/enolife.com.ar\/es\/wp-json\/wp\/v2\/users\/3"}],"replies":[{"embeddable":true,"href":"https:\/\/enolife.com.ar\/es\/wp-json\/wp\/v2\/comments?post=48349"}],"version-history":[{"count":0,"href":"https:\/\/enolife.com.ar\/es\/wp-json\/wp\/v2\/posts\/48349\/revisions"}],"wp:featuredmedia":[{"embeddable":true,"href":"https:\/\/enolife.com.ar\/es\/wp-json\/wp\/v2\/media\/48381"}],"wp:attachment":[{"href":"https:\/\/enolife.com.ar\/es\/wp-json\/wp\/v2\/media?parent=48349"}],"wp:term":[{"taxonomy":"category","embeddable":true,"href":"https:\/\/enolife.com.ar\/es\/wp-json\/wp\/v2\/categories?post=48349"},{"taxonomy":"post_tag","embeddable":true,"href":"https:\/\/enolife.com.ar\/es\/wp-json\/wp\/v2\/tags?post=48349"}],"curies":[{"name":"wp","href":"https:\/\/api.w.org\/{rel}","templated":true}]}}