{"id":48264,"date":"2021-11-12T17:33:00","date_gmt":"2021-11-12T17:33:00","guid":{"rendered":"http:\/\/enolife.com.ar\/es\/?p=48264"},"modified":"2021-11-16T00:22:54","modified_gmt":"2021-11-16T00:22:54","slug":"vermu-vinos-de-todo-el-pais-musica-y-foodtrucks-en-la-enoteca-por-la-semana-del-vino-argentino","status":"publish","type":"post","link":"https:\/\/enolife.com.ar\/es\/vermu-vinos-de-todo-el-pais-musica-y-foodtrucks-en-la-enoteca-por-la-semana-del-vino-argentino\/","title":{"rendered":"Verm\u00fa, vinos de todo el pa\u00eds, m\u00fasica y foodtrucks en La Enoteca por la semana del Vino Argentino"},"content":{"rendered":"\n<h4 class=\"wp-block-heading\"><em><strong>El 24\/11 de 2010, un decreto presidencial declar\u00f3 al vino como la Bebida Nacional, reconociendo el valor cultural que tiene el vino y la vitivinicultura, y su rol en la identidad de los argentinos. A partir de entonces, cada a\u00f1o se celebra en esa fecha el D\u00eda del Vino Argentino. Por tal motivo, la Enoteca de Mendoza ofrece diferentes actividades del 23 al 26\/11.<\/strong><\/em><\/h4>\n\n\n\n<div style=\"height:40px\" aria-hidden=\"true\" class=\"wp-block-spacer\"><\/div>\n\n\n\n\n\n<div style=\"height:41px\" aria-hidden=\"true\" class=\"wp-block-spacer\"><\/div>\n\n\n\n<p>Las propuestas que ofrece La Enoteca para festejar la semana del Vino Argentino, Bebida Nacional, son \u00abLa hora del Verm\u00fa\u00bb,&nbsp;\u00abVinos para viajar, m\u00fasica para brindar\u00bb,&nbsp;\u00abLos colores del Vino\u00bb&nbsp;y la&nbsp;\u00abFeria del Vino Argentino\u00bb, todos en forma presencial en Peltier 611 del Parque C\u00edvico de la Capital de Mendoza. A continuaci\u00f3n detallamos cada una de ellas:<\/p>\n\n\n\n<div style=\"height:20px\" aria-hidden=\"true\" class=\"wp-block-spacer\"><\/div>\n\n\n\n<p class=\"has-medium-font-size\"><strong>La hora del verm\u00fa<\/strong><\/p>\n\n\n\n<div class=\"wp-block-image\"><figure class=\"alignleft size-large is-resized\"><img loading=\"lazy\" decoding=\"async\" src=\"https:\/\/enolife.com.ar\/es\/wp-content\/uploads\/2021\/11\/vermu.jpg\" alt=\"\" class=\"wp-image-48488\" width=\"237\" height=\"237\" srcset=\"https:\/\/enolife.com.ar\/es\/wp-content\/uploads\/2021\/11\/vermu.jpg 720w, https:\/\/enolife.com.ar\/es\/wp-content\/uploads\/2021\/11\/vermu-300x300.jpg 300w, https:\/\/enolife.com.ar\/es\/wp-content\/uploads\/2021\/11\/vermu-150x150.jpg 150w, https:\/\/enolife.com.ar\/es\/wp-content\/uploads\/2021\/11\/vermu-585x585.jpg 585w\" sizes=\"auto, (max-width: 237px) 100vw, 237px\" \/><\/figure><\/div>\n\n\n\n<p>El vermouth&nbsp;es uno de los aperitivos m\u00e1s populares&nbsp;elaborado a base de vino. Su renovaci\u00f3n viene de la mano de nuevos mixes entre varietales y bot\u00e1nicos. Este encuentro propone conocer su historia, sus caracter\u00edsticas, la importancia del vino en su elaboraci\u00f3n y las distintas formas de disfrutarlo.<\/p>\n\n\n\n<p>Con la gu\u00eda de la <strong>sommelier Carolina San Mill\u00e1n<\/strong>, se disfrutar\u00e1 de los siguientes verm\u00fa:<\/p>\n\n\n\n<ul class=\"wp-block-list\"><li>Giovannoni Seco blanco a base de vino Torront\u00e9s;<\/li><li>Artesanal C\u00e1rcamo blanco a base de vino Torront\u00e9s;<\/li><li>Rosso La Fuerza a base de vino Bonarda;<\/li><li>\u00danico Reserva tinto a base de vino Cabernet Franc y Chardonnay.<\/li><\/ul>\n\n\n\n<p class=\"has-background has-very-light-gray-background-color\"><strong>Fecha: Martes 23\/11 de 20 a 22 hs<br><\/strong>Precio: $650 y $450 para socios de La Enoteca<br><strong>Entradas&nbsp;<a href=\"https:\/\/elvinonosune.us15.list-manage.com\/track\/click?u=893404577f149ca331e36a99b&amp;id=4a3ab19e51&amp;e=c8feb6be5f\" target=\"_blank\" rel=\"noreferrer noopener\">aqu\u00ed<\/a><\/strong><\/p>\n\n\n\n<div style=\"height:20px\" aria-hidden=\"true\" class=\"wp-block-spacer\"><\/div>\n\n\n\n<p class=\"has-medium-font-size\"><strong>Vinos para viajar, m\u00fasica para brindar <\/strong><\/p>\n\n\n\n<div class=\"wp-block-image\"><figure class=\"alignleft size-large is-resized\"><img loading=\"lazy\" decoding=\"async\" src=\"https:\/\/enolife.com.ar\/es\/wp-content\/uploads\/2021\/11\/musica.jpg\" alt=\"\" class=\"wp-image-48489\" width=\"235\" height=\"235\" srcset=\"https:\/\/enolife.com.ar\/es\/wp-content\/uploads\/2021\/11\/musica.jpg 720w, https:\/\/enolife.com.ar\/es\/wp-content\/uploads\/2021\/11\/musica-300x300.jpg 300w, https:\/\/enolife.com.ar\/es\/wp-content\/uploads\/2021\/11\/musica-150x150.jpg 150w, https:\/\/enolife.com.ar\/es\/wp-content\/uploads\/2021\/11\/musica-585x585.jpg 585w\" sizes=\"auto, (max-width: 235px) 100vw, 235px\" \/><\/figure><\/div>\n\n\n\n<p>El d\u00eda del Vino Argentino Bebida Nacional, desde las 19 hs, La Enoteca invita a descubrir distintas provincias argentinas a trav\u00e9s de sus vinos, donde cada participante podr\u00e1 recorrer el pa\u00eds, copa en mano, a trav\u00e9s de seis degustaciones. <\/p>\n\n\n\n<p>Las bodegas que participan son: Amanecer Andino (Jujuy), Finca Tolomb\u00f3n (Salta), Luna de Cuarzo (Tucum\u00e1n), Perro Guardi\u00e1n (Catamarca), Cooperativa La Riojana (La Rioja), La Baguala (San Juan), Corral de Palos (San Luis), Ex\u00f3tica (C\u00f3rdoba), Los Aromitos (Entre R\u00edos), Del Desierto (La Pampa), Costa y Pampa (Buenos Aires), Malma (Neuqu\u00e9n), Wapisa (R\u00edo Negro) y Otronia (Chubut). Para dar cuenta de un vi\u00f1edo singular en Mendoza, el vino Destino (Malbec elaborado con las uvas del vi\u00f1edo del Aeropuerto El Plumerillo) oficiar\u00e1 de anfitri\u00f3n.<\/p>\n\n\n\n<p>Adem\u00e1s, m\u00fasica en vivo de Esperando el Milagro y propuestas gastron\u00f3micas de foodtrucks.<\/p>\n\n\n\n<p class=\"has-background has-very-light-gray-background-color\"><strong>Fecha: Mi\u00e9rcoles 24\/11 de 19 a 23 hs<br><\/strong>Precio: $800 y $600 para socios de La Enoteca<br><strong>Entradas&nbsp;<a href=\"https:\/\/elvinonosune.us15.list-manage.com\/track\/click?u=893404577f149ca331e36a99b&amp;id=9144066676&amp;e=c8feb6be5f\" target=\"_blank\" rel=\"noreferrer noopener\">aqu\u00ed<\/a>.<\/strong><\/p>\n\n\n\n<div style=\"height:20px\" aria-hidden=\"true\" class=\"wp-block-spacer\"><\/div>\n\n\n\n<p class=\"has-medium-font-size\"><strong>Los colores del vino <\/strong><\/p>\n\n\n\n<div class=\"wp-block-image\"><figure class=\"alignleft size-large is-resized\"><img loading=\"lazy\" decoding=\"async\" src=\"https:\/\/enolife.com.ar\/es\/wp-content\/uploads\/2021\/11\/colores.jpg\" alt=\"\" class=\"wp-image-48490\" width=\"233\" height=\"233\" srcset=\"https:\/\/enolife.com.ar\/es\/wp-content\/uploads\/2021\/11\/colores.jpg 720w, https:\/\/enolife.com.ar\/es\/wp-content\/uploads\/2021\/11\/colores-300x300.jpg 300w, https:\/\/enolife.com.ar\/es\/wp-content\/uploads\/2021\/11\/colores-150x150.jpg 150w, https:\/\/enolife.com.ar\/es\/wp-content\/uploads\/2021\/11\/colores-585x585.jpg 585w\" sizes=\"auto, (max-width: 233px) 100vw, 233px\" \/><\/figure><\/div>\n\n\n\n<p>Una propuesta para profundizar el entrenamiento de los sentidos, este encuentro busca hacer foco en esa primera impresi\u00f3n que provocan los colores del vino: c\u00f3mo describir estas sensaciones, qu\u00e9 informaci\u00f3n brinda el color sobre otros aspectos del vino, entre otros temas. <\/p>\n\n\n\n<p>Con la gu\u00eda de la<strong> sommelier Carolina Caprio<\/strong> se degustar\u00e1n los siguientes vinos:<\/p>\n\n\n\n<ul class=\"wp-block-list\"><li>Buenos Hermanos Torront\u00e9s de Bodega Gim\u00e9nez Riili;<\/li><li>Lucero Corzo Tempranillo Ros\u00e9 de Bodega Familia Lucero Corzo;<\/li><li>Krontiras Cosmic Amber Chardonnay de Bodega Krontiras;<\/li><li>Sinapuro Naranjo Natural Sauvignon Blanc y Semill\u00f3n de Slow Wines;<\/li><li>El Burro Malbec Natural de Bodega Santa Julia;<\/li><li>Weinert Malbec cosecha especial 1994 de Bodegas y Cavas de Weinert<\/li><\/ul>\n\n\n\n<p class=\"has-background has-very-light-gray-background-color\"><strong>Fecha: Jueves 25\/11 de 20 a 22 hs<br><\/strong>Precio: $650 y $450 para socios de La Enoteca<br><strong>Entradas&nbsp;<a href=\"https:\/\/elvinonosune.us15.list-manage.com\/track\/click?u=893404577f149ca331e36a99b&amp;id=5281944856&amp;e=c8feb6be5f\" target=\"_blank\" rel=\"noreferrer noopener\">aqu\u00ed<\/a>.&nbsp;<\/strong><\/p>\n\n\n\n<div style=\"height:20px\" aria-hidden=\"true\" class=\"wp-block-spacer\"><\/div>\n\n\n\n<p class=\"has-medium-font-size\"><strong>Feria del Vino Argentino  <\/strong><\/p>\n\n\n\n<div class=\"wp-block-image\"><figure class=\"alignleft size-large is-resized\"><img loading=\"lazy\" decoding=\"async\" src=\"https:\/\/enolife.com.ar\/es\/wp-content\/uploads\/2021\/11\/feria.jpg\" alt=\"\" class=\"wp-image-48491\" width=\"236\" height=\"236\" srcset=\"https:\/\/enolife.com.ar\/es\/wp-content\/uploads\/2021\/11\/feria.jpg 720w, https:\/\/enolife.com.ar\/es\/wp-content\/uploads\/2021\/11\/feria-300x300.jpg 300w, https:\/\/enolife.com.ar\/es\/wp-content\/uploads\/2021\/11\/feria-150x150.jpg 150w, https:\/\/enolife.com.ar\/es\/wp-content\/uploads\/2021\/11\/feria-585x585.jpg 585w\" sizes=\"auto, (max-width: 236px) 100vw, 236px\" \/><\/figure><\/div>\n\n\n\n<p>El atardecer ser\u00e1 el marco ideal para disfrutar de la Feria del Vino Argentino en La Enoteca. Se degustar\u00e1n los vinos premiados del concurso VINUS 2021, un concurso Internacional de Vinos y Licores, creado en 2004 para concientizar sobre los beneficios del Vino en la Nutrici\u00f3n y la Salud. Acompa\u00f1ar\u00e1 la velada la m\u00fasica en vivo de La Berraca Guan\u00e1bana.<\/p>\n\n\n\n<p>Con la entrada los participantes acceden a la degustaci\u00f3n de 6 vinos a elecci\u00f3n entre todas las bodegas participantes. Adem\u00e1s, estar\u00e1n presentes diferentes food trucks para encontrar el maridaje ideal.<\/p>\n\n\n\n<p class=\"has-background has-very-light-gray-background-color\"><strong>Fecha: Viernes  26\/11 de 20 a 23 hs<br><\/strong>Precio: $800 y $600 para socios de La Enoteca<br><strong>Entradas&nbsp;<a href=\"https:\/\/elvinonosune.us15.list-manage.com\/track\/click?u=893404577f149ca331e36a99b&amp;id=2f67d176b4&amp;e=c8feb6be5f\" target=\"_blank\" rel=\"noreferrer noopener\">aqu\u00ed<\/a>.<\/strong><\/p>\n\n\n\n<div style=\"height:65px\" aria-hidden=\"true\" class=\"wp-block-spacer\"><\/div>\n","protected":false},"excerpt":{"rendered":"<p>El 24\/11 de 2010, un decreto presidencial declar\u00f3 al vino como la Bebida Nacional, reconociendo&hellip;<\/p>\n","protected":false},"author":3,"featured_media":48500,"comment_status":"open","ping_status":"open","sticky":false,"template":"","format":"standard","meta":{"footnotes":""},"categories":[47],"tags":[],"class_list":["post-48264","post","type-post","status-publish","format-standard","has-post-thumbnail","hentry","category-agenda"],"_links":{"self":[{"href":"https:\/\/enolife.com.ar\/es\/wp-json\/wp\/v2\/posts\/48264","targetHints":{"allow":["GET"]}}],"collection":[{"href":"https:\/\/enolife.com.ar\/es\/wp-json\/wp\/v2\/posts"}],"about":[{"href":"https:\/\/enolife.com.ar\/es\/wp-json\/wp\/v2\/types\/post"}],"author":[{"embeddable":true,"href":"https:\/\/enolife.com.ar\/es\/wp-json\/wp\/v2\/users\/3"}],"replies":[{"embeddable":true,"href":"https:\/\/enolife.com.ar\/es\/wp-json\/wp\/v2\/comments?post=48264"}],"version-history":[{"count":0,"href":"https:\/\/enolife.com.ar\/es\/wp-json\/wp\/v2\/posts\/48264\/revisions"}],"wp:featuredmedia":[{"embeddable":true,"href":"https:\/\/enolife.com.ar\/es\/wp-json\/wp\/v2\/media\/48500"}],"wp:attachment":[{"href":"https:\/\/enolife.com.ar\/es\/wp-json\/wp\/v2\/media?parent=48264"}],"wp:term":[{"taxonomy":"category","embeddable":true,"href":"https:\/\/enolife.com.ar\/es\/wp-json\/wp\/v2\/categories?post=48264"},{"taxonomy":"post_tag","embeddable":true,"href":"https:\/\/enolife.com.ar\/es\/wp-json\/wp\/v2\/tags?post=48264"}],"curies":[{"name":"wp","href":"https:\/\/api.w.org\/{rel}","templated":true}]}}