{"id":4822,"date":"2019-11-09T14:16:17","date_gmt":"2019-11-09T14:16:17","guid":{"rendered":"http:\/\/enolife.com.ar\/es\/?p=4822"},"modified":"2019-11-12T14:41:51","modified_gmt":"2019-11-12T14:41:51","slug":"proponen-declarar-la-fiesta-de-la-vendimia-de-mendoza-de-interes-turistico-y-cultural-para-todo-el-mercosur","status":"publish","type":"post","link":"https:\/\/enolife.com.ar\/es\/proponen-declarar-la-fiesta-de-la-vendimia-de-mendoza-de-interes-turistico-y-cultural-para-todo-el-mercosur\/","title":{"rendered":"Proponen declarar la Fiesta de la Vendimia de Mendoza de inter\u00e9s tur\u00edstico y cultural para todo el Mercosur"},"content":{"rendered":"\n<h4 class=\"wp-block-heading\"><em><strong>El parlamentario mendocino del bloque regional, Gabriel Fidel, present\u00f3 un proyecto para que la m\u00e1xima fiesta del vino de nuestra provincia refuerce su relieve continental con un reconocimiento sudamericano.<\/strong><\/em><\/h4>\n\n\n\n<div style=\"height:32px\" aria-hidden=\"true\" class=\"wp-block-spacer\"><\/div>\n\n\n\n<p>\u00abSin dudas la Fiesta Nacional de la Vendimia es el principal orgullo de los mendocinos y mendocinas y en \u00e9poca de cosecha transforma a Mendoza en un lugar diferente, que quien lo vive no olvida nunca jam\u00e1s por las emociones que se viven en esos d\u00edas\u00bb, coment\u00f3 Gabriel Fidel tras la presentaci\u00f3n del proyecto.<\/p>\n\n\n\n<div style=\"height:20px\" aria-hidden=\"true\" class=\"wp-block-spacer\"><\/div>\n\n\n\n<p><strong>Promoci\u00f3n \u00abFiesta de la Vendimia 2019\u00bb<\/strong><\/p>\n\n\n\n<figure><iframe loading=\"lazy\" width=\"850\" height=\"315\" src=\"https:\/\/www.youtube.com\/embed\/vXLKIqkwKIE\" allowfullscreen=\"\"><\/iframe><\/figure>\n\n\n\n<div style=\"height:46px\" aria-hidden=\"true\" class=\"wp-block-spacer\"><\/div>\n\n\n\n<p>El docente, economista y referente en temas de enoturismo agreg\u00f3 que \u00abla Vendimia no es s\u00f3lo una fiesta, es mucho m\u00e1s que eso. Adem\u00e1s del festejo central, \u00fanico, vivo, original y con una gran inversi\u00f3n, son casi dos meses de festejos donde cada Departamento de la provincia organiza su fiesta, con innumerables festivales, degustaciones y muchos atractivos m\u00e1s\u00bb. Adem\u00e1s, remarc\u00f3 Fidel, &nbsp;\u00ablo original y especial de la Fiesta es que aunque recibe miles y miles de turistas, su existencia no depende de ellos, porque su car\u00e1cter original y \u00fanico son tan propias y tan parte de la cultura de Mendoza, que su raz\u00f3n de ser son los mendocinos, lo cual le otorga genuinidad e identidad\u00bb.<\/p>\n\n\n\n<div style=\"height:20px\" aria-hidden=\"true\" class=\"wp-block-spacer\"><\/div>\n\n\n\n<div class=\"wp-block-image\"><figure class=\"alignleft is-resized\"><img loading=\"lazy\" decoding=\"async\" src=\"http:\/\/www.unidiversidad.com.ar\/cache_2\/gabrielfidel_473_945_c.jpg\" alt=\"Resultado de imagen para gabriel fidel parlamentario\" width=\"399\" height=\"200\"\/><figcaption><strong><em>Gabriel Fidel<\/em><\/strong><\/figcaption><\/figure><\/div>\n\n\n\n<p>Fidel cont\u00f3: \u00abPor eso es que he solicitado al Parlamento que el Mercosur la declare de inter\u00e9s de la regi\u00f3n, porque es un orgullo no s\u00f3lo de Mendoza sino de toda la regi\u00f3n y es una de la expresiones del turismo del vino por excelencia m\u00e1s importantes de la vitivinicultura mundial y una de las fiestas populares m\u00e1s importantes de Am\u00e9rica Latina\u00bb<\/p>\n\n\n\n<div style=\"height:100px\" aria-hidden=\"true\" class=\"wp-block-spacer\"><\/div>\n\n\n\n<p class=\"has-text-color has-background has-very-light-gray-color has-vivid-red-background-color\">Para ver el texto del \u00abProyecto de declaraci\u00f3n de inter\u00e9s del Mercosur de la Fiesta Nacional de la Vendimia de Mendoza\u00bb:<br><br><a href=\"https:\/\/enolife.com.ar\/es\/wp-content\/uploads\/2019\/11\/Proyecto-de-Declaracion-de-intere\u0301s-Fiesta-de-la-Vendimia-2.pdf\">https:\/\/enolife.com.ar\/es\/wp-content\/uploads\/2019\/11\/Proyecto-de-Declaracion-de-intere\u0301s-Fiesta-de-la-Vendimia-2.pdf<\/a><\/p>\n\n\n\n<div style=\"height:20px\" aria-hidden=\"true\" class=\"wp-block-spacer\"><\/div>\n\n\n\n<p>\u00abAdem\u00e1s buscamos el reconocimiento de nuestra Fiesta de la Vendimia porque contribuy\u00f3 a promover el turismo del vino en Mendoza -remarc\u00f3 Fidel-, y a desarrollar el turismo como una de las actividades econ\u00f3micas econ\u00f3micas m\u00e1s importantes de la Provincia y uno de los motores de la generaci\u00f3n de desarrollo y empleo. Gracias a la Fiesta hay un n\u00famero creciente de personas motivadas a recorrer los caminos del vino, y las vivencias de la fiesta promueven todo lo relacionado con el vino\u00bb.<\/p>\n\n\n\n<div style=\"height:33px\" aria-hidden=\"true\" class=\"wp-block-spacer\"><\/div>\n\n\n\n<p class=\"has-background has-light-green-cyan-background-color\"><strong>La Fiesta Nacional de la Vendimia es la festividad m\u00e1s popular y tradicional de Mendoza, y refleja la celebraci\u00f3n del trabajo de la vid, de la uva transformada en vino a trav\u00e9s del esfuerzo que los vi\u00f1ateros llevan a cabo en las vi\u00f1as cosecha tras cosecha.<\/strong><\/p>\n\n\n\n<div style=\"height:20px\" aria-hidden=\"true\" class=\"wp-block-spacer\"><\/div>\n\n\n\n<p>La primera Fiesta de la Vendimia se realiz\u00f3 en el a\u00f1o 1936 y se celebra anualmente en el Teatro Griego Frank Romero Day del Parque General San Mart\u00edn de la ciudad de Mendoza. En ella participan cientos de bailarines en el escenario, adem\u00e1s de actores y m\u00fasicos locales, combinando espect\u00e1culos art\u00edsticos y de luz y sonido, todo lo cual constituye un espectaculo \u00fanico en en turismo del vino mundial.<\/p>\n\n\n\n<div style=\"height:20px\" aria-hidden=\"true\" class=\"wp-block-spacer\"><\/div>\n\n\n\n<figure><iframe loading=\"lazy\" width=\"850\" height=\"315\" src=\"https:\/\/www.youtube.com\/embed\/OS8CmdsOdPM\" allowfullscreen=\"\"><\/iframe><\/figure>\n\n\n\n<div style=\"height:20px\" aria-hidden=\"true\" class=\"wp-block-spacer\"><\/div>\n\n\n\n<p class=\"has-background has-medium-font-size has-very-light-gray-background-color\"><strong>La segunda Fiesta de la cosecha del mundo, reconocida por Nat Geo<\/strong><\/p>\n\n\n\n<div style=\"height:20px\" aria-hidden=\"true\" class=\"wp-block-spacer\"><\/div>\n\n\n\n<p>En el a\u00f1o 2011, la Publicaci\u00f3n National Geographic reconoci\u00f3 a la Fiesta de la Vendimia como la segunda fiesta de la cosecha m\u00e1s importante del mundo. Su calendario de eventos convoca a\u00f1o a a\u00f1o a cientos de miles de personas entre mendocinos y turistas, es una de las cinco festividades m\u00e1s importantes y populares del planeta. <\/p>\n\n\n\n<p class=\"has-background has-very-light-gray-background-color\"><strong>Ver publicaci\u00f3n:<br><\/strong><a href=\"https:\/\/www.nationalgeographic.com\/travel\/top-10\/harvest-festivals\/\"><strong>https:\/\/www.nationalgeographic.com\/travel\/top-10\/harvest-festivals\/<\/strong><\/a><\/p>\n\n\n\n<div style=\"height:40px\" aria-hidden=\"true\" class=\"wp-block-spacer\"><\/div>\n\n\n\n<p class=\"has-text-color has-background has-very-light-gray-color has-very-dark-gray-background-color\">Otra de las propuestas de Gabriel Fidel es la de crear \u00abCircuitos Tur\u00edsticos Integrados\u00bb en todos los pa\u00edses del Mercosur, para difundir en conjunto paquetes tur\u00edsticos  al resto del mundo.<\/p>\n\n\n\n<figure><iframe loading=\"lazy\" width=\"850\" height=\"315\" src=\"https:\/\/www.youtube.com\/embed\/kXhdbgC_7C8\" allowfullscreen=\"\"><\/iframe><\/figure>\n\n\n\n<div style=\"height:20px\" aria-hidden=\"true\" class=\"wp-block-spacer\"><\/div>\n\n\n\n<p class=\"has-background has-small-font-size has-very-light-gray-background-color\"><strong>Pa\u00edses integrantes del Mercosur: <\/strong><br><br><strong>Estados parte: <\/strong>Argentina, Brasil, Paraguay, Uruguay y Venezuela.<br><strong>Estados asociados:<\/strong> Bolivia, Chile, Colombia, Ecuador, Guyana, Per\u00fa y Surinam.<\/p>\n\n\n\n<div style=\"height:20px\" aria-hidden=\"true\" class=\"wp-block-spacer\"><\/div>\n\n\n\n<p class=\"has-small-font-size\"><em><strong>Fuente: Prensa Gabriel Fidel<\/strong><\/em><\/p>\n","protected":false},"excerpt":{"rendered":"<p>El parlamentario mendocino del bloque regional, Gabriel Fidel, present\u00f3 un proyecto para que la m\u00e1xima&hellip;<\/p>\n","protected":false},"author":3,"featured_media":4866,"comment_status":"open","ping_status":"open","sticky":false,"template":"","format":"standard","meta":{"footnotes":""},"categories":[14],"tags":[],"class_list":["post-4822","post","type-post","status-publish","format-standard","has-post-thumbnail","hentry","category-news"],"_links":{"self":[{"href":"https:\/\/enolife.com.ar\/es\/wp-json\/wp\/v2\/posts\/4822","targetHints":{"allow":["GET"]}}],"collection":[{"href":"https:\/\/enolife.com.ar\/es\/wp-json\/wp\/v2\/posts"}],"about":[{"href":"https:\/\/enolife.com.ar\/es\/wp-json\/wp\/v2\/types\/post"}],"author":[{"embeddable":true,"href":"https:\/\/enolife.com.ar\/es\/wp-json\/wp\/v2\/users\/3"}],"replies":[{"embeddable":true,"href":"https:\/\/enolife.com.ar\/es\/wp-json\/wp\/v2\/comments?post=4822"}],"version-history":[{"count":0,"href":"https:\/\/enolife.com.ar\/es\/wp-json\/wp\/v2\/posts\/4822\/revisions"}],"wp:featuredmedia":[{"embeddable":true,"href":"https:\/\/enolife.com.ar\/es\/wp-json\/wp\/v2\/media\/4866"}],"wp:attachment":[{"href":"https:\/\/enolife.com.ar\/es\/wp-json\/wp\/v2\/media?parent=4822"}],"wp:term":[{"taxonomy":"category","embeddable":true,"href":"https:\/\/enolife.com.ar\/es\/wp-json\/wp\/v2\/categories?post=4822"},{"taxonomy":"post_tag","embeddable":true,"href":"https:\/\/enolife.com.ar\/es\/wp-json\/wp\/v2\/tags?post=4822"}],"curies":[{"name":"wp","href":"https:\/\/api.w.org\/{rel}","templated":true}]}}