{"id":48216,"date":"2021-11-09T22:54:10","date_gmt":"2021-11-09T22:54:10","guid":{"rendered":"http:\/\/enolife.com.ar\/es\/?p=48216"},"modified":"2021-11-12T01:44:06","modified_gmt":"2021-11-12T01:44:06","slug":"arranca-en-san-rafael-el-calendario-de-vendimia-2022-con-la-fiesta-provincial-de-la-flor-de-la-vid","status":"publish","type":"post","link":"https:\/\/enolife.com.ar\/es\/arranca-en-san-rafael-el-calendario-de-vendimia-2022-con-la-fiesta-provincial-de-la-flor-de-la-vid\/","title":{"rendered":"Arranca en San Rafael el calendario de Vendimia 2022 con la Fiesta Provincial de la Flor de la Vid"},"content":{"rendered":"\n<h4 class=\"wp-block-heading\"><em><strong>El s\u00e1bado 20 de noviembre, desde las 20.30 hs en la Bodega Labiano de San Rafael, se realizar\u00e1 la 8va. edici\u00f3n de la Fiesta Provincial de la Flor de la Vid, la primera celebraci\u00f3n del calendario vendimial 2022. Actuar\u00e1 Pedro Aznar con su banda y habr\u00e1 gastronom\u00eda y degustaciones de los buenos vinos mendocinos. La entrada, que incluye todo, cuesta $5.000. Organizan en conjunto el Gobierno de Mendoza; el Ministerio de Cultura y Turismo provincial; la Municipalidad de San Rafael; las c\u00e1maras de Comercio, Industria y Agropecuaria y de Turismo de San Rafael y la Corporaci\u00f3n Vitivin\u00edcola Argentina (Coviar).<\/strong><\/em><\/h4>\n\n\n\n<div style=\"height:20px\" aria-hidden=\"true\" class=\"wp-block-spacer\"><\/div>\n\n\n\n\n\n<div style=\"height:31px\" aria-hidden=\"true\" class=\"wp-block-spacer\"><\/div>\n\n\n\n<p>Se trata de la 8ava. edici\u00f3n de un evento \u00fanico y representativo de la cultura del vino, la gastronom\u00eda regional, la m\u00fasica y el turismo.<\/p>\n\n\n\n<p>La Fiesta contar\u00e1 con la participaci\u00f3n de unas <strong>20 bodegas del oasis Sur<\/strong> de Mendoza, que presentar\u00e1n sus mejores vinos, acompa\u00f1ados de una atractiva propuesta gastron\u00f3mica y un show musical de jerarqu\u00eda, protagonizado por <strong>el ex Ser\u00fa Gir\u00e1n y Pat Metheny Group, Pedro Aznar.<\/strong><\/p>\n\n\n\n<p>La <strong>Fiesta Provincial de la Flor de la Vid<\/strong> es una buena opci\u00f3n para ese fin de semana largo y constituir\u00e1 el \u00abpuntapi\u00e9 inicial\u00bb de los actos de Vendimia Nacional, por lo cual se generan grandes expectativas por parte del p\u00fablico local y de los turistas que con seguridad llevar\u00e1n al departamento para esa fecha.<\/p>\n\n\n\n<div style=\"height:20px\" aria-hidden=\"true\" class=\"wp-block-spacer\"><\/div>\n\n\n\n<div class=\"wp-block-image\"><figure class=\"aligncenter size-large\"><img loading=\"lazy\" decoding=\"async\" width=\"707\" height=\"469\" src=\"https:\/\/enolife.com.ar\/es\/wp-content\/uploads\/2021\/11\/Imagen1-4.jpg\" alt=\"\" class=\"wp-image-48252\" srcset=\"https:\/\/enolife.com.ar\/es\/wp-content\/uploads\/2021\/11\/Imagen1-4.jpg 707w, https:\/\/enolife.com.ar\/es\/wp-content\/uploads\/2021\/11\/Imagen1-4-300x199.jpg 300w, https:\/\/enolife.com.ar\/es\/wp-content\/uploads\/2021\/11\/Imagen1-4-585x388.jpg 585w\" sizes=\"auto, (max-width: 707px) 100vw, 707px\" \/><\/figure><\/div>\n\n\n\n<div style=\"height:20px\" aria-hidden=\"true\" class=\"wp-block-spacer\"><\/div>\n\n\n\n<p>Declarada de inter\u00e9s cultural y tur\u00edstico por el Gobierno de Mendoza, la Legislatura provincial y la Municipalidad de San Rafael, la Fiesta Provincial de la Flor de la Vid se inspira en antiguas y ya t\u00edpicas celebraciones europeas que festejan el inicio de la floraci\u00f3n de los vi\u00f1edos. A&nbsp;trav\u00e9s del tiempo, el festejo se adopt\u00f3 en el Sur de Mendoza de la mano de <strong>Camilo Aldao,<\/strong> creciendo a\u00f1o a a\u00f1o hasta convertirse en una fiesta de gran convocatoria. A lo largo de las ediciones, la Fiesta se ha desarrollado en distintas bodegas, siendo la Bodega Labiano la anfitriona este 2021.<br><br>Este a\u00f1o contar\u00e1 con la actuaci\u00f3n del reconocido cantautor, multiinstrumentista y compositor Pedro Aznar, quien form\u00f3, en 1978, junto a Charly Garc\u00eda, David Leb\u00f3n y Oscar Moro, el grupo Ser\u00fa Gir\u00e1n y es considerado uno de los referentes m\u00e1s importantes de la m\u00fasica argentina.<\/p>\n\n\n\n<p>A la propuesta art\u00edstica se sumar\u00e1 un cierre con el <strong>DJ Juany S\u00e1nchez<\/strong>, momento en el que se podr\u00e1n degustar tragos elaborados con pulpas locales, vinos y espumantes.<br><br>La organizaci\u00f3n est\u00e1 a cargo de la <strong>Mesa de Enoturism<\/strong>o, perteneciente a la C\u00e1mara de Comercio, Industria y Agropecuaria de San Rafael, contando adem\u00e1s con el apoyo del Ministerio de Cultura y Turismo del&nbsp;Gobierno de Mendoza; la Municipalidad de San Rafael; la Corporaci\u00f3n Vitivin\u00edcola Argentina (Coviar) y la C\u00e1mara de Turismo.<br><br>Las entradas estar\u00e1n a la venta en la <strong>C\u00e1mara de Comercio de San Rafael<\/strong> y en la <strong>Vinoteca \u00abLa Fuente del Vino\u00bb<\/strong>, y su valor de <strong>$5.000<\/strong> incluye tanto el show como la gastronom\u00eda y las degustaciones de los vinos de las bodegas.<\/p>\n\n\n\n<div style=\"height:41px\" aria-hidden=\"true\" class=\"wp-block-spacer\"><\/div>\n","protected":false},"excerpt":{"rendered":"<p>El s\u00e1bado 20 de noviembre, desde las 20.30 hs en la Bodega Labiano de San&hellip;<\/p>\n","protected":false},"author":3,"featured_media":48254,"comment_status":"open","ping_status":"open","sticky":false,"template":"","format":"standard","meta":{"footnotes":""},"categories":[14],"tags":[],"class_list":["post-48216","post","type-post","status-publish","format-standard","has-post-thumbnail","hentry","category-news"],"_links":{"self":[{"href":"https:\/\/enolife.com.ar\/es\/wp-json\/wp\/v2\/posts\/48216","targetHints":{"allow":["GET"]}}],"collection":[{"href":"https:\/\/enolife.com.ar\/es\/wp-json\/wp\/v2\/posts"}],"about":[{"href":"https:\/\/enolife.com.ar\/es\/wp-json\/wp\/v2\/types\/post"}],"author":[{"embeddable":true,"href":"https:\/\/enolife.com.ar\/es\/wp-json\/wp\/v2\/users\/3"}],"replies":[{"embeddable":true,"href":"https:\/\/enolife.com.ar\/es\/wp-json\/wp\/v2\/comments?post=48216"}],"version-history":[{"count":0,"href":"https:\/\/enolife.com.ar\/es\/wp-json\/wp\/v2\/posts\/48216\/revisions"}],"wp:featuredmedia":[{"embeddable":true,"href":"https:\/\/enolife.com.ar\/es\/wp-json\/wp\/v2\/media\/48254"}],"wp:attachment":[{"href":"https:\/\/enolife.com.ar\/es\/wp-json\/wp\/v2\/media?parent=48216"}],"wp:term":[{"taxonomy":"category","embeddable":true,"href":"https:\/\/enolife.com.ar\/es\/wp-json\/wp\/v2\/categories?post=48216"},{"taxonomy":"post_tag","embeddable":true,"href":"https:\/\/enolife.com.ar\/es\/wp-json\/wp\/v2\/tags?post=48216"}],"curies":[{"name":"wp","href":"https:\/\/api.w.org\/{rel}","templated":true}]}}