{"id":4814,"date":"2019-11-08T19:21:18","date_gmt":"2019-11-08T19:21:18","guid":{"rendered":"http:\/\/enolife.com.ar\/es\/?p=4814"},"modified":"2019-11-09T19:22:28","modified_gmt":"2019-11-09T19:22:28","slug":"lavalle-y-legisladores-lanzan-un-plan-para-producir-alimentos-saludables-y-generar-mas-trabajo-en-el-campo","status":"publish","type":"post","link":"https:\/\/enolife.com.ar\/es\/lavalle-y-legisladores-lanzan-un-plan-para-producir-alimentos-saludables-y-generar-mas-trabajo-en-el-campo\/","title":{"rendered":"Lavalle y legisladores lanzan un plan para producir alimentos saludables y generar m\u00e1s trabajo en el campo"},"content":{"rendered":"\n<h4 class=\"wp-block-heading\"><em><strong>En la comuna del Norte de Mendoza -una de las \u00e1reas productivas emergentes de mayor impulso en la provincia-, el intendente local Roberto Righi, junto a la senadora Anabel Fern\u00e1ndez Sagasti (UC), inauguraron un Centro educativo sobre temas agr\u00edcolas y promovieron un seminario internacional sobre pol\u00edtica agraria. El objetivo declarado de la iniciativa es \u00abluchar contra el hambre\u00bb y \u00absumar alimentos saludables a la mesa de los argentinos\u00bb. <\/strong><\/em><\/h4>\n\n\n\n<div style=\"height:26px\" aria-hidden=\"true\" class=\"wp-block-spacer\"><\/div>\n\n\n\n<p>La Municipalidad de Lavalle, al norte de la provincia de Mendoza, junto a un grupo de legisladores y dirigentes de Unidad Ciudadana (UC, peronista) inauguraron en ese territorio el Centro de Educaci\u00f3n, Formaci\u00f3n e Investigaci\u00f3n Campesina (Cefic-Tierra). La actividad fue la m\u00e1s reciente acci\u00f3n dentro de un plan cuyo objetivo declarado es \u00abluchar contra el hambre\u00bb y \u00absumar alimentos saludables a la mesa de los argentinos\u00bb, seg\u00fan manifest\u00f3 la senadora nacional por Mendoza Anabel Fern\u00e1ndez Sagasti (UC).<\/p>\n\n\n\n<p>\u00abEl sector productivo puede dar mucho m\u00e1s\u00bb, analiz\u00f3 la senadora del partido triunfante en las \u00faltimas elecciones presidenciales argentinas, que consagraron como pr\u00f3ximo mandatario a Alberto Fern\u00e1ndez. En el contexto nacional, y dentro de una esquema de prioridades establecidas por el presidente electo Fern\u00e1ndez, \u00ab<em>es primordial valorizar lo que pueda aportar el sector productivo organizado y sumar alimentos saludables a la mesa de los argentinos<\/em>\u201d, apunt\u00f3 Fern\u00e1ndez Sagasti.<\/p>\n\n\n\n<div style=\"height:20px\" aria-hidden=\"true\" class=\"wp-block-spacer\"><\/div>\n\n\n\n<div class=\"wp-block-image\"><figure class=\"aligncenter\"><img loading=\"lazy\" decoding=\"async\" width=\"400\" height=\"286\" src=\"https:\/\/enolife.com.ar\/es\/wp-content\/uploads\/2019\/11\/image-21.png\" alt=\"\" class=\"wp-image-4816\" srcset=\"https:\/\/enolife.com.ar\/es\/wp-content\/uploads\/2019\/11\/image-21.png 400w, https:\/\/enolife.com.ar\/es\/wp-content\/uploads\/2019\/11\/image-21-300x215.png 300w\" sizes=\"auto, (max-width: 400px) 100vw, 400px\" \/><\/figure><\/div>\n\n\n\n<div style=\"height:20px\" aria-hidden=\"true\" class=\"wp-block-spacer\"><\/div>\n\n\n\n<p>Como un adelanto del debate legislativo que se presume se producir\u00e1 pronto en el Congreso argentino, Fern\u00e1ndez Sagasti mencion\u00f3 a la diputada nacional electa Marisa Uceda -tambi\u00e9n asistente a la inauguraci\u00f3n- como protagonista para impulsar la sanci\u00f3n de una Ley de G\u00f3ndolas. \u201c<em>Tenemos que ir a fondo para dar esa discusi\u00f3n, y tener m\u00e1s oportunidades para Mendoza<\/em>\u201d, dijo la senadora.<\/p>\n\n\n\n<p>A su turno, el intendente de la comuna anfitriona, Roberto Righi (a punto de comenzar su quinto mandato en Lavalle) dijo que \u00ab<em>es fundamental llegar a que cada producto agr\u00edcola tenga valor agregado para maximizar la rentabilidad de las familias de la provincia y a su vez generar puestos de trabajo para la regi\u00f3n<\/em>\u00ab.<\/p>\n\n\n\n<p>Estuvieron tambi\u00e9n presentes en el acto de apertura del Centro Jorge Galleguillo, director del Centro de Estudios Legales y Sociales (CELS); los legisladores provinciales electos Bruno Ceschin y Laura Chazarreta; Juana Carmona; el ex intendente de Lavalle y Jorge Brizuela, entre otros referentes peronistas. <\/p>\n\n\n\n<div style=\"height:22px\" aria-hidden=\"true\" class=\"wp-block-spacer\"><\/div>\n\n\n\n<p class=\"has-background has-light-green-cyan-background-color\"><strong>\u00bfQu\u00e9 es el Cefic-Tierra?<\/strong><br><br>&#8211; Se trata de un instituto pedag\u00f3gico y de investigaci\u00f3n vinculado a la promoci\u00f3n y defensa de los derechos de los trabajadores del campo y a las cuestiones agroalimentarias. <br>&#8211; Tiene como objetivo la educaci\u00f3n, la formaci\u00f3n pol\u00edtica y la investigaci\u00f3n y buscar\u00e1 articular la mejora en la vida en el campo y la independencia alimentaria. <br>&#8211; Fue declarado Red Asociada al Consejo Latinoamericano de Ciencias Sociales (Clacso).<br>&#8211; El Centro tiene su sede en Calle Correa (sin n\u00famero) intersecci\u00f3n con Ruta 40 KM 3335, Lavalle, Mendoza<\/p>\n\n\n\n<div style=\"height:27px\" aria-hidden=\"true\" class=\"wp-block-spacer\"><\/div>\n\n\n\n<div class=\"wp-block-image\"><figure class=\"alignleft is-resized\"><img loading=\"lazy\" decoding=\"async\" src=\"https:\/\/pbs.twimg.com\/media\/EIJRubNWwAASjhA?format=jpg&amp;name=900x900\" alt=\"Imagen\" width=\"332\" height=\"332\"\/><\/figure><\/div>\n\n\n\n<p class=\"has-medium-font-size\"><strong>Un seminario entre t\u00e9cnico y pol\u00edtico sobre la cuesti\u00f3n agraria<\/strong> <\/p>\n\n\n\n<p>Dentro de este marco de propuestas, hoy 8 de noviembre finaliz\u00f3 el primer Seminario Internacional de Formaci\u00f3n y Pol\u00edtica Agraria, cuyo objetivo fue \u00abreflexionar sobre los desaf\u00edos pedag\u00f3gicos y pol\u00edticos que enfrentan los movimientos populares\u00bb.<\/p>\n\n\n\n<p>En el encuentro, de repercusi\u00f3n internacional, participaron, entre otras personalidades, <strong>Bernardo Mancano Fernandes<\/strong> (Unesp-Brasil), <strong>Gast\u00f3n Chillier<\/strong> (CELS), <strong>Enrique Mart\u00ednez<\/strong> (ex-presidente INTI), <strong>Mar\u00eda \u00c1ngela Parrello<\/strong> (C\u00f3rdoba, Argentina), <strong>Jos\u00e9 Mar\u00eda Tardin<\/strong> (MST, Brasil), <strong>Laura Soto<\/strong> (Mendoza, Argentina), <strong>Gerard<\/strong> (Fundaci\u00f3n Rosa Luxemburgo), <strong>Hern\u00e1n Ovi\u00f1a<\/strong> (Universidad de Buenos Aires, Argentina), y representantes del Movimiento Campesino, la Uni\u00f3n de Trabajadores Rurales Sin Tierra y la Universidad Nacional de Cuyo.<\/p>\n\n\n\n<p>Los interesados en ver el programa de actividades completo desarrollado en el Seminario, pueden dirigirse al site  <a href=\"https:\/\/www.clacso.org\/actividad\/seminario-internacional-de-formacion-y-politica-agraria\/\">https:\/\/www.clacso.org\/actividad\/seminario-internacional-de-formacion-y-politica-agraria\/<\/a>  o solicitar informaciones al e-mail de contacto:   cefic.tierra@gmail.com y al tel\u00e9fono (261) 5411600.<\/p>\n\n\n\n<div style=\"height:20px\" aria-hidden=\"true\" class=\"wp-block-spacer\"><\/div>\n\n\n\n<p class=\"has-small-font-size\"><strong><em>Fuente: Morena Esquivel (Prensa Anabel Fern\u00e1ndez Sagasti)<\/em><\/strong><\/p>\n","protected":false},"excerpt":{"rendered":"<p>En la comuna del Norte de Mendoza -una de las \u00e1reas productivas emergentes de mayor&hellip;<\/p>\n","protected":false},"author":3,"featured_media":4820,"comment_status":"open","ping_status":"open","sticky":false,"template":"","format":"standard","meta":{"footnotes":""},"categories":[14],"tags":[],"class_list":["post-4814","post","type-post","status-publish","format-standard","has-post-thumbnail","hentry","category-news"],"_links":{"self":[{"href":"https:\/\/enolife.com.ar\/es\/wp-json\/wp\/v2\/posts\/4814","targetHints":{"allow":["GET"]}}],"collection":[{"href":"https:\/\/enolife.com.ar\/es\/wp-json\/wp\/v2\/posts"}],"about":[{"href":"https:\/\/enolife.com.ar\/es\/wp-json\/wp\/v2\/types\/post"}],"author":[{"embeddable":true,"href":"https:\/\/enolife.com.ar\/es\/wp-json\/wp\/v2\/users\/3"}],"replies":[{"embeddable":true,"href":"https:\/\/enolife.com.ar\/es\/wp-json\/wp\/v2\/comments?post=4814"}],"version-history":[{"count":0,"href":"https:\/\/enolife.com.ar\/es\/wp-json\/wp\/v2\/posts\/4814\/revisions"}],"wp:featuredmedia":[{"embeddable":true,"href":"https:\/\/enolife.com.ar\/es\/wp-json\/wp\/v2\/media\/4820"}],"wp:attachment":[{"href":"https:\/\/enolife.com.ar\/es\/wp-json\/wp\/v2\/media?parent=4814"}],"wp:term":[{"taxonomy":"category","embeddable":true,"href":"https:\/\/enolife.com.ar\/es\/wp-json\/wp\/v2\/categories?post=4814"},{"taxonomy":"post_tag","embeddable":true,"href":"https:\/\/enolife.com.ar\/es\/wp-json\/wp\/v2\/tags?post=4814"}],"curies":[{"name":"wp","href":"https:\/\/api.w.org\/{rel}","templated":true}]}}