{"id":48001,"date":"2021-11-07T01:02:19","date_gmt":"2021-11-07T01:02:19","guid":{"rendered":"http:\/\/enolife.com.ar\/es\/?p=48001"},"modified":"2021-11-09T16:03:29","modified_gmt":"2021-11-09T16:03:29","slug":"en-2020-argentina-vendio-81-de-vino-a-granel-que-en-2019-y-va-por-mas-en-la-feria-de-amsterdam","status":"publish","type":"post","link":"https:\/\/enolife.com.ar\/es\/en-2020-argentina-vendio-81-de-vino-a-granel-que-en-2019-y-va-por-mas-en-la-feria-de-amsterdam\/","title":{"rendered":"En 2020, Argentina vendi\u00f3 +81% de vino a granel que en 2019 y va por m\u00e1s en la Feria de Amsterdam"},"content":{"rendered":"\n<h4 class=\"wp-block-heading\"><em><strong>Con el apoyo del Consejo Federal de Inversiones (CFI), 14 bodegas exportadoras asociadas a la C\u00e1mara Argentina de Vinos a Granel participar\u00e1n el 22 y el 23 de noviembre de la 13ava. edici\u00f3n de la World Bulk Wine Exhibition (WBWE), la feria de vinos a granel de Amsterdam, Pa\u00edses Bajos, que este a\u00f1o vuelve a organizarse de manera presencial.<\/strong><\/em><\/h4>\n\n\n\n<div style=\"height:20px\" aria-hidden=\"true\" class=\"wp-block-spacer\"><\/div>\n\n\n\n\n\n<div style=\"height:61px\" aria-hidden=\"true\" class=\"wp-block-spacer\"><\/div>\n\n\n\n<p><strong>Durante 2020, Argentina<\/strong> fue el proveedor mundial que m\u00e1s aument\u00f3 el volumen de vino exportado <strong>(+29,7%)<\/strong>, gracias al enorme desarrollo del granel<strong> (+81%)<\/strong>, sobre todo hacia Espa\u00f1a (por unas ventas puntuales realizadas en el primer cuatrimestre) y China. <\/p>\n\n\n\n<p>Por tercer a\u00f1o consecutivo Argentina aument\u00f3 sus ventas en volumen de vino a granel, alcanzando los <strong>160 millones de litros<\/strong>, muy lejos de los menos de 35 millones vendidos en 2017, consecuencia de una cosecha hist\u00f3ricamente baja. <\/p>\n\n\n\n<div style=\"height:31px\" aria-hidden=\"true\" class=\"wp-block-spacer\"><\/div>\n\n\n\n<div class=\"wp-block-image\"><figure class=\"aligncenter size-large is-resized\"><img loading=\"lazy\" decoding=\"async\" src=\"https:\/\/enolife.com.ar\/es\/wp-content\/uploads\/2021\/11\/Imagen1-3-1024x358.jpg\" alt=\"\" class=\"wp-image-48046\" width=\"785\" height=\"274\" srcset=\"https:\/\/enolife.com.ar\/es\/wp-content\/uploads\/2021\/11\/Imagen1-3-1024x358.jpg 1024w, https:\/\/enolife.com.ar\/es\/wp-content\/uploads\/2021\/11\/Imagen1-3-300x105.jpg 300w, https:\/\/enolife.com.ar\/es\/wp-content\/uploads\/2021\/11\/Imagen1-3-768x269.jpg 768w, https:\/\/enolife.com.ar\/es\/wp-content\/uploads\/2021\/11\/Imagen1-3-1170x409.jpg 1170w, https:\/\/enolife.com.ar\/es\/wp-content\/uploads\/2021\/11\/Imagen1-3-585x205.jpg 585w, https:\/\/enolife.com.ar\/es\/wp-content\/uploads\/2021\/11\/Imagen1-3.jpg 1267w\" sizes=\"auto, (max-width: 785px) 100vw, 785px\" \/><\/figure><\/div>\n\n\n\n<div style=\"height:36px\" aria-hidden=\"true\" class=\"wp-block-spacer\"><\/div>\n\n\n\n<p>En valor, su crecimiento fue menor, <strong>+37,4%<\/strong> hasta los 75 millones de d\u00f3lares, debido a que el precio medio que ha ca\u00eddo un 24% hasta los 47 centavos de d\u00f3lar por litro.<\/p>\n\n\n\n<div style=\"height:27px\" aria-hidden=\"true\" class=\"wp-block-spacer\"><\/div>\n\n\n\n<figure class=\"wp-block-gallery aligncenter columns-2 is-cropped wp-block-gallery-1 is-layout-flex wp-block-gallery-is-layout-flex\"><ul class=\"blocks-gallery-grid\"><li class=\"blocks-gallery-item\"><figure><img loading=\"lazy\" decoding=\"async\" width=\"424\" height=\"484\" src=\"https:\/\/enolife.com.ar\/es\/wp-content\/uploads\/2021\/11\/Imagen6-3.jpg\" alt=\"\" data-id=\"48049\" class=\"wp-image-48049\" srcset=\"https:\/\/enolife.com.ar\/es\/wp-content\/uploads\/2021\/11\/Imagen6-3.jpg 424w, https:\/\/enolife.com.ar\/es\/wp-content\/uploads\/2021\/11\/Imagen6-3-263x300.jpg 263w\" sizes=\"auto, (max-width: 424px) 100vw, 424px\" \/><\/figure><\/li><li class=\"blocks-gallery-item\"><figure><img loading=\"lazy\" decoding=\"async\" width=\"377\" height=\"468\" src=\"https:\/\/enolife.com.ar\/es\/wp-content\/uploads\/2021\/11\/Imagen7-2.jpg\" alt=\"\" data-id=\"48050\" class=\"wp-image-48050\" srcset=\"https:\/\/enolife.com.ar\/es\/wp-content\/uploads\/2021\/11\/Imagen7-2.jpg 377w, https:\/\/enolife.com.ar\/es\/wp-content\/uploads\/2021\/11\/Imagen7-2-242x300.jpg 242w\" sizes=\"auto, (max-width: 377px) 100vw, 377px\" \/><\/figure><\/li><\/ul><\/figure>\n\n\n\n<div style=\"height:33px\" aria-hidden=\"true\" class=\"wp-block-spacer\"><\/div>\n\n\n\n<p>De este modo, el granel gan\u00f3 bastante cuota y represent\u00f3 en 2020 el 45,4% del volumen total exportado, aunque s\u00f3lo el 10% de la facturaci\u00f3n.<\/p>\n\n\n\n<p>Con el objetivo de continuar con esa creciente performance de ventas del vino a granel argentino en el mundo, 14 bodegas exhibir\u00e1n sus productos ante compradores internacionales de todo el mundo en Amsterdam, del <strong><em>22 y el 23 de noviembre, durante 13ava. edici\u00f3n de la World Bulk Wine Exhibition (WBWE<\/em><\/strong>).<\/p>\n\n\n\n<p><em>\u00abEl plan de negocios es poder mostrar a los potenciales clientes y los clientes habituales las calidades de nuestros vinos y seguir mostrando la continuidad del negocio. Nosotros hemos participado de las 13 ediciones de esta gran feria y vemos que esta nueva participaci\u00f3n nos ayudar\u00e1 a enfrentar los nuevos desaf\u00edos ante los cambios que se avecinan\u00bb,<\/em> analiz\u00f3 <strong>Jos\u00e9 Bartolucci, presidente de la C\u00e1mara Argentina de vinos a Granel<\/strong>.<\/p>\n\n\n\n<p>En relaci\u00f3n a los mercados que resultan atractivos en este momento, Bartolucci coment\u00f3 que Argentina mira con inter\u00e9s a los mercados de Europa, China, Estados Unidos y Canad\u00e1. <em>\u00abTambi\u00e9n nos interesa descubrir nuevos mercados en Asia donde nuestros vinos tienen gran potencial\u00bb,<\/em> dijo el directivo y productor.<\/p>\n\n\n\n<p>Y si bien este a\u00f1o hubo m\u00e1s atracci\u00f3n por los vinos varietales que por&nbsp; los&nbsp; gen\u00e9ricos, Bartolucci indic\u00f3 que para el pr\u00f3ximo a\u00f1o esperan \u00ab<em>estar competitivos en todos los vinos que tengamos disponibles, seg\u00fan nuestra naturaleza y la macroeconom\u00eda de Argentina\u00bb.<\/em><\/p>\n\n\n\n<div class=\"wp-block-image\"><figure class=\"alignleft size-large is-resized\"><img loading=\"lazy\" decoding=\"async\" src=\"https:\/\/enolife.com.ar\/es\/wp-content\/uploads\/2021\/11\/guiroy.jpg\" alt=\"\" class=\"wp-image-48060\" width=\"155\" height=\"186\" srcset=\"https:\/\/enolife.com.ar\/es\/wp-content\/uploads\/2021\/11\/guiroy.jpg 312w, https:\/\/enolife.com.ar\/es\/wp-content\/uploads\/2021\/11\/guiroy-250x300.jpg 250w\" sizes=\"auto, (max-width: 155px) 100vw, 155px\" \/><figcaption><strong>Alfredo Guiroy<\/strong><\/figcaption><\/figure><\/div>\n\n\n\n<p>Por su parte, <strong>Alfredo Guiroy, <\/strong>director de Lost Valley SA y miembro del directorio de la C\u00e1mara, viajar\u00e1 a la feria. All\u00ed, se\u00f1al\u00f3, <em>\u00abser\u00e1 importante seguir presentes en la agenda de nuestros clientes, pese a que por problemas log\u00edsticos y cierto atraso cambiario, Argentina no tuvo las mismas oportunidades que sus competidores, sobre todo en vinos gen\u00e9ricos\u00bb.<\/em><\/p>\n\n\n\n<p>Guiroy coincidi\u00f3 con Bartolucci en que los mercados m\u00e1s interesantes hoy para el granel de Argentina son Estados Unidos y China.<\/p>\n\n\n\n<div style=\"height:20px\" aria-hidden=\"true\" class=\"wp-block-spacer\"><\/div>\n\n\n\n<p class=\"has-medium-font-size\"><strong>Estados Unidos y Gran Breta\u00f1a, los mercados m\u00e1s buscados para el granel<\/strong><\/p>\n\n\n\n<div class=\"wp-block-image\"><figure class=\"alignleft size-large is-resized\"><img loading=\"lazy\" decoding=\"async\" src=\"https:\/\/enolife.com.ar\/es\/wp-content\/uploads\/2021\/11\/personas_62_307292346a98aec2a45056a5d831f072.jpg\" alt=\"\" class=\"wp-image-48062\" width=\"161\" height=\"192\" srcset=\"https:\/\/enolife.com.ar\/es\/wp-content\/uploads\/2021\/11\/personas_62_307292346a98aec2a45056a5d831f072.jpg 336w, https:\/\/enolife.com.ar\/es\/wp-content\/uploads\/2021\/11\/personas_62_307292346a98aec2a45056a5d831f072-252x300.jpg 252w\" sizes=\"auto, (max-width: 161px) 100vw, 161px\" \/><figcaption><strong>Tomas Baistrocchi<\/strong><\/figcaption><\/figure><\/div>\n\n\n\n<p><strong>Royal Mount SA <\/strong>una de las elaboradoras y exportadoras de vino a granel de Mendoza, tambi\u00e9n estar\u00e1 presente en la feria. Esta empresa cuenta con 250 ha de vi\u00f1edos para elaboraci\u00f3n propia, y adem\u00e1s trabaja con otros 130&nbsp; productores desde hace m\u00e1s de 10 a\u00f1os.<\/p>\n\n\n\n<p>La bodega elabor\u00f3 en esta \u00faltima cosecha 23,5 millones de litros y cerr\u00f3 contratos de exportaci\u00f3n por 17 millones de litros. Su gerente de exportaciones,<strong> Tom\u00e1s Baistrocchi<\/strong>, coment\u00f3 sobre la WBWE que <em>\u00ablas expectativas son muy altas, sobre todo en lo relacionado a reuniones presenciales, despu\u00e9s de casi dos a\u00f1os sin poder estar en contacto directo con nuestros clientes, lo que constituye una gran oportunidad\u201d.<\/em><\/p>\n\n\n\n<p>Interesados en seguir trabajando con Estados Unidos y Gran Breta\u00f1a en cuanto a vinos tintos varietales, Baistrocchi consider\u00f3 que en este momento \u00ab<em>es posible para el vino a granel argentino abrir muchos nichos de mercados en esas direcciones\u00bb<\/em>.<\/p>\n\n\n\n<p>En relaci\u00f3n a c\u00f3mo ve el negocio para 2022, indic\u00f3 que se est\u00e1 notando un fuerte inter\u00e9s en los vinos tintos varietales de calidad media a premium. <em>\u00abCon nuestro caballito de batalla, el malbec, hemos podido ingresar a nuevos mercados y ganar nuevos clientes, para luego ir incorporando otros varietales\u00bb, <\/em>relat\u00f3.<\/p>\n\n\n\n<div class=\"wp-block-image\"><figure class=\"alignleft size-large is-resized\"><img loading=\"lazy\" decoding=\"async\" src=\"https:\/\/enolife.com.ar\/es\/wp-content\/uploads\/2021\/11\/Imagen8-1.jpg\" alt=\"\" class=\"wp-image-48064\" width=\"163\" height=\"163\" srcset=\"https:\/\/enolife.com.ar\/es\/wp-content\/uploads\/2021\/11\/Imagen8-1.jpg 200w, https:\/\/enolife.com.ar\/es\/wp-content\/uploads\/2021\/11\/Imagen8-1-150x150.jpg 150w\" sizes=\"auto, (max-width: 163px) 100vw, 163px\" \/><figcaption><strong>Gerardo Meli<\/strong><\/figcaption><\/figure><\/div>\n\n\n\n<p><strong>Gerardo Meli, <\/strong><em>export manager<\/em> de Bodega H\u00e9ctor Meli<strong> <\/strong>coincidi\u00f3 sobre que \u00ab<em>actualmente estamos con precios m\u00e1s altos de lo normal, pero hay una gran duda sobre el futuro del tipo de cambio, por lo que hoy podemos competir s\u00f3lo en vinos que son muy competitivos en precios o varietales de nicho\u00bb.<\/em><\/p>\n\n\n\n<p>Con expectativa por conocer las necesidades reales del mercado de graneles durante estos nuevos encuentros cara a cara con los compradores, Meli indic\u00f3 que est\u00e1n con inteci\u00f3n de hallar m\u00e1s negocios en Gran Breta\u00f1a, Estados Unidos, Escandinavia y Alemania.<\/p>\n\n\n\n<div style=\"height:20px\" aria-hidden=\"true\" class=\"wp-block-spacer\"><\/div>\n\n\n\n<p class=\"has-medium-font-size\"><strong>Vinos org\u00e1nicos para pa\u00edses Noreste europeo<\/strong><\/p>\n\n\n\n<div class=\"wp-block-image\"><figure class=\"alignleft size-large is-resized\"><img loading=\"lazy\" decoding=\"async\" src=\"https:\/\/enolife.com.ar\/es\/wp-content\/uploads\/2021\/11\/Imagen9.jpg\" alt=\"\" class=\"wp-image-48065\" width=\"145\" height=\"174\" srcset=\"https:\/\/enolife.com.ar\/es\/wp-content\/uploads\/2021\/11\/Imagen9.jpg 334w, https:\/\/enolife.com.ar\/es\/wp-content\/uploads\/2021\/11\/Imagen9-251x300.jpg 251w\" sizes=\"auto, (max-width: 145px) 100vw, 145px\" \/><figcaption><strong>Sebasti\u00e1n Librici<\/strong><\/figcaption><\/figure><\/div>\n\n\n\n<p>Desde Bodega Araujo, de Villa Atuel, San Rafael, su gerente de exportaciones <strong>Sebasti\u00e1n Librici <\/strong>dijo que tiene buenas expectativas en poder colocar sus vinos org\u00e1nicos en la feria de Amsterdam: <em>\u00abNuestra finca en Villa Atuel ya obtuvo certificaci\u00f3n org\u00e1nica y la pr\u00f3xima cosecha estar\u00e1 totalmente certificada. Creemos que esto nos dar\u00e1 competitividad y permitir\u00e1 acercarnos m\u00e1s a nuestros objetivos para internacionalizar nuestra oferta de graneles, que hoy esta mayormente destinada al mercado local\u00bb<\/em>.<\/p>\n\n\n\n<p>Apuntando a incrementar su <em>share<\/em> de exportaci\u00f3n, Bodega Araujo ya est\u00e1 trabajando con Francia y ahora ha puesto la mira en Gran Breta\u00f1a y los pa\u00edses del noreste europeo.<\/p>\n\n\n\n<div style=\"height:20px\" aria-hidden=\"true\" class=\"wp-block-spacer\"><\/div>\n\n\n\n<p class=\"has-medium-font-size\"><strong>Nuevos proyectos en la vidriera internacional<\/strong><\/p>\n\n\n\n<div class=\"wp-block-image\"><figure class=\"alignleft is-resized\"><img loading=\"lazy\" decoding=\"async\" src=\"https:\/\/www.sitioandino.com.ar\/files\/image\/199\/199208\/55a9153cd1454_758_886!.jpg?s=bce9bd58e1fd6f009cf885acc04f6c2e\" alt=\"ADEN capacitar\u00e1 sobre enoturismo - Sitio Andino\" width=\"147\" height=\"171\"\/><figcaption><strong>Lis Clement<\/strong><\/figcaption><\/figure><\/div>\n\n\n\n<p><strong>Carlos Clement y Lis Clement <\/strong>no son nuevos en el mundo del vino, sin embargo est\u00e1n inaugurando su experiencia con los graneles, ya que este a\u00f1o compraron una bodega de 10 millones del litros para realizar elaboraci\u00f3n propia. Lis coment\u00f3 que la de Amsterdam ser\u00e1 su su primera feria. Conocedora de este tipo de eventos por su larga experiencia en Wines of Argentina, Clement expres\u00f3: <em>\u00abVamos con expectativas pero tambi\u00e9n con cautela, sabiendo que tenemos mucho camino por recorrer, y que estamos dando los primeros pasos. Esperamos generar buenos contactos para concretar relaciones comerciales a largo plazo. Nuestro portfolio de vinos es s\u00f3lido y confiamos en que a los compradores les gustar\u00e1 el estilo y la calidad que estamos ofreciendo\u00bb.<\/em><\/p>\n\n\n\n<p>Acerca de sus mercados de inter\u00e9s, Clement coment\u00f3 que est\u00e1n interesados en Europa y Estados Unidos, dado que hist\u00f3ricamente son los que han importado varietales premium.<\/p>\n\n\n\n<p><em>\u00abEl objetivo del proyecto en esta etapa es insertarse en el mercado internacional, porque ya hemos tenido muy buenas experiencias en el mercado local y ahora vemos la necesidad de ampliar la cartera de compradores para diversificar nuestras ventas. Buscamos concretar ventas de malbec y darle valor a otras variedades tintas, como el syrah y el bonarda, entre otras\u00bb, <\/em>destac\u00f3.<\/p>\n\n\n\n<div style=\"height:20px\" aria-hidden=\"true\" class=\"wp-block-spacer\"><\/div>\n\n\n\n<p class=\"has-medium-font-size\"><strong>Exportaciones argentinas de vino a granel por pa\u00eds comprador en 2020<\/strong><\/p>\n\n\n\n<p>En solo un a\u00f1o, <strong>Espa\u00f1a<\/strong>, pa\u00eds productor, ha pasado de apenas tener relevancia entre las exportaciones de vino a granel argentino en 2019, con menos de 3 millones de litros, a situarse en 2020 como su principal destino mundial, con 36,7 millones de litros. Estas ventas tuvieron lugar exclusivamente en el primer cuatrimestre del a\u00f1o. El precio medio de venta a Espa\u00f1a se situ\u00f3 en solo 19 centavos de d\u00f3lar por litro, de ah\u00ed que, en valor, sea el cuarto mercado con algo menos de 7 millones de d\u00f3lares, muy lejos de Gran Breta\u00f1a, el primer destino. <\/p>\n\n\n\n<div style=\"height:20px\" aria-hidden=\"true\" class=\"wp-block-spacer\"><\/div>\n\n\n\n<div class=\"wp-block-image\"><figure class=\"aligncenter size-large\"><img loading=\"lazy\" decoding=\"async\" width=\"773\" height=\"491\" src=\"https:\/\/enolife.com.ar\/es\/wp-content\/uploads\/2021\/11\/Imagen3-2.jpg\" alt=\"\" class=\"wp-image-48054\" srcset=\"https:\/\/enolife.com.ar\/es\/wp-content\/uploads\/2021\/11\/Imagen3-2.jpg 773w, https:\/\/enolife.com.ar\/es\/wp-content\/uploads\/2021\/11\/Imagen3-2-300x191.jpg 300w, https:\/\/enolife.com.ar\/es\/wp-content\/uploads\/2021\/11\/Imagen3-2-768x488.jpg 768w, https:\/\/enolife.com.ar\/es\/wp-content\/uploads\/2021\/11\/Imagen3-2-585x372.jpg 585w\" sizes=\"auto, (max-width: 773px) 100vw, 773px\" \/><\/figure><\/div>\n\n\n\n<div style=\"height:20px\" aria-hidden=\"true\" class=\"wp-block-spacer\"><\/div>\n\n\n\n<p><strong>China <\/strong>contribuy\u00f3 junto a Espa\u00f1a al gran aumento de las ventas de granel argentino en 2020. Cerr\u00f3 el a\u00f1o como segundo destino en volumen con<strong> <\/strong>33 millones de litros (+222%), y tercero en valor con 7,5 millones de d\u00f3lares (+209%), a un precio medio tambi\u00e9n muy bajo, con solo 23 centavos por litro (-3,9%). En un p\u00e9simo a\u00f1o para las importaciones chinas de vino, agravadas por la pandemia (aunque ya ven\u00edan cayendo bastante desde 2018), el pa\u00eds asi\u00e1tico solo aument\u00f3 sus compras de granel a Argentina.<\/p>\n\n\n\n<p>Por otra parte, <strong>Gran Breta\u00f1a<\/strong>, mercado de mucho m\u00e1s valor a\u00f1adido y \u00fanico entre los analizados que super\u00f3 la barrera del d\u00f3lar por litro en precio medio (pese a bajar un 24% hasta los 1,09 USD), lider\u00f3 un a\u00f1o m\u00e1s el valor de las exportaciones de forma muy clara, con 31 millones de d\u00f3lares (+37,7%), seguido de los 10,8 millones de Canad\u00e1 (+22,7%); sin embargo, Renio Unido pas\u00f3 se segundo a cuarto destino en volumen pese a crecer un 81,6% hasta los 28,6 millones de litros, superado por Espa\u00f1a y China.<\/p>\n\n\n\n<p><strong>Canad\u00e1 <\/strong>creci\u00f3 un 44,4% en volumen, hasta los 30,5 millones de litros, y un 22,7% en valor, hasta los 10,8 millones de d\u00f3lares, cerrando el a\u00f1o como tercer y segundo mercado respectivamente, a un precio medio de 36 centavos por litro.<\/p>\n\n\n\n<div style=\"height:20px\" aria-hidden=\"true\" class=\"wp-block-spacer\"><\/div>\n\n\n\n<figure class=\"wp-block-gallery aligncenter columns-2 is-cropped wp-block-gallery-2 is-layout-flex wp-block-gallery-is-layout-flex\"><ul class=\"blocks-gallery-grid\"><li class=\"blocks-gallery-item\"><figure><img loading=\"lazy\" decoding=\"async\" width=\"541\" height=\"372\" src=\"https:\/\/enolife.com.ar\/es\/wp-content\/uploads\/2021\/11\/Imagen4-2.jpg\" alt=\"\" data-id=\"48055\" class=\"wp-image-48055\" srcset=\"https:\/\/enolife.com.ar\/es\/wp-content\/uploads\/2021\/11\/Imagen4-2.jpg 541w, https:\/\/enolife.com.ar\/es\/wp-content\/uploads\/2021\/11\/Imagen4-2-300x206.jpg 300w\" sizes=\"auto, (max-width: 541px) 100vw, 541px\" \/><\/figure><\/li><li class=\"blocks-gallery-item\"><figure><img loading=\"lazy\" decoding=\"async\" width=\"522\" height=\"368\" src=\"https:\/\/enolife.com.ar\/es\/wp-content\/uploads\/2021\/11\/Imagen5-3.jpg\" alt=\"\" data-id=\"48056\" class=\"wp-image-48056\" srcset=\"https:\/\/enolife.com.ar\/es\/wp-content\/uploads\/2021\/11\/Imagen5-3.jpg 522w, https:\/\/enolife.com.ar\/es\/wp-content\/uploads\/2021\/11\/Imagen5-3-300x211.jpg 300w\" sizes=\"auto, (max-width: 522px) 100vw, 522px\" \/><\/figure><\/li><\/ul><\/figure>\n\n\n\n<div style=\"height:20px\" aria-hidden=\"true\" class=\"wp-block-spacer\"><\/div>\n\n\n\n<p>Respecto a otros mercados, se destaca la fuerte ca\u00edda de las ventas a <strong>Estados Unidos,<\/strong> mayor en volumen (- 41%) que en valor (-15,3%) al ser el \u00fanico pa\u00eds analizado que subi\u00f3 de precio (+43,4% hasta los 79 centavos por litro). Crecen a buen ritmo las ventas de granel a Dinamarca, Alemania y Francia, en un gran a\u00f1o tambi\u00e9n para Australia, pa\u00eds productor al que no se export\u00f3 granel en 2019.<\/p>\n\n\n\n<div style=\"height:26px\" aria-hidden=\"true\" class=\"wp-block-spacer\"><\/div>\n\n\n\n<p class=\"has-small-font-size\"><em><strong>Fuentes: C\u00e1mara Argentina de Vinos a Granel y Observatorio Espa\u00f1ol del Mercado del Vino (OEMV)<\/strong><\/em><\/p>\n\n\n\n<div style=\"height:20px\" aria-hidden=\"true\" class=\"wp-block-spacer\"><\/div>\n\n\n\n<p><\/p>\n","protected":false},"excerpt":{"rendered":"<p>Con el apoyo del Consejo Federal de Inversiones (CFI), 14 bodegas exportadoras asociadas a la&hellip;<\/p>\n","protected":false},"author":3,"featured_media":48075,"comment_status":"open","ping_status":"open","sticky":false,"template":"","format":"standard","meta":{"footnotes":""},"categories":[10],"tags":[],"class_list":["post-48001","post","type-post","status-publish","format-standard","has-post-thumbnail","hentry","category-ferias"],"_links":{"self":[{"href":"https:\/\/enolife.com.ar\/es\/wp-json\/wp\/v2\/posts\/48001","targetHints":{"allow":["GET"]}}],"collection":[{"href":"https:\/\/enolife.com.ar\/es\/wp-json\/wp\/v2\/posts"}],"about":[{"href":"https:\/\/enolife.com.ar\/es\/wp-json\/wp\/v2\/types\/post"}],"author":[{"embeddable":true,"href":"https:\/\/enolife.com.ar\/es\/wp-json\/wp\/v2\/users\/3"}],"replies":[{"embeddable":true,"href":"https:\/\/enolife.com.ar\/es\/wp-json\/wp\/v2\/comments?post=48001"}],"version-history":[{"count":0,"href":"https:\/\/enolife.com.ar\/es\/wp-json\/wp\/v2\/posts\/48001\/revisions"}],"wp:featuredmedia":[{"embeddable":true,"href":"https:\/\/enolife.com.ar\/es\/wp-json\/wp\/v2\/media\/48075"}],"wp:attachment":[{"href":"https:\/\/enolife.com.ar\/es\/wp-json\/wp\/v2\/media?parent=48001"}],"wp:term":[{"taxonomy":"category","embeddable":true,"href":"https:\/\/enolife.com.ar\/es\/wp-json\/wp\/v2\/categories?post=48001"},{"taxonomy":"post_tag","embeddable":true,"href":"https:\/\/enolife.com.ar\/es\/wp-json\/wp\/v2\/tags?post=48001"}],"curies":[{"name":"wp","href":"https:\/\/api.w.org\/{rel}","templated":true}]}}