{"id":4797,"date":"2019-11-08T15:15:10","date_gmt":"2019-11-08T15:15:10","guid":{"rendered":"http:\/\/enolife.com.ar\/es\/?p=4797"},"modified":"2022-08-22T13:37:55","modified_gmt":"2022-08-22T13:37:55","slug":"mendoza-se-postulo-y-gano-ser-sede-en-2021-de-la-reunion-de-las-grandes-capitales-del-vino-del-mundo","status":"publish","type":"post","link":"https:\/\/enolife.com.ar\/es\/mendoza-se-postulo-y-gano-ser-sede-en-2021-de-la-reunion-de-las-grandes-capitales-del-vino-del-mundo\/","title":{"rendered":"Mendoza se postul\u00f3 y gan\u00f3  ser sede en 2021 de la reuni\u00f3n de las Grandes Capitales del Vino del Mundo"},"content":{"rendered":"\n<h4 class=\"wp-block-heading\"><em><strong>Cada a\u00f1o, el grupo de las 10 ciudades m\u00e1s importantes del planeta vino se da cita en un lugar distinto. Son 5 d\u00edas de debates sobre todo lo relacionado con la industria vitivin\u00edcola, en particular el enoturismo, los negocios y la comunicaci\u00f3n, con asistentes calificados del globo entero. El evento otorga a la ciudad anfitriona m\u00e1xima visibilidad y fuertes r\u00e9ditos econ\u00f3micos.<\/strong><\/em><\/h4>\n\n\n\n<hr class=\"wp-block-separator\"\/>\n\n\n\n<h4 class=\"wp-block-heading\"><em><strong>Por gesti\u00f3n de la comitiva del gobierno provincial en Burdeos, Francia, encabezada por Alfredo Cornejo y el gobernador electo Rody Su\u00e1rez, nuestra ciudad gan\u00f3 el derecho a recibir a las Great Wine Capitals (GWC) en noviembre de 2021. Mendoza ingres\u00f3 en 2005 a la red y ya fue sede 2 veces de la asamblea general anual, en 2006 y 2014.<\/strong><\/em><\/h4>\n\n\n\n<div style=\"height:39px\" aria-hidden=\"true\" class=\"wp-block-spacer\"><\/div>\n\n\n\n<p>El pasado domingo 3 de noviembre se realiz\u00f3 en Burdeos, Francia, la apertura de la Asamblea Anual de las <strong>Grandes Capitales del Vino<\/strong> (<em>Great Wine Capitals, GWC<\/em>), que cada a\u00f1o se celebra en una ciudad distinta del planeta. <\/p>\n\n\n\n<div style=\"height:20px\" aria-hidden=\"true\" class=\"wp-block-spacer\"><\/div>\n\n\n\n<figure><iframe loading=\"lazy\" width=\"850\" height=\"315\" src=\"https:\/\/www.youtube.com\/embed\/zGkvRyQmJFY\" allowfullscreen=\"\"><\/iframe><\/figure>\n\n\n\n<div style=\"height:20px\" aria-hidden=\"true\" class=\"wp-block-spacer\"><\/div>\n\n\n\n<p>All\u00ed, las m\u00e1ximas autoridades de gobierno de Mendoza entablaron una conversaci\u00f3n con <strong>el presidente de las GWC, Jacques Faurens<\/strong>, y con <strong>la coordinadora de la Red, Catherine Leparmentier<\/strong>, para proponerles que Mendoza sea sede de este encuentro en 2021. La opci\u00f3n fue evaluada por los representantes de las otras 9 ciudades que integran este selecto grupo de cabeceras de regiones vitivin\u00edcolas de todo el mundo y aprobada por la mayor\u00eda.<\/p>\n\n\n\n<p>El gobernador electo, <strong>Rodolfo Su\u00e1rez,<\/strong> quien luego de Francia viaj\u00f3 a China dentro de la gira de promoci\u00f3n estrat\u00e9gica encarada, se\u00f1al\u00f3: \u201c<em>Es una alegr\u00eda enorme enterarnos de que las gestiones que realizamos en Burdeos respecto de que Mendoza sea sede de la asamblea anual de las GWC en 2021 -en 2020 ser\u00e1 Mainz- hayan tenido \u00e9xito. El evento es muy importante porque da visibilidad a nuestra provincia, vamos a tener la atenci\u00f3n del mundo vitivin\u00edcola puesta en Mendoza, esto contribuye a posicionarnos a\u00fan mejor en la industria internacional del vino<\/em>\u201d.<\/p>\n\n\n\n<p>En noviembre de 2021 y durante 5 d\u00edas, se dar\u00e1n cita en Mendoza alrededor de 100 dirigentes, con sus comitivas, de los pa\u00edses donde est\u00e1n las 9 Grandes Capitales del Vino. A ellos hay que sumarles empresarios, operadores tur\u00edsticos, pol\u00edticos y periodistas, por lo que la cifra de visitantes al menos triplicar\u00e1 esa cifra, con el consiguiente r\u00e9dito tur\u00edstico, comunicacional y econ\u00f3mico. Los representantes cumplir\u00e1n con un programa que siempre incluye reuniones de trabajo, las que facilitan el intercambio de experiencias entre los participantes de las 10 ciudades que integran la red. <\/p>\n\n\n\n<p>Habr\u00e1 adem\u00e1s jornadas de capacitaci\u00f3n; reuniones en comisiones de Negocios, Turismo y Comunicaci\u00f3n; visitas t\u00e9cnicas a bodegas y vi\u00f1edos e intercambio con los actores locales.<\/p>\n\n\n\n<p>La red de las GWC est\u00e1 cumpliendo en 2019 veinte a\u00f1os de su creaci\u00f3n. Mendoza ingres\u00f3 en 2005 a este grupo mundial y fue sede en dos oportunidades de la asamblea general anual, en 2006 y 2014.<\/p>\n\n\n\n<div style=\"height:20px\" aria-hidden=\"true\" class=\"wp-block-spacer\"><\/div>\n\n\n\n<p class=\"has-medium-font-size\"><strong>Lazos entre Mendoza y Francia<\/strong><\/p>\n\n\n\n<div style=\"height:20px\" aria-hidden=\"true\" class=\"wp-block-spacer\"><\/div>\n\n\n\n<p>Cabe recordar que en enero de 2018, en el marco de la Feria Internacional de Turismo de Madrid (Fitur), el gobernador Cornejo firm\u00f3 un convenio de colaboraci\u00f3n tur\u00edstica con la regi\u00f3n francesa de Nueva Aquitania, de la cual Burdeos es capital. Una de las acciones acordadas fue la muestra sobre vitivinicultura argentina en la Cit\u00e9 du Vin, que ha estado exhibida desde agosto y se mantendr\u00e1 hasta mediados de noviembre.<\/p>\n\n\n\n<div style=\"height:20px\" aria-hidden=\"true\" class=\"wp-block-spacer\"><\/div>\n\n\n\n<figure class=\"wp-block-image\"><img loading=\"lazy\" decoding=\"async\" width=\"1024\" height=\"624\" src=\"https:\/\/enolife.com.ar\/es\/wp-content\/uploads\/2019\/11\/image-19-1024x624.png\" alt=\"\" class=\"wp-image-4802\" srcset=\"https:\/\/enolife.com.ar\/es\/wp-content\/uploads\/2019\/11\/image-19-1024x624.png 1024w, https:\/\/enolife.com.ar\/es\/wp-content\/uploads\/2019\/11\/image-19-300x183.png 300w, https:\/\/enolife.com.ar\/es\/wp-content\/uploads\/2019\/11\/image-19-768x468.png 768w, https:\/\/enolife.com.ar\/es\/wp-content\/uploads\/2019\/11\/image-19-1170x713.png 1170w, https:\/\/enolife.com.ar\/es\/wp-content\/uploads\/2019\/11\/image-19-585x356.png 585w, https:\/\/enolife.com.ar\/es\/wp-content\/uploads\/2019\/11\/image-19.png 1500w\" sizes=\"auto, (max-width: 1024px) 100vw, 1024px\" \/><figcaption><em><strong>Jacques Faurens,  presidente de las GWC junto a Rodolfo Suarez, gobernador electo de Mendoza<\/strong><\/em><\/figcaption><\/figure>\n\n\n\n<div style=\"height:20px\" aria-hidden=\"true\" class=\"wp-block-spacer\"><\/div>\n\n\n\n<p>El comit\u00e9 ejecutivo de las&nbsp;<em>Great Wine Capitals<\/em>&nbsp;procura que tanto las reuniones anuales como las de medio t\u00e9rmino tengan lugar de la manera m\u00e1s alternada posible entre las ciudades del vino del Viejo y el Nuevo mundo. Esto permite el permanente intercambio de aprendizaje y experiencias que tiene por objetivo final la excelencia en la prestaci\u00f3n de los servicios vinculados al turismo del vino .<\/p>\n\n\n\n<p class=\"has-small-font-size\"><strong>Fuente: Gobierno de Mendoza<\/strong><\/p>\n","protected":false},"excerpt":{"rendered":"<p>Cada a\u00f1o, el grupo de las 10 ciudades m\u00e1s importantes del planeta vino se da&hellip;<\/p>\n","protected":false},"author":3,"featured_media":4812,"comment_status":"open","ping_status":"open","sticky":false,"template":"","format":"standard","meta":{"footnotes":""},"categories":[14],"tags":[],"class_list":["post-4797","post","type-post","status-publish","format-standard","has-post-thumbnail","hentry","category-news"],"_links":{"self":[{"href":"https:\/\/enolife.com.ar\/es\/wp-json\/wp\/v2\/posts\/4797","targetHints":{"allow":["GET"]}}],"collection":[{"href":"https:\/\/enolife.com.ar\/es\/wp-json\/wp\/v2\/posts"}],"about":[{"href":"https:\/\/enolife.com.ar\/es\/wp-json\/wp\/v2\/types\/post"}],"author":[{"embeddable":true,"href":"https:\/\/enolife.com.ar\/es\/wp-json\/wp\/v2\/users\/3"}],"replies":[{"embeddable":true,"href":"https:\/\/enolife.com.ar\/es\/wp-json\/wp\/v2\/comments?post=4797"}],"version-history":[{"count":0,"href":"https:\/\/enolife.com.ar\/es\/wp-json\/wp\/v2\/posts\/4797\/revisions"}],"wp:featuredmedia":[{"embeddable":true,"href":"https:\/\/enolife.com.ar\/es\/wp-json\/wp\/v2\/media\/4812"}],"wp:attachment":[{"href":"https:\/\/enolife.com.ar\/es\/wp-json\/wp\/v2\/media?parent=4797"}],"wp:term":[{"taxonomy":"category","embeddable":true,"href":"https:\/\/enolife.com.ar\/es\/wp-json\/wp\/v2\/categories?post=4797"},{"taxonomy":"post_tag","embeddable":true,"href":"https:\/\/enolife.com.ar\/es\/wp-json\/wp\/v2\/tags?post=4797"}],"curies":[{"name":"wp","href":"https:\/\/api.w.org\/{rel}","templated":true}]}}