{"id":47884,"date":"2021-11-04T14:37:17","date_gmt":"2021-11-04T14:37:17","guid":{"rendered":"http:\/\/enolife.com.ar\/es\/?p=47884"},"modified":"2021-11-05T12:26:28","modified_gmt":"2021-11-05T12:26:28","slug":"vinos-estetica-disenos-y-artesanias-en-la-primera-feria-natural-cero-plastico-de-mendoza","status":"publish","type":"post","link":"https:\/\/enolife.com.ar\/es\/vinos-estetica-disenos-y-artesanias-en-la-primera-feria-natural-cero-plastico-de-mendoza\/","title":{"rendered":"Vinos, est\u00e9tica, dise\u00f1os y artesan\u00edas en la primera Feria Natural \u00abcero pl\u00e1stico\u00bb de Mendoza"},"content":{"rendered":"\n<h4 class=\"wp-block-heading\"><em><strong>Los d\u00edas viernes 5\/11 y 6\/11 pr\u00f3ximos, en la Plazoleta Vergara ubicada en Tiburcio Benegas y Ar\u00edstides Villanueva de la Capital mendocina, se realizar\u00e1 la 5ta. exposici\u00f3n y venta de la Feria Natural de Arte y Dise\u00f1o, un encuentro que ofrece regalos, arte y alimentos a precios razonables y que tiene tambi\u00e9n el objetivo de promover el consumo conciente, reduciendo al m\u00ednimo la utilizaci\u00f3n del pl\u00e1stico, un material contaminante del planeta.<\/strong><\/em><\/h4>\n\n\n\n<div style=\"height:30px\" aria-hidden=\"true\" class=\"wp-block-spacer\"><\/div>\n\n\n\n\n\n<div style=\"height:44px\" aria-hidden=\"true\" class=\"wp-block-spacer\"><\/div>\n\n\n\n<p>La ya cl\u00e1sica exposici\u00f3n y venta de artesan\u00edas y productos naturales, libres de pl\u00e1stico, se viene realizando <strong>desde 2012 en plazas y espacios p\u00fablicos<\/strong> de toda la provincia de <strong>Mendoza<\/strong>. All\u00ed se pueden adquirir piezas \u00fanicas, variados art\u00edculos de dise\u00f1o y regalos a precios accesibles. <\/p>\n\n\n\n<div style=\"height:22px\" aria-hidden=\"true\" class=\"wp-block-spacer\"><\/div>\n\n\n\n<figure class=\"wp-block-gallery columns-2 is-cropped wp-block-gallery-1 is-layout-flex wp-block-gallery-is-layout-flex\"><ul class=\"blocks-gallery-grid\"><li class=\"blocks-gallery-item\"><figure><img loading=\"lazy\" decoding=\"async\" width=\"950\" height=\"634\" src=\"https:\/\/enolife.com.ar\/es\/wp-content\/uploads\/2021\/11\/Imagen5.jpg\" alt=\"\" data-id=\"47898\" class=\"wp-image-47898\" srcset=\"https:\/\/enolife.com.ar\/es\/wp-content\/uploads\/2021\/11\/Imagen5.jpg 950w, https:\/\/enolife.com.ar\/es\/wp-content\/uploads\/2021\/11\/Imagen5-300x200.jpg 300w, https:\/\/enolife.com.ar\/es\/wp-content\/uploads\/2021\/11\/Imagen5-768x513.jpg 768w, https:\/\/enolife.com.ar\/es\/wp-content\/uploads\/2021\/11\/Imagen5-585x390.jpg 585w\" sizes=\"auto, (max-width: 950px) 100vw, 950px\" \/><\/figure><\/li><li class=\"blocks-gallery-item\"><figure><img loading=\"lazy\" decoding=\"async\" width=\"720\" height=\"720\" src=\"https:\/\/enolife.com.ar\/es\/wp-content\/uploads\/2021\/11\/Imagen4.jpg\" alt=\"\" data-id=\"47899\" class=\"wp-image-47899\" srcset=\"https:\/\/enolife.com.ar\/es\/wp-content\/uploads\/2021\/11\/Imagen4.jpg 720w, https:\/\/enolife.com.ar\/es\/wp-content\/uploads\/2021\/11\/Imagen4-300x300.jpg 300w, https:\/\/enolife.com.ar\/es\/wp-content\/uploads\/2021\/11\/Imagen4-150x150.jpg 150w, https:\/\/enolife.com.ar\/es\/wp-content\/uploads\/2021\/11\/Imagen4-585x585.jpg 585w\" sizes=\"auto, (max-width: 720px) 100vw, 720px\" \/><\/figure><\/li><\/ul><\/figure>\n\n\n\n<figure class=\"wp-block-gallery columns-2 is-cropped wp-block-gallery-2 is-layout-flex wp-block-gallery-is-layout-flex\"><ul class=\"blocks-gallery-grid\"><li class=\"blocks-gallery-item\"><figure><img loading=\"lazy\" decoding=\"async\" width=\"1024\" height=\"683\" src=\"https:\/\/enolife.com.ar\/es\/wp-content\/uploads\/2021\/11\/Imagen7-1024x683.jpg\" alt=\"\" data-id=\"47900\" class=\"wp-image-47900\" srcset=\"https:\/\/enolife.com.ar\/es\/wp-content\/uploads\/2021\/11\/Imagen7-1024x683.jpg 1024w, https:\/\/enolife.com.ar\/es\/wp-content\/uploads\/2021\/11\/Imagen7-300x200.jpg 300w, https:\/\/enolife.com.ar\/es\/wp-content\/uploads\/2021\/11\/Imagen7-768x512.jpg 768w, https:\/\/enolife.com.ar\/es\/wp-content\/uploads\/2021\/11\/Imagen7-585x390.jpg 585w, https:\/\/enolife.com.ar\/es\/wp-content\/uploads\/2021\/11\/Imagen7.jpg 1080w\" sizes=\"auto, (max-width: 1024px) 100vw, 1024px\" \/><\/figure><\/li><li class=\"blocks-gallery-item\"><figure><img loading=\"lazy\" decoding=\"async\" width=\"1024\" height=\"683\" src=\"https:\/\/enolife.com.ar\/es\/wp-content\/uploads\/2021\/11\/Imagen6-1024x683.jpg\" alt=\"\" data-id=\"47902\" class=\"wp-image-47902\" srcset=\"https:\/\/enolife.com.ar\/es\/wp-content\/uploads\/2021\/11\/Imagen6-1024x683.jpg 1024w, https:\/\/enolife.com.ar\/es\/wp-content\/uploads\/2021\/11\/Imagen6-300x200.jpg 300w, https:\/\/enolife.com.ar\/es\/wp-content\/uploads\/2021\/11\/Imagen6-768x512.jpg 768w, https:\/\/enolife.com.ar\/es\/wp-content\/uploads\/2021\/11\/Imagen6-585x390.jpg 585w, https:\/\/enolife.com.ar\/es\/wp-content\/uploads\/2021\/11\/Imagen6.jpg 1080w\" sizes=\"auto, (max-width: 1024px) 100vw, 1024px\" \/><\/figure><\/li><\/ul><\/figure>\n\n\n\n<div style=\"height:20px\" aria-hidden=\"true\" class=\"wp-block-spacer\"><\/div>\n\n\n\n<p>La idea de los organizadores &#8211;<strong>Encuentro INDI<\/strong> y <strong>Misi\u00f3n Verde Soluciones Sustentables<\/strong>, con apoyo de la <strong>Municipalidad de Mendoza<\/strong> y el <strong>Ente Mendoza Turismo (Emetur)<\/strong>&#8211; es promover el consumo responsable y poner en valor la tarea de dise\u00f1adores y artesanos.<\/p>\n\n\n\n<p>Con entrada libre y gratuita, apta para todo p\u00fablico y pet friendly, la feria ofrece cuadros, plantas, vinos, alimentos naturales y org\u00e1nicos, indumentaria de dise\u00f1o, fitocosm\u00e9tica, y objetos deco hogar. <\/p>\n\n\n\n<div style=\"height:20px\" aria-hidden=\"true\" class=\"wp-block-spacer\"><\/div>\n\n\n\n<figure class=\"wp-block-gallery columns-2 is-cropped wp-block-gallery-3 is-layout-flex wp-block-gallery-is-layout-flex\"><ul class=\"blocks-gallery-grid\"><li class=\"blocks-gallery-item\"><figure><img loading=\"lazy\" decoding=\"async\" width=\"720\" height=\"720\" src=\"https:\/\/enolife.com.ar\/es\/wp-content\/uploads\/2021\/11\/Imagen3.jpg\" alt=\"\" data-id=\"47896\" class=\"wp-image-47896\" srcset=\"https:\/\/enolife.com.ar\/es\/wp-content\/uploads\/2021\/11\/Imagen3.jpg 720w, https:\/\/enolife.com.ar\/es\/wp-content\/uploads\/2021\/11\/Imagen3-300x300.jpg 300w, https:\/\/enolife.com.ar\/es\/wp-content\/uploads\/2021\/11\/Imagen3-150x150.jpg 150w, https:\/\/enolife.com.ar\/es\/wp-content\/uploads\/2021\/11\/Imagen3-585x585.jpg 585w\" sizes=\"auto, (max-width: 720px) 100vw, 720px\" \/><\/figure><\/li><li class=\"blocks-gallery-item\"><figure><img loading=\"lazy\" decoding=\"async\" width=\"1024\" height=\"576\" src=\"https:\/\/enolife.com.ar\/es\/wp-content\/uploads\/2021\/11\/Imagen2-1024x576.jpg\" alt=\"\" data-id=\"47903\" class=\"wp-image-47903\" srcset=\"https:\/\/enolife.com.ar\/es\/wp-content\/uploads\/2021\/11\/Imagen2-1024x576.jpg 1024w, https:\/\/enolife.com.ar\/es\/wp-content\/uploads\/2021\/11\/Imagen2-300x169.jpg 300w, https:\/\/enolife.com.ar\/es\/wp-content\/uploads\/2021\/11\/Imagen2-768x432.jpg 768w, https:\/\/enolife.com.ar\/es\/wp-content\/uploads\/2021\/11\/Imagen2-1170x658.jpg 1170w, https:\/\/enolife.com.ar\/es\/wp-content\/uploads\/2021\/11\/Imagen2-585x329.jpg 585w, https:\/\/enolife.com.ar\/es\/wp-content\/uploads\/2021\/11\/Imagen2.jpg 1280w\" sizes=\"auto, (max-width: 1024px) 100vw, 1024px\" \/><\/figure><\/li><\/ul><\/figure>\n\n\n\n<div style=\"height:20px\" aria-hidden=\"true\" class=\"wp-block-spacer\"><\/div>\n\n\n\n<p>La <strong>Feria Natural de Arte y Dise\u00f1o<\/strong>, como otras que en estos meses se emplazan al aire libre, ofrece un espacio de encuentro vecinal y para los numerosos turistas que recorren la provincia. A la vez, es una vidriera para los buenos artesanos locales y una oportunidad para adquirir regalos \u00abcon onda\u00bb.<\/p>\n","protected":false},"excerpt":{"rendered":"<p>Los d\u00edas viernes 5\/11 y 6\/11 pr\u00f3ximos, en la Plazoleta Vergara ubicada en Tiburcio Benegas&hellip;<\/p>\n","protected":false},"author":3,"featured_media":47905,"comment_status":"open","ping_status":"open","sticky":false,"template":"","format":"standard","meta":{"footnotes":""},"categories":[47],"tags":[],"class_list":["post-47884","post","type-post","status-publish","format-standard","has-post-thumbnail","hentry","category-agenda"],"_links":{"self":[{"href":"https:\/\/enolife.com.ar\/es\/wp-json\/wp\/v2\/posts\/47884","targetHints":{"allow":["GET"]}}],"collection":[{"href":"https:\/\/enolife.com.ar\/es\/wp-json\/wp\/v2\/posts"}],"about":[{"href":"https:\/\/enolife.com.ar\/es\/wp-json\/wp\/v2\/types\/post"}],"author":[{"embeddable":true,"href":"https:\/\/enolife.com.ar\/es\/wp-json\/wp\/v2\/users\/3"}],"replies":[{"embeddable":true,"href":"https:\/\/enolife.com.ar\/es\/wp-json\/wp\/v2\/comments?post=47884"}],"version-history":[{"count":0,"href":"https:\/\/enolife.com.ar\/es\/wp-json\/wp\/v2\/posts\/47884\/revisions"}],"wp:featuredmedia":[{"embeddable":true,"href":"https:\/\/enolife.com.ar\/es\/wp-json\/wp\/v2\/media\/47905"}],"wp:attachment":[{"href":"https:\/\/enolife.com.ar\/es\/wp-json\/wp\/v2\/media?parent=47884"}],"wp:term":[{"taxonomy":"category","embeddable":true,"href":"https:\/\/enolife.com.ar\/es\/wp-json\/wp\/v2\/categories?post=47884"},{"taxonomy":"post_tag","embeddable":true,"href":"https:\/\/enolife.com.ar\/es\/wp-json\/wp\/v2\/tags?post=47884"}],"curies":[{"name":"wp","href":"https:\/\/api.w.org\/{rel}","templated":true}]}}