{"id":47802,"date":"2021-11-01T19:25:25","date_gmt":"2021-11-01T19:25:25","guid":{"rendered":"http:\/\/enolife.com.ar\/es\/?p=47802"},"modified":"2021-11-05T01:35:38","modified_gmt":"2021-11-05T01:35:38","slug":"catamarca-busca-exportar-via-chile-el-mosto-que-produce-en-su-nueva-planta-de-tinogasta","status":"publish","type":"post","link":"https:\/\/enolife.com.ar\/es\/catamarca-busca-exportar-via-chile-el-mosto-que-produce-en-su-nueva-planta-de-tinogasta\/","title":{"rendered":"Catamarca busca exportar v\u00eda Chile el mosto que produce en su nueva planta de Tinogasta"},"content":{"rendered":"\n<h4 class=\"wp-block-heading\"><em><strong>El&nbsp;Comit\u00e9 de Integraci\u00f3n Atacalar, que integra a la regi\u00f3n de Atacama, Chile, con las provincias argentinas de Catamarca, La Rioja y otros Estados&nbsp;provinciales asociados, se reunir\u00e1 a mediados de noviembre de 2021 en la ciudad de&nbsp;Catamarca&nbsp;para planificar la&nbsp;exportaci\u00f3n de mosto por el Pac\u00edfico,&nbsp;a trav\u00e9s del Corredor Bioce\u00e1nico y el Paso San Francisco hacia el puerto chileno de Caldera, operativo de exportaci\u00f3n que ya se inici\u00f3 a trav\u00e9s del Atl\u00e1ntico por el puerto de Buenos Aires. La idea es canalizar la producci\u00f3n de la megaplanta mostera inaugurada el a\u00f1o pasado en Tinogasta, en el marco del Plan 1.000 del gobierno argentino y la Coviar, que apunta a exportar por valor de U$S 1.000 al a\u00f1o antes de 2023.<\/strong><\/em><\/h4>\n\n\n\n<div style=\"height:20px\" aria-hidden=\"true\" class=\"wp-block-spacer\"><\/div>\n\n\n\n\n\n<div style=\"height:51px\" aria-hidden=\"true\" class=\"wp-block-spacer\"><\/div>\n\n\n\n<p>Seg\u00fan public\u00f3 hoy 1\/11\/21 el diario argentino P\u00e1gina 12, el&nbsp;<strong>Comit\u00e9 de Integraci\u00f3n Atacalar<\/strong> es una instancia de coordinaci\u00f3n binacional que re\u00fane al gobierno regional de&nbsp;<strong>Atacama (Chile)&nbsp;<\/strong>y a los gobiernos provinciales de Catamarca y&nbsp;<strong>La Rioja, m\u00e1s los asociados de Tucum\u00e1n, Santiago del Estero, C\u00f3rdoba y Santa Fe<\/strong>.<\/p>\n\n\n\n<p>\u00abEn este sentido -detalla P\u00e1gina 12-, el fortalecimiento del Comit\u00e9 interregional va en franco crecimiento despu\u00e9s de los efectos restrictivos de la pandemia, que impidieron el avance de las diferentes actividades que se ven\u00edan planteando.&nbsp;<\/p>\n\n\n\n<p>\u00abEl posicionamiento de Catamarca y de diferentes provincias del Norte Grande como productores vitivin\u00edcolas cuenta con el constante apoyo regional. En la provincia en particular se pusieron en marcha diferentes pol\u00edticas, como la implementaci\u00f3n de una mostera en el departamento de&nbsp;<strong>Tinogasta<\/strong>&nbsp;a trav\u00e9s de la empresa Aicat SA. El principal objetivo de la planta procesadora es el de alcanzar niveles hist\u00f3ricos en la producci\u00f3n vitivin\u00edcola.<\/p>\n\n\n\n<div style=\"height:20px\" aria-hidden=\"true\" class=\"wp-block-spacer\"><\/div>\n\n\n\n<p class=\"has-background has-very-light-gray-background-color\"><strong>Ver nota Enolife 27\/2\/21: <a href=\"https:\/\/enolife.com.ar\/es\/catamarca-construyo-una-planta-para-elaborar-55-millones-de-litros-de-mosto-y-exportar-a-asia\/\">Catamarca construy\u00f3 una planta para elaborar 5,5 millones de litros de mosto y exportar a Asia<\/a><\/strong><\/p>\n\n\n\n<div style=\"height:20px\" aria-hidden=\"true\" class=\"wp-block-spacer\"><\/div>\n\n\n\n<p>\u00abSi bien se hab\u00eda anunciado el inicio del proceso exportador a trav\u00e9s del Paso de San Francisco, hasta el momento el proyecto no se pudo concretar.<\/p>\n\n\n\n<p>\u00ab<strong>Juan Longo,<\/strong>&nbsp;uno de los principales vi\u00f1ateros de la provincia de Catamarca, explic\u00f3 que no pudieron iniciar el proceso de exportaci\u00f3n v\u00eda Chile porque <em>&#8216;la pandemia ha dejado poca actividad mar\u00edtima en general con falta de contenedores, si bien venimos exportando por&nbsp;Buenos Aires, ya salieron 10 contenedores a&nbsp;Sud\u00e1frica, tenemos la expectativa de que la pr\u00f3xima partida se pueda hacer por el Paso (San Francisco)&#8230; Esta es una gran oportunidad para Catamarca y todo el norte del pa\u00eds&#8217;.<\/em><\/p>\n\n\n\n<div style=\"height:20px\" aria-hidden=\"true\" class=\"wp-block-spacer\"><\/div>\n\n\n\n<div class=\"wp-block-image\"><figure class=\"aligncenter is-resized\"><img loading=\"lazy\" decoding=\"async\" src=\"https:\/\/enolife.com.ar\/es\/wp-content\/uploads\/2021\/02\/mostera-2-1024x683.jpg\" alt=\"\" width=\"573\" height=\"381\"\/><figcaption><em><strong>Planta mostera en Tinogasta &#8211; Catamarca &#8211; inaugurada el 23\/2\/21<\/strong><\/em><\/figcaption><\/figure><\/div>\n\n\n\n<div style=\"height:20px\" aria-hidden=\"true\" class=\"wp-block-spacer\"><\/div>\n\n\n\n<p>\u00abLongo explic\u00f3 que el trabajo que viene haciendo es poder recuperar el nivel productivo hit\u00f3rico: <em>&#8216;Venimos con fuerte avance productivo, nuestra regi\u00f3n lleg\u00f3 a producir 60 millones de kilos de uva, en este momento estamos rondando los 17 millones, nuestro objetivo es volver a posicionarnos, sumando el proceso de exportaci\u00f3n&#8217;<\/em>.<\/p>\n\n\n\n<p>\u00abA su vez, coment\u00f3 que han logrado un gran avance en estos \u00faltimos a\u00f1os: &#8216;<em>Est\u00e1bamos vendiendo la uva a granel a precios irrisorios, pero se logr\u00f3 implementar la compra a diferentes productores que ya suman 1.200 vi\u00f1ateros tinogaste\u00f1os&#8217;,<\/em> asegur\u00f3.<\/p>\n\n\n\n<div style=\"height:20px\" aria-hidden=\"true\" class=\"wp-block-spacer\"><\/div>\n\n\n\n<div class=\"wp-block-image\"><figure class=\"alignleft size-large is-resized\"><img loading=\"lazy\" decoding=\"async\" src=\"https:\/\/enolife.com.ar\/es\/wp-content\/uploads\/2021\/11\/atacalar1.jpg\" alt=\"\" class=\"wp-image-47814\" width=\"442\" height=\"334\" srcset=\"https:\/\/enolife.com.ar\/es\/wp-content\/uploads\/2021\/11\/atacalar1.jpg 793w, https:\/\/enolife.com.ar\/es\/wp-content\/uploads\/2021\/11\/atacalar1-300x227.jpg 300w, https:\/\/enolife.com.ar\/es\/wp-content\/uploads\/2021\/11\/atacalar1-768x580.jpg 768w, https:\/\/enolife.com.ar\/es\/wp-content\/uploads\/2021\/11\/atacalar1-585x442.jpg 585w\" sizes=\"auto, (max-width: 442px) 100vw, 442px\" \/><\/figure><\/div>\n\n\n\n<p class=\"has-background has-very-light-gray-background-color\"><strong>Qu\u00e9 es el Comit\u00e9 de Integraci\u00f3n Atacalar<\/strong><br><br>El <strong>Comit\u00e9 de Integraci\u00f3n Atacalar<\/strong> es una instancia de coordinaci\u00f3n binacional que re\u00fane al gobierno regional de <strong>Atacama (Chile) <\/strong>y a los gobiernos provinciales de <strong>Catamarca y La Rioja<\/strong>, m\u00e1s los gobiernos provinciales de <strong>Tucum\u00e1n, Santiago del Estero, C\u00f3rdoba, Santa Fe y Entre R\u00edos <\/strong>(Argentina). Es un espacio que, en el marco de la paradiplomacia y los procesos de descentralizaci\u00f3n, promueve la generaci\u00f3n de acuerdos y acciones de cooperaci\u00f3n internacional entre los participantes. Se trata de un total de m\u00e1s de <strong>9 millones de habitantes <\/strong>que integran esta importante macrorregi\u00f3n.<\/p>\n\n\n\n<div style=\"height:20px\" aria-hidden=\"true\" class=\"wp-block-spacer\"><\/div>\n\n\n\n<p>\u00abDesde el <strong>Ministerio de Inversi\u00f3n y Desarrollo de Argentina<\/strong>, que conduce&nbsp;<strong>Aldo Sarquis<\/strong>, confirmaron que est\u00e1 prevista la visita del gobernador de la regi\u00f3n chilena de Atacama,&nbsp;<strong>Miguel Vargas Correa,&nbsp;<\/strong>junto con una comitiva de funcionarios de \u00e1reas vinculadas al comercio internacional y un empresario de origen chino dispuesto a invertir en m\u00e1s obras destinadas al <strong>Paso de San Francisco.<\/strong><\/p>\n\n\n\n<p>\u00abLas actividades se desarrollar\u00e1n entre el 17 y el 19 de noviembre. Cabe aclarar que el comit\u00e9 Atacalar deber\u00e1 definir pronto sus nuevas autoridades, y Catamarca le corresponder\u00eda obtener la presidencia.<\/p>\n\n\n\n<div style=\"height:37px\" aria-hidden=\"true\" class=\"wp-block-spacer\"><\/div>\n\n\n\n<p class=\"has-medium-font-size\"><strong>Objetivo: exportar vino por U$S 1.000 millones en 3 a\u00f1os<\/strong><\/p>\n\n\n\n<p>\u00abA su vez, y en el marco del desarrollo vitivin\u00edcola, la secretaria de Planificaci\u00f3n de Inversiones y Relaciones Internacionales del gobierno argentino,&nbsp;<strong>Tania Sch\u00f6nhals<\/strong>, mantuvo un encuentro virtual con el director de Competitividad Pyme,&nbsp;<strong>Alan Plummer<\/strong>&nbsp;y con el asesor en la agenda de Cooperaci\u00f3n con China,&nbsp;<strong>Santiago Bustelo<\/strong>, ambos funcionarios del Ministerio de Desarrollo Productivo de la Naci\u00f3n.<\/p>\n\n\n\n<p>\u00abEl objetivo es incluir a la provincia de Catamarca en el Plan Nacional 1.000, destinado a fortalecer las capacidades productivas y exportadoras de esta cadena de valor, a trav\u00e9s de distintas herramientas como financiamiento, capacitaci\u00f3n y asistencia t\u00e9cnica\u00bb.<\/p>\n\n\n\n<p>Este Plan 1.000 est\u00e1 desarrollado e impulsado por el gobierno argentino a trav\u00e9s del Ministerio de Agricultura y la Corporaci\u00f3n Vitivin\u00edcola Argentina (Coviar) y apunta a pasar de los U$S 750 millones que Argentina exporta entre vino fraccionado y a granel, a unos U$S 1.000 millones en productos vitivin\u00edcolas antes de diciembre de 2023.<\/p>\n\n\n\n<div style=\"height:20px\" aria-hidden=\"true\" class=\"wp-block-spacer\"><\/div>\n\n\n\n<p class=\"has-small-font-size\"><em><strong>Fuente: P\u00e1gina 12<\/strong><\/em><\/p>\n\n\n\n<p><br><\/p>\n","protected":false},"excerpt":{"rendered":"<p>El&nbsp;Comit\u00e9 de Integraci\u00f3n Atacalar, que integra a la regi\u00f3n de Atacama, Chile, con las provincias&hellip;<\/p>\n","protected":false},"author":3,"featured_media":47821,"comment_status":"open","ping_status":"open","sticky":false,"template":"","format":"standard","meta":{"footnotes":""},"categories":[14],"tags":[],"class_list":["post-47802","post","type-post","status-publish","format-standard","has-post-thumbnail","hentry","category-news"],"_links":{"self":[{"href":"https:\/\/enolife.com.ar\/es\/wp-json\/wp\/v2\/posts\/47802","targetHints":{"allow":["GET"]}}],"collection":[{"href":"https:\/\/enolife.com.ar\/es\/wp-json\/wp\/v2\/posts"}],"about":[{"href":"https:\/\/enolife.com.ar\/es\/wp-json\/wp\/v2\/types\/post"}],"author":[{"embeddable":true,"href":"https:\/\/enolife.com.ar\/es\/wp-json\/wp\/v2\/users\/3"}],"replies":[{"embeddable":true,"href":"https:\/\/enolife.com.ar\/es\/wp-json\/wp\/v2\/comments?post=47802"}],"version-history":[{"count":0,"href":"https:\/\/enolife.com.ar\/es\/wp-json\/wp\/v2\/posts\/47802\/revisions"}],"wp:featuredmedia":[{"embeddable":true,"href":"https:\/\/enolife.com.ar\/es\/wp-json\/wp\/v2\/media\/47821"}],"wp:attachment":[{"href":"https:\/\/enolife.com.ar\/es\/wp-json\/wp\/v2\/media?parent=47802"}],"wp:term":[{"taxonomy":"category","embeddable":true,"href":"https:\/\/enolife.com.ar\/es\/wp-json\/wp\/v2\/categories?post=47802"},{"taxonomy":"post_tag","embeddable":true,"href":"https:\/\/enolife.com.ar\/es\/wp-json\/wp\/v2\/tags?post=47802"}],"curies":[{"name":"wp","href":"https:\/\/api.w.org\/{rel}","templated":true}]}}