{"id":4774,"date":"2019-11-07T16:22:26","date_gmt":"2019-11-07T16:22:26","guid":{"rendered":"http:\/\/enolife.com.ar\/es\/?p=4774"},"modified":"2019-11-12T00:44:49","modified_gmt":"2019-11-12T00:44:49","slug":"sitevinitech-la-feria-mas-importante-de-la-industria-vitivinicola-de-america-latina-se-traslada-en-2020-a-la-nave-cultural","status":"publish","type":"post","link":"https:\/\/enolife.com.ar\/es\/sitevinitech-la-feria-mas-importante-de-la-industria-vitivinicola-de-america-latina-se-traslada-en-2020-a-la-nave-cultural\/","title":{"rendered":"Sitevinitech, la Feria m\u00e1s importante de la industria vitivin\u00edcola  de Am\u00e9rica Latina, se traslada en 2020 a la Nave Cultural"},"content":{"rendered":"\n<h4 class=\"wp-block-heading\"><em><strong>Hoy se present\u00f3 la edici\u00f3n 2020, que tendr\u00e1 lugar los d\u00edas 27, 28 y 29 de mayo pr\u00f3ximo en el predio del Parque Central de la ciudad de Mendoza. Est\u00e1 organizada por una alianza de empresas franco-argentina y posibilita la reuni\u00f3n de todos los proveedores y actores de la industria en un \u00e1mbito para concretar negocios.<\/strong><\/em><\/h4>\n\n\n\n<div style=\"height:38px\" aria-hidden=\"true\" class=\"wp-block-spacer\"><\/div>\n\n\n\n<p>La <strong>Feria Sitevinitech<\/strong>, que se realiza cada dos a\u00f1os en Argentina, y en a\u00f1os intermedios en distintas ciudades del mundo, estrena predio en su edici\u00f3n 2020: se realizar\u00e1 los d\u00edas <strong>27, 28 y 29 de mayo en la Nave Cultural del Parque Central de Mendoza.<\/strong><\/p>\n\n\n\n<p>Hoy se llev\u00f3 a cabo la presentaci\u00f3n oficial en el hotel <strong>Park Hyatt Mendoza<\/strong>. Los espacios donde se montar\u00e1n los stands y exposiciones de las industrias proveedoras de la vitivinicultura <strong>ya est\u00e1n reservados en m\u00e1s de un 50 por ciento<\/strong>. En la puesta en escena de la Feria estuvieron presentes autoridades del Gobierno de Mendoza, de la Municipalidad de la Ciudad de Mendoza,  representantes de entidades de la industria y empresarios del sector. Entre ellos, Mariana Juri, secretaria de Turismo, Cultura y Desarrollo Econ\u00f3mico de la Municipalidad de Mendoza; Lisandro Neri, ministro de Gobierno de la Provincia; \u00c1ngel Vespa, integrante del Directorio de Bodegas de Argentina; Ricardo Gonz\u00e1lez, en\u00f3logo presidente del Consejo Profesional de Graduados de Enolog\u00eda de Mendoza y dirigente de APEAA y Claudia Quini,  coordinadora de Estudios Enol\u00f3gicos y An\u00e1lisis Sensorial del Instituto Nacional de Vitivinicultura.<\/p>\n\n\n\n<p>Organizada por <strong>Expo Eurolatina S.A.<\/strong> y con el aval de <strong>Congresos y Exposiciones de Bordeaux<\/strong> y <strong>Comexposiu<\/strong>m, Sitevinitech constituye el mayor evento de la industria en la regi\u00f3n y la feria m\u00e1s grande de la provincia de Mendoza. <\/p>\n\n\n\n<p>Esta nueva edici\u00f3n se destaca por las novedades que promete. Ser\u00e1 la primera vez que el certamen se desarrolle bajo la direcci\u00f3n de sus nuevos accionistas: la alianza franco-argentina, bajo la <strong>direcci\u00f3n general de Arturo Yaci\u00f3fano<\/strong>. <\/p>\n\n\n\n<div style=\"height:20px\" aria-hidden=\"true\" class=\"wp-block-spacer\"><\/div>\n\n\n\n<div class=\"wp-block-image\"><figure class=\"aligncenter\"><img loading=\"lazy\" decoding=\"async\" width=\"1024\" height=\"881\" src=\"https:\/\/enolife.com.ar\/es\/wp-content\/uploads\/2019\/11\/foto-2-1024x881.jpg\" alt=\"\" class=\"wp-image-4785\" srcset=\"https:\/\/enolife.com.ar\/es\/wp-content\/uploads\/2019\/11\/foto-2-1024x881.jpg 1024w, https:\/\/enolife.com.ar\/es\/wp-content\/uploads\/2019\/11\/foto-2-300x258.jpg 300w, https:\/\/enolife.com.ar\/es\/wp-content\/uploads\/2019\/11\/foto-2-768x660.jpg 768w, https:\/\/enolife.com.ar\/es\/wp-content\/uploads\/2019\/11\/foto-2-1170x1006.jpg 1170w, https:\/\/enolife.com.ar\/es\/wp-content\/uploads\/2019\/11\/foto-2-585x503.jpg 585w\" sizes=\"auto, (max-width: 1024px) 100vw, 1024px\" \/><figcaption><strong><em>Arturo Yaci\u00f3fano durante el evento de presentaci\u00f3n<\/em><\/strong><\/figcaption><\/figure><\/div>\n\n\n\n<div style=\"height:20px\" aria-hidden=\"true\" class=\"wp-block-spacer\"><\/div>\n\n\n\n<p>Otra de las caracter\u00edsticas destacables de esta edici\u00f3n 2020 ser\u00e1 la presentaci\u00f3n de su <strong>renovada imagen corporativa<\/strong>. La misma propone un dise\u00f1o moderno y vers\u00e1til, adaptable a las nuevas tecnolog\u00edas y que plasma la unidad lograda a trav\u00e9s de la fusi\u00f3n de los salones internacionales <strong>Sitevi<\/strong> y <strong>Vinitech<\/strong>, dos encuentros mundialmente reconocidos como l\u00edderes en el sector vitivin\u00edcola.<\/p>\n\n\n\n<div style=\"height:20px\" aria-hidden=\"true\" class=\"wp-block-spacer\"><\/div>\n\n\n\n<p><strong><em>Sitevinitech, resumen edici\u00f3n 2018<\/em><\/strong>:<\/p>\n\n\n\n<figure><iframe loading=\"lazy\" width=\"850\" height=\"315\" src=\"https:\/\/www.youtube.com\/embed\/wFS-LZRu6v4\" allowfullscreen=\"\"><\/iframe><\/figure>\n\n\n\n<div style=\"height:20px\" aria-hidden=\"true\" class=\"wp-block-spacer\"><\/div>\n\n\n\n<p>Como cada a\u00f1o el certamen se destaca, adem\u00e1s, por ofrecer un nutrido apartado de charlas y conferencias con tem\u00e1ticas t\u00e9cnicas. Este es uno de los puntos m\u00e1s atractivos para la comunidad especializada y estudiantil que la visita. <\/p>\n\n\n\n<div style=\"height:35px\" aria-hidden=\"true\" class=\"wp-block-spacer\"><\/div>\n\n\n\n<p class=\"has-text-color has-background has-medium-font-size has-very-light-gray-color has-vivid-red-background-color\"><strong>Vinandino y Malbec al Mundo, dos concursos prestigiosos<\/strong><\/p>\n\n\n\n<div style=\"height:20px\" aria-hidden=\"true\" class=\"wp-block-spacer\"><\/div>\n\n\n\n<p>Otra de las propuestas que ofrece la Expo se centra en el certamen de premiaci\u00f3n de los grandes concursos de Argentina: <strong>Vinandino<\/strong> y <strong>Malbec Al Mundo<\/strong>. Al ser considerada como la feria m\u00e1s grande de la provincia, cuenta con el apoyo del Gobierno mendocino, as\u00ed como tambi\u00e9n de la comuna capitalina, nueva anfitriona del evento.<\/p>\n\n\n\n<p>Tal como lo expresa su director, Arturo Yaci\u00f3fano, <em>\u00abSitevinitech Argentina es una gran oportunidad no s\u00f3lo para la industria vitivin\u00edcola de la provincia y del pa\u00eds, sino para la industria hotelera y de servicios en general\u201d. <\/em><\/p>\n\n\n\n<div style=\"height:20px\" aria-hidden=\"true\" class=\"wp-block-spacer\"><\/div>\n\n\n\n<div class=\"wp-block-image\"><figure class=\"aligncenter\"><img decoding=\"async\" src=\"https:\/\/lh3.googleusercontent.com\/hRNb3Nqer3_dynRFpcuc1JaL6A-zIdQW84iLW79sTY3COo2GsS4Qkpw9kVQor68k1G5QOD7yrFItaVpdRrXmSpItu3fuI28KWQr-oEIdqLQF6X1wVUE2O_St2ItKNxZcEtjpJE2usq0gVzNGEBD-zvc-q3pzYdkVYQBWQv4J9wtmoKqX2el3vr7Xbc-7Ccxs_4BlpkFgmIeKHCjB9hnvJKR_-FkYZNILbi495_QJFpPMZV57QF2ZZyTpb2C2rD4o02Ek8OTTUqsRcANDraISyumaVtjgrkVSqf7UwG-xlj9FtzDwk1CNlgKr259XQR-BPD6PbHTzkQWWSIkY0UMcaVEf-r4sfSseK9_LFl7aThjukDhkCLQ8R1Xsr57C9bsFeG9T4vtt7HeOuGNx6OD-6sXklp8hfQsEqBPS2p9Ynh7PRI4E8B-9JeHW4ed8TgIw8PiqAyoqNDHrCmcDibs5QSkdnyMs3jtjSg2gbvQjyVZEBAIBMDDNTrzEyuA1GJuSOJ7iUcamfMh9bVYBGWKhqEuGQMirD35WZk5TOwqvGWwKjq4z8JaF16pB9rB5_PkxYRPuxHhzduvRFRnN9mGRZCbzgmY8pE2PxzvsPsfOKh6TJl0Jj-w3si_dksY2ZVMSdPV-ItKB9Yz66eNofGpMzOfdoeBqjWcJtn8Qhbv_NH6BoOp-dYqcQSXmcONGHZ-xIc5JBXjG6petbdNYckv3lRC9rGv5zd8OoSIby2FHqOmP88y7nw=w437-h328-no\" alt=\"\"\/><figcaption><em><strong>Equipo Sitevinitech 2020<\/strong><\/em><\/figcaption><\/figure><\/div>\n\n\n\n<div style=\"height:23px\" aria-hidden=\"true\" class=\"wp-block-spacer\"><\/div>\n\n\n\n<p>As\u00ed, este evento se presenta como un momento \u00fanico, concentrando todas las novedades y actores de la industria en un \u00e1mbito de negocios exclusivo.<\/p>\n\n\n\n<p class=\"has-background has-very-light-gray-background-color\"><strong>Los interesados en participar pueden obtener m\u00e1s informaci\u00f3n ingresando en la p\u00e1gina web: <\/strong><a href=\"http:\/\/sitevinitech.com.ar\/\"><strong>http:\/\/sitevinitech.com.ar\/<\/strong><\/a><\/p>\n\n\n\n<p>Contacto de prensa: Agencia Postal Urbana, tel\u00e9fono (0261) 4292103. <\/p>\n","protected":false},"excerpt":{"rendered":"<p>Hoy se present\u00f3 la edici\u00f3n 2020, que tendr\u00e1 lugar los d\u00edas 27, 28 y 29&hellip;<\/p>\n","protected":false},"author":3,"featured_media":4778,"comment_status":"open","ping_status":"open","sticky":false,"template":"","format":"standard","meta":{"footnotes":""},"categories":[14],"tags":[],"class_list":["post-4774","post","type-post","status-publish","format-standard","has-post-thumbnail","hentry","category-news"],"_links":{"self":[{"href":"https:\/\/enolife.com.ar\/es\/wp-json\/wp\/v2\/posts\/4774","targetHints":{"allow":["GET"]}}],"collection":[{"href":"https:\/\/enolife.com.ar\/es\/wp-json\/wp\/v2\/posts"}],"about":[{"href":"https:\/\/enolife.com.ar\/es\/wp-json\/wp\/v2\/types\/post"}],"author":[{"embeddable":true,"href":"https:\/\/enolife.com.ar\/es\/wp-json\/wp\/v2\/users\/3"}],"replies":[{"embeddable":true,"href":"https:\/\/enolife.com.ar\/es\/wp-json\/wp\/v2\/comments?post=4774"}],"version-history":[{"count":0,"href":"https:\/\/enolife.com.ar\/es\/wp-json\/wp\/v2\/posts\/4774\/revisions"}],"wp:featuredmedia":[{"embeddable":true,"href":"https:\/\/enolife.com.ar\/es\/wp-json\/wp\/v2\/media\/4778"}],"wp:attachment":[{"href":"https:\/\/enolife.com.ar\/es\/wp-json\/wp\/v2\/media?parent=4774"}],"wp:term":[{"taxonomy":"category","embeddable":true,"href":"https:\/\/enolife.com.ar\/es\/wp-json\/wp\/v2\/categories?post=4774"},{"taxonomy":"post_tag","embeddable":true,"href":"https:\/\/enolife.com.ar\/es\/wp-json\/wp\/v2\/tags?post=4774"}],"curies":[{"name":"wp","href":"https:\/\/api.w.org\/{rel}","templated":true}]}}