{"id":47465,"date":"2021-11-01T01:00:34","date_gmt":"2021-11-01T01:00:34","guid":{"rendered":"http:\/\/enolife.com.ar\/es\/?p=47465"},"modified":"2021-11-04T14:40:00","modified_gmt":"2021-11-04T14:40:00","slug":"lo-que-hay-que-saber-del-mercado-global-de-vinos-para-exportar-en-un-foro-de-bodegas-de-argentina","status":"publish","type":"post","link":"https:\/\/enolife.com.ar\/es\/lo-que-hay-que-saber-del-mercado-global-de-vinos-para-exportar-en-un-foro-de-bodegas-de-argentina\/","title":{"rendered":"Lo que hay que saber del mercado global de vinos para exportar, en un Foro de Bodegas de Argentina"},"content":{"rendered":"\n<h4 class=\"wp-block-heading\"><em><strong>Los pr\u00f3ximos d\u00edas 4 y 5 de noviembre de 2021, el \u00e1rea de Comercio Exterior de Bodegas de Argentina llevar\u00e1 a cabo, v\u00eda streaming, el 2do. Foro Comex, en el que se analizar\u00e1 la actualidad del comercio exterior del vino argentino. El horario ser\u00e1 de  9 a 13 horas y contar\u00e1 con exposiciones de especialistas de nuestro pa\u00eds, EEUU, Europa y Brasil, entre otros. La participaci\u00f3n es gratuita, con previa inscripci\u00f3n.<\/strong><\/em><\/h4>\n\n\n\n<div style=\"height:32px\" aria-hidden=\"true\" class=\"wp-block-spacer\"><\/div>\n\n\n\n\n\n<div style=\"height:58px\" aria-hidden=\"true\" class=\"wp-block-spacer\"><\/div>\n\n\n\n<p>El 2do. Foro Comex de Bodegas de Argentina abordar\u00e1 tem\u00e1ticas referidas a la log\u00edstica internacional, la sustentabilidad vitivin\u00edcola en el comercio internacional de vinos, la operatoria en general del comercio exterior post covid, el desarrollo del e-commerce en el mundo, y las tendencias globales e consumo en el mundo como as\u00ed tambi\u00e9n la performance actual y futura de las exportaciones argentinas de vinos en el actual contexto macroecon\u00f3mico. Los oradores ser\u00e1n ser\u00e1n especialistas de empresas del sector vitivin\u00edcola y de otras firmas ligadas a la industria.<\/p>\n\n\n\n<p>La apertura estar\u00e1 conducida por Patricia Ortiz, presidenta de Bodegas de Argentina y Enrique Vaqui\u00e9, ministro de Econom\u00eda y Energ\u00eda de Mendoza. Y cerrar\u00e1 con una presentaci\u00f3n a cargo de Ramiro Barrios, director general de Clos de los Siete.<\/p>\n\n\n\n<div style=\"height:20px\" aria-hidden=\"true\" class=\"wp-block-spacer\"><\/div>\n\n\n\n<p class=\"has-background has-very-light-gray-background-color\"><strong>La cita es el 4 y 5 de noviembre por el canal de&nbsp;<a href=\"https:\/\/www.youtube.com\/channel\/UCbKPsZP6dz4vFWnhTvD5xoQ\">YouTube de Bodegas de Argentina<\/a>, con inscripci\u00f3n previa: <a href=\"https:\/\/66dxn4g9gc5.typeform.com\/to\/T9CgXPEB\">AQU\u00cd<\/a><\/strong><br><br><strong>Informes: +54 9 261 533 0338 y +54 9 261 302 8224<\/strong><\/p>\n\n\n\n<div style=\"height:20px\" aria-hidden=\"true\" class=\"wp-block-spacer\"><\/div>\n\n\n\n<p>El Foro Comex contar\u00e1 con la presencia de expositores de empresas como Euromonitor, IWSR, Monopolios n\u00f3rdicos de Europa del Este y Canad\u00e1, DHL-GORI, Centauro, como as\u00ed tambi\u00e9n empresas de Brasil y USA.<\/p>\n\n\n\n<div style=\"height:20px\" aria-hidden=\"true\" class=\"wp-block-spacer\"><\/div>\n\n\n\n<p class=\"has-medium-font-size\"><strong>Programa<\/strong><\/p>\n\n\n\n<div class=\"wp-block-image\"><figure class=\"aligncenter size-large\"><img loading=\"lazy\" decoding=\"async\" width=\"567\" height=\"351\" src=\"https:\/\/enolife.com.ar\/es\/wp-content\/uploads\/2021\/10\/Imagen1-16.jpg\" alt=\"\" class=\"wp-image-47716\" srcset=\"https:\/\/enolife.com.ar\/es\/wp-content\/uploads\/2021\/10\/Imagen1-16.jpg 567w, https:\/\/enolife.com.ar\/es\/wp-content\/uploads\/2021\/10\/Imagen1-16-300x186.jpg 300w\" sizes=\"auto, (max-width: 567px) 100vw, 567px\" \/><\/figure><\/div>\n\n\n\n<div style=\"height:48px\" aria-hidden=\"true\" class=\"wp-block-spacer\"><\/div>\n\n\n\n<div class=\"wp-block-image\"><figure class=\"aligncenter size-large\"><img loading=\"lazy\" decoding=\"async\" width=\"567\" height=\"345\" src=\"https:\/\/enolife.com.ar\/es\/wp-content\/uploads\/2021\/10\/Imagen2-6.jpg\" alt=\"\" class=\"wp-image-47717\" srcset=\"https:\/\/enolife.com.ar\/es\/wp-content\/uploads\/2021\/10\/Imagen2-6.jpg 567w, https:\/\/enolife.com.ar\/es\/wp-content\/uploads\/2021\/10\/Imagen2-6-300x183.jpg 300w\" sizes=\"auto, (max-width: 567px) 100vw, 567px\" \/><\/figure><\/div>\n","protected":false},"excerpt":{"rendered":"<p>Los pr\u00f3ximos d\u00edas 4 y 5 de noviembre de 2021, el \u00e1rea de Comercio Exterior&hellip;<\/p>\n","protected":false},"author":3,"featured_media":47721,"comment_status":"open","ping_status":"open","sticky":false,"template":"","format":"standard","meta":{"footnotes":""},"categories":[9],"tags":[],"class_list":["post-47465","post","type-post","status-publish","format-standard","has-post-thumbnail","hentry","category-negocios"],"_links":{"self":[{"href":"https:\/\/enolife.com.ar\/es\/wp-json\/wp\/v2\/posts\/47465","targetHints":{"allow":["GET"]}}],"collection":[{"href":"https:\/\/enolife.com.ar\/es\/wp-json\/wp\/v2\/posts"}],"about":[{"href":"https:\/\/enolife.com.ar\/es\/wp-json\/wp\/v2\/types\/post"}],"author":[{"embeddable":true,"href":"https:\/\/enolife.com.ar\/es\/wp-json\/wp\/v2\/users\/3"}],"replies":[{"embeddable":true,"href":"https:\/\/enolife.com.ar\/es\/wp-json\/wp\/v2\/comments?post=47465"}],"version-history":[{"count":0,"href":"https:\/\/enolife.com.ar\/es\/wp-json\/wp\/v2\/posts\/47465\/revisions"}],"wp:featuredmedia":[{"embeddable":true,"href":"https:\/\/enolife.com.ar\/es\/wp-json\/wp\/v2\/media\/47721"}],"wp:attachment":[{"href":"https:\/\/enolife.com.ar\/es\/wp-json\/wp\/v2\/media?parent=47465"}],"wp:term":[{"taxonomy":"category","embeddable":true,"href":"https:\/\/enolife.com.ar\/es\/wp-json\/wp\/v2\/categories?post=47465"},{"taxonomy":"post_tag","embeddable":true,"href":"https:\/\/enolife.com.ar\/es\/wp-json\/wp\/v2\/tags?post=47465"}],"curies":[{"name":"wp","href":"https:\/\/api.w.org\/{rel}","templated":true}]}}