{"id":47422,"date":"2021-10-27T03:34:54","date_gmt":"2021-10-27T03:34:54","guid":{"rendered":"http:\/\/enolife.com.ar\/es\/?p=47422"},"modified":"2021-10-29T13:51:10","modified_gmt":"2021-10-29T13:51:10","slug":"ya-estan-los-3-finalistas-para-dirigir-la-fiesta-de-la-vendimia-rupolo-ortega-marabini-escales-y-conte","status":"publish","type":"post","link":"https:\/\/enolife.com.ar\/es\/ya-estan-los-3-finalistas-para-dirigir-la-fiesta-de-la-vendimia-rupolo-ortega-marabini-escales-y-conte\/","title":{"rendered":"Ya est\u00e1n los 3 finalistas para dirigir la Fiesta de la Vendimia: R\u00fapolo-Ortega, Marabini-Escales y Conte"},"content":{"rendered":"\n<h4 class=\"wp-block-heading\"><em><strong>Los 17 jurados consideraron 7 propuestas para el libreto, puesta en escena y direcci\u00f3n del Acto Central de la Fiesta Nacional de la Vendimia en Mendoza y ya eligieron los 3 finalistas que competir\u00e1n para ganar los $5.700.000 del premio que instituye el Gobierno de Mendoza, organizador del evento para los d\u00edas 5, 6 y 7 de marzo de 2022. Se trata de conocidos directores y escen\u00f3grafos mendocinos que ya dirigieron antes varias Fiestas cada uno.<\/strong><\/em><\/h4>\n\n\n\n<div style=\"height:29px\" aria-hidden=\"true\" class=\"wp-block-spacer\"><\/div>\n\n\n\n\n\n<div style=\"height:66px\" aria-hidden=\"true\" class=\"wp-block-spacer\"><\/div>\n\n\n\n<p>Las propuestas contienen gui\u00f3n y s\u00edntesis argumental, planteo escenogr\u00e1fico, direcci\u00f3n art\u00edstica de la puesta en escena y equipo art\u00edstico para el <strong>Acto Central, Segunda y Tercera noche de la Fiesta Nacional de la Vendimia 2022<\/strong>, que se desarrollar\u00e1 en el Teatro Griego Frank Romero Day el s\u00e1bado 5, domingo 6 y lunes 7 de marzo.<\/p>\n\n\n\n<p>Tras finalizar las etapas de recepci\u00f3n de proyectos y apertura de sobres, de los siete equipos postulantes, por decisi\u00f3n del jurado, llegan a la instancia de coloquio y sin orden de m\u00e9rito, la propuesta 1: <strong>\u00abMendoza en siete d\u00edas\u00bb, <\/strong>con direcci\u00f3n general de Pedro Marabini y Omar Escales; propuesta 2: <strong>\u00abM\u00e1s all\u00e1 del tiempo\u00bb<\/strong>, bajo la direcci\u00f3n de <em>Alejandro Conte<\/em> y la propuesta 6: <strong>\u00abMilagro del vino nuevo\u00bb<\/strong>, dirigida por<strong> Vilma R\u00fapolo<\/strong> y <strong>Federico Ortega.<\/strong><\/p>\n\n\n\n<div style=\"height:20px\" aria-hidden=\"true\" class=\"wp-block-spacer\"><\/div>\n\n\n\n<p class=\"has-medium-font-size\"><strong>Un jurado calificado<\/strong><\/p>\n\n\n\n<p>El jurado est\u00e1 integrado por un representante de cada organismo e instituci\u00f3n interviniente y est\u00e1 conformado por 14 miembros con derecho a voto mas 3 observadores.<\/p>\n\n\n\n<p>Los integrantes son: por el Ministerio de Cultura y Turismo de la provincia, designado por el propio organismo, con experiencia en Vendimia, Omar Fabi\u00e1n Sama; por la Asociaci\u00f3n Argentina de Actores Delegaci\u00f3n Mendoza, designado por la propia Asociaci\u00f3n, Juan Jos\u00e9 Cinquemani; por el Ministerio de Cultura y Turismo, \u00e1rea t\u00e9cnica, designado por el propio organismo, con experiencia en \u00e1reas t\u00e9cnicas de Vendimia, Maximiliano Cortez.<\/p>\n\n\n\n<p>Asimismo, el representante de Canal Acequia, designado por el propio organismo, con experiencia en Vendimia o eventos de igual jerarqu\u00eda art\u00edstica, Norberto Ariel Blasco; el experto en Historia y Antropolog\u00eda, designado por antecedentes por parte del Ministerio de Cultura y Turismo, Roberto Rub\u00e9n Mons, y en representaci\u00f3n de las comunas, Marcelo Gabriel R\u00edos.<\/p>\n\n\n\n<p>Se suman un representante de Argentores Delegaci\u00f3n Mendoza, designado por antecedentes dramat\u00fargicos con certificaci\u00f3n de haber publicado o registrado al menos una Fiesta de la Vendimia departamental o nacional y\/o al menos tres obras literarias, ya sea como autor o coautor, Ana Alba Iris Fajardo; un representante elegido de mutuo acuerdo por la Corenave (Comisi\u00f3n de Reinas Nacionales de la Vendimia) y Covinave (Comisi\u00f3n de Virreinas Nacionales de la Vendimia), Luz Martina Mercol (Covinave).<\/p>\n\n\n\n<p>Completan el jurado un representante de Hacedores Vendimiales por foro de Vendimia citado a tal efecto, a propuesta entre los asistentes, por simple mayor\u00eda de los miembros presentes, Norberto Omar Lateana; un representante de la Facultad de Artes y Dise\u00f1o de la UNCuyo, Omar Hugo Arancibia; un representante de exdirectores de Fiestas Nacionales de la Vendimia, Alicia Mercedes Casares; en representaci\u00f3n de Infraestructura de la provincia, designada por la Subsecretar\u00eda de Infraestructura, Mar\u00eda Eugenia Lana.<\/p>\n\n\n\n<p>Tambi\u00e9n participan en el jurado un representante de las asociaciones de danza vigentes y con personer\u00eda jur\u00eddica certificada ante el Ministerio de Cultura y Turismo, Alejandro Iv\u00e1n Mart\u00ednez (AMPD), Luc\u00eda Alejandra Gui\u00f1ez (UCOHUE), Ana Patricia Motos (ACMD), Ana Laura Ortolani (So\u00f1arte); un representante de las asociaciones y\/o sindicato de m\u00fasicos vigentes y con personer\u00eda jur\u00eddica certificada ante el Ministerio de Cultura y Turismo, Ra\u00fal Alberto Rivero (MIMM) y Zaharay Graciela Ortega (Asociaci\u00f3n M\u00fasicos de Cuyo).<\/p>\n\n\n\n<p>Desde el Ministerio de Cultura y Turismo del Gobierno de Mendoza se informar\u00e1, pr\u00f3ximamente, la fecha, hora y lugar de los coloquios, que permitir\u00e1n definir qu\u00e9 equipo realizar\u00e1 la Fiesta.&nbsp;<\/p>\n\n\n\n<div style=\"height:30px\" aria-hidden=\"true\" class=\"wp-block-spacer\"><\/div>\n\n\n\n<p class=\"has-small-font-size\"><em><strong>Fuente: Gobierno de Mendoza<\/strong><\/em><\/p>\n","protected":false},"excerpt":{"rendered":"<p>Los 17 jurados consideraron 7 propuestas para el libreto, puesta en escena y direcci\u00f3n del&hellip;<\/p>\n","protected":false},"author":3,"featured_media":47429,"comment_status":"open","ping_status":"open","sticky":false,"template":"","format":"standard","meta":{"footnotes":""},"categories":[14],"tags":[],"class_list":["post-47422","post","type-post","status-publish","format-standard","has-post-thumbnail","hentry","category-news"],"_links":{"self":[{"href":"https:\/\/enolife.com.ar\/es\/wp-json\/wp\/v2\/posts\/47422","targetHints":{"allow":["GET"]}}],"collection":[{"href":"https:\/\/enolife.com.ar\/es\/wp-json\/wp\/v2\/posts"}],"about":[{"href":"https:\/\/enolife.com.ar\/es\/wp-json\/wp\/v2\/types\/post"}],"author":[{"embeddable":true,"href":"https:\/\/enolife.com.ar\/es\/wp-json\/wp\/v2\/users\/3"}],"replies":[{"embeddable":true,"href":"https:\/\/enolife.com.ar\/es\/wp-json\/wp\/v2\/comments?post=47422"}],"version-history":[{"count":0,"href":"https:\/\/enolife.com.ar\/es\/wp-json\/wp\/v2\/posts\/47422\/revisions"}],"wp:featuredmedia":[{"embeddable":true,"href":"https:\/\/enolife.com.ar\/es\/wp-json\/wp\/v2\/media\/47429"}],"wp:attachment":[{"href":"https:\/\/enolife.com.ar\/es\/wp-json\/wp\/v2\/media?parent=47422"}],"wp:term":[{"taxonomy":"category","embeddable":true,"href":"https:\/\/enolife.com.ar\/es\/wp-json\/wp\/v2\/categories?post=47422"},{"taxonomy":"post_tag","embeddable":true,"href":"https:\/\/enolife.com.ar\/es\/wp-json\/wp\/v2\/tags?post=47422"}],"curies":[{"name":"wp","href":"https:\/\/api.w.org\/{rel}","templated":true}]}}