{"id":47347,"date":"2021-10-26T18:10:36","date_gmt":"2021-10-26T18:10:36","guid":{"rendered":"http:\/\/enolife.com.ar\/es\/?p=47347"},"modified":"2021-10-30T17:30:22","modified_gmt":"2021-10-30T17:30:22","slug":"irrigacion-reune-a-expertos-del-mundo-desde-mendoza-para-debatir-la-crisis-hidrica-y-el-futuro-del-agua","status":"publish","type":"post","link":"https:\/\/enolife.com.ar\/es\/irrigacion-reune-a-expertos-del-mundo-desde-mendoza-para-debatir-la-crisis-hidrica-y-el-futuro-del-agua\/","title":{"rendered":"Irrigaci\u00f3n re\u00fane a expertos del mundo desde Mendoza para debatir la crisis h\u00eddrica y el futuro del agua"},"content":{"rendered":"\n<h4 class=\"wp-block-heading\"><em><strong>Los pr\u00f3ximos d\u00edas 2, 3 y 4 de noviembre se realizar\u00e1 el III Congreso Internacional Agua para el Futuro. Ser\u00e1 en modo virtual, con la participaci\u00f3n de unos 100 especialistas de 10 pa\u00edses. Est\u00e1 organizado, como en las dos ediciones anteriores de 2017 y 2019, por el ente p\u00fablico descentralizado que administra, reglamenta y fiscaliza el recurso h\u00eddrico en la provincia de Mendoza. En esta oportunidad, el tema central ser\u00e1 \u00abAgua para el Desarrollo Sostenible\u00bb. La participaci\u00f3n es gratuita y los interesados deber\u00e1n inscribirse previamente en la web <a href=\"https:\/\/aguaparaelfuturo.com\/\">www.aguaparaelfuturo.com.<\/a><\/strong><\/em><\/h4>\n\n\n\n<div style=\"height:20px\" aria-hidden=\"true\" class=\"wp-block-spacer\"><\/div>\n\n\n<a href=\"https:\/\/www.irrigacion.gov.ar\/web\/\" aria-label=\"irrigaci\u00f3n-1700X500\"><img loading=\"lazy\" decoding=\"async\" src=\"https:\/\/enolife.com.ar\/es\/wp-content\/uploads\/2021\/02\/irrigacion-1700X500.gif\" alt=\"\"  width=\"1700\" height=\"500\"   \/><\/a>\n\n\n<div style=\"height:57px\" aria-hidden=\"true\" class=\"wp-block-spacer\"><\/div>\n\n\n\n<p>La gesti\u00f3n sostenible y eficiente de los recursos h\u00eddricos es prioridad para Mendoza y para el Departamento General de Irrigaci\u00f3n. Por ello, este organismo llevar\u00e1 adelante <strong>los d\u00edas 2, 3 y 4 de noviembre el III Congreso Internacional Agua para el Futuro, con el lema \u00abAgua para el desarrollo sostenible\u00bb.<\/strong> Se trata de un espacio de debate y reflexi\u00f3n, donde se abordar\u00e1n temas claves sobre el recurso vital, sobre la base de quienes todos los d\u00edas buscan en distintos \u00e1mbitos soluciones para los desaf\u00edos del agua.<\/p>\n\n\n\n<p><strong>Expertos de Mendoza, Argentina y al menos 10 pa\u00edses de Am\u00e9rica, Europa y Ocean\u00eda -entre ellos representantes del Banco Mundial y la FAO- a<\/strong>nalizar\u00e1n en diversos paneles los retos de la gesti\u00f3n ambiental de los recursos h\u00eddricos, el rol de la mujer y el agua, el acceso al agua potable y el saneamiento, la econom\u00eda del agua, los aportes de la educaci\u00f3n y la tecnolog\u00eda de la gesti\u00f3n del agua, entre otros temas de inter\u00e9s para el sector h\u00eddrico.<\/p>\n\n\n\n<div style=\"height:60px\" aria-hidden=\"true\" class=\"wp-block-spacer\"><\/div>\n\n\n\n<figure class=\"wp-block-embed-youtube aligncenter wp-block-embed is-type-video is-provider-youtube wp-embed-aspect-16-9 wp-has-aspect-ratio\"><div class=\"wp-block-embed__wrapper\">\n<iframe loading=\"lazy\" title=\"Congreso Internacional Agua para el Futuro\" width=\"1170\" height=\"658\" src=\"https:\/\/www.youtube.com\/embed\/BgCdCAg48dg?feature=oembed\" frameborder=\"0\" allow=\"accelerometer; autoplay; clipboard-write; encrypted-media; gyroscope; picture-in-picture\" allowfullscreen><\/iframe>\n<\/div><\/figure>\n\n\n\n<div style=\"height:53px\" aria-hidden=\"true\" class=\"wp-block-spacer\"><\/div>\n\n\n\n<p class=\"has-background has-very-light-gray-background-color\"><strong>La participaci\u00f3n en el Congreso es gratuita pero con inscripci\u00f3n previa obligatoria, y para acceder a ella clikear <a href=\"https:\/\/docs.google.com\/forms\/d\/e\/1FAIpQLScJ_8DimBziiY5pnZQfX1HsPyOIZz1HcX3rvVaoGSPKcoGHWg\/viewform\">AQU\u00cd<\/a><\/strong><br><br><strong>Conocer m\u00e1s detalles de \u00abAgua para el Futuro\u00bb: <a href=\"https:\/\/aguaparaelfuturo.com\/\">ww.aguaparaelfuturo.com<\/a>.<\/strong><\/p>\n\n\n\n<div style=\"height:20px\" aria-hidden=\"true\" class=\"wp-block-spacer\"><\/div>\n\n\n\n<p class=\"has-medium-font-size\"><strong>Tem\u00e1ticas de los paneles y disertantes<\/strong><\/p>\n\n\n\n<p class=\"has-background has-very-light-gray-background-color\"><strong>Pol\u00edtica h\u00eddrica y planificaci\u00f3n hidrol\u00f3gica<\/strong><\/p>\n\n\n\n<p>Los efectos del cambio clim\u00e1tico imponen a los Estados el reto de establecer principios de pol\u00edtica h\u00eddrica acordes a la realidad social y econ\u00f3mica. La planificaci\u00f3n, por su parte, como funci\u00f3n administrativa, implica el establecimiento de objetivos, la formulaci\u00f3n de estrategias que permitan alcanzarlos y el desarrollo de planes de acci\u00f3n que se\u00f1alen c\u00f3mo implementar dichas estrategias.<br>En este panel se abordar\u00e1n los distintos planes, programas y acciones llevadas adelante para gestionar el recurso y alcanzar la seguridad h\u00eddrica. Contar\u00e1 con una Master Class de Antonio Embid Irujo y con exposiciones de Gustavo Villegas, Juan Andr\u00e9s Pina, Leonardo Muzzino, Ra\u00fal Mu\u00f1oz Castillo y Rub\u00e9n Villodas. Moderar\u00e1 el panel Mart\u00edn Liber.<\/p>\n\n\n\n<div style=\"height:20px\" aria-hidden=\"true\" class=\"wp-block-spacer\"><\/div>\n\n\n\n<p class=\"has-background has-very-light-gray-background-color\"><strong>Infraestructura h\u00eddrica para el desarrollo sostenible<\/strong><\/p>\n\n\n\n<p>La infraestructura es base esencial para lograr un crecimiento inclusivo y sostenible, que permita cumplir con los Objetivos de Desarrollo Sostenible (ONU) y ampl\u00ede la resiliencia del sistema ante los efectos del cambio clim\u00e1tico. En este panel se reflexionar\u00e1 acerca del dise\u00f1o y construcci\u00f3n de la infraestructura adecuada, para generar beneficios ambientales, sociales y econ\u00f3micos significativos para cada regi\u00f3n. <br>Contar\u00e1 con una Master Class de Luis Loyola y las exposiciones de Klas de Groot, Luis Ruiz, Mar\u00eda Cecilia Mart\u00edn, Mariana Troncoso, Mart\u00edn Vicchi y Walter Barchiesi. Moderar\u00e1 el panel Carlos Martini.<\/p>\n\n\n\n<div style=\"height:20px\" aria-hidden=\"true\" class=\"wp-block-spacer\"><\/div>\n\n\n\n<p class=\"has-background has-very-light-gray-background-color\"><strong>Agua y Derecho<\/strong><\/p>\n\n\n\n<p>La planificaci\u00f3n hidrol\u00f3gica y la gesti\u00f3n del agua deben contar con el soporte de una eficaz y moderna legislaci\u00f3n que asegure su real cumplimiento. Tanto el car\u00e1cter transectorial de los temas del agua y sus desaf\u00edos, como la crisis sobre su disponibilidad y preservaci\u00f3n, generan conflictos que requieren enfoques jur\u00eddicos precisos para hallar soluciones equitativas. <br>Contar\u00e1 con una Master Class de Mart\u00edn Liber y las exposiciones de Aldo Rodr\u00edguez Salas, Mauricio Pinto, Miguel Solanes, Noelia Torchia, Sergio Salinas Alcega y Valentina Dur\u00e1n. Moderar\u00e1 Marcela Andino.<\/p>\n\n\n\n<div style=\"height:20px\" aria-hidden=\"true\" class=\"wp-block-spacer\"><\/div>\n\n\n\n<p class=\"has-background has-very-light-gray-background-color\"><strong>Agua y Mujer<\/strong><\/p>\n\n\n\n<p>Existe una brecha de gobernanza en los recursos naturales, entre ellos el agua. La relaci\u00f3n de las mujeres y el agua no est\u00e1 exenta de la predominancia de roles estereotipados que limitan su actuaci\u00f3n en las m\u00faltiples dimensiones del recurso. Esto se observa tanto en su uso y preservaci\u00f3n, como en la operaci\u00f3n y distribuci\u00f3n en los espacios de decisi\u00f3n y liderazgo. En este panel se reflexionar\u00e1 sobre acciones que posibiliten la integraci\u00f3n de las mujeres y su fortalecimiento en la gesti\u00f3n del agua para que exista igualdad de condiciones. <br>Contar\u00e1 con las exposiciones de Sarah Keener, Mar\u00eda del Pilar Garc\u00eda Pach\u00f3n, Mar\u00eda Eugenia Vargas Zambrano, Mar\u00eda Teresa Badui y Stephanie Buechler. Moderadora: Marcela Andino.<\/p>\n\n\n\n<div style=\"height:20px\" aria-hidden=\"true\" class=\"wp-block-spacer\"><\/div>\n\n\n\n<p class=\"has-background has-very-light-gray-background-color\"><strong>Innovaci\u00f3n tecnol\u00f3gica para la gesti\u00f3n del agua<\/strong><\/p>\n\n\n\n<p>Las nuevas tecnolog\u00edas aportan soluciones para la gesti\u00f3n del agua y para que m\u00e1s personas puedan tener acceso a ella. Profundizar el conocimiento de herramientas tecnol\u00f3gicas facilita la disponibilidad de informaci\u00f3n en tiempo real lo que permite gestionar de una manera m\u00e1s eficiente el recurso h\u00eddrico. <br>Contar\u00e1 con una Master Class de Jes\u00fas Garrido Rubio y exposiciones de \u00c1lvaro Soldano, Claudio Balbont\u00edn, Eduardo Alejandro Comellas, Gabriel Casaburi, Guillermo C\u00faneo y Rodrigo Tissera. Moderar\u00e1 el panel Rub\u00e9n Villodas.<\/p>\n\n\n\n<div style=\"height:20px\" aria-hidden=\"true\" class=\"wp-block-spacer\"><\/div>\n\n\n\n<p class=\"has-background has-very-light-gray-background-color\"><strong>Panel Agua y Territorio<\/strong><\/p>\n\n\n\n<p>M\u00e1s de la mitad de la poblaci\u00f3n vive en \u00e1reas urbanas y, para 2050, se espera que m\u00e1s de dos tercios vivan en ciudades. En Mendoza, los oasis constituyen un 4% del territorio. En las \u00e1reas irrigadas reside el 98% de la poblaci\u00f3n, lo que indica una densidad aproximada de 800 hab.\/km2. Ello implica que la presi\u00f3n del sistema territorial sobre el recurso es muy significativa en cantidad y calidad. En este panel se abordar\u00e1n los principales desaf\u00edos de la gesti\u00f3n del agua ante el desordenado desarrollo demogr\u00e1fico y territorial. <br>Contar\u00e1 con una Master Class de \u00c1ngel Ruiz de Apocada y exposiciones de Elma Monta\u00f1a, Juan Manuel Filice, Marcelino Iglesias, Mar\u00eda Valentina Erice, Paula Mussetta y Tadeo Garc\u00eda Zalazar. Moderar\u00e1 Mar\u00eda Teresa Badu\u00ed.<\/p>\n\n\n\n<div style=\"height:20px\" aria-hidden=\"true\" class=\"wp-block-spacer\"><\/div>\n\n\n\n<p class=\"has-background has-very-light-gray-background-color\"><strong>Agua y educaci\u00f3n<\/strong><\/p>\n\n\n\n<p>Este panel tiene como objetivo generar un espacio de encuentro, reflexi\u00f3n e intercambio de experiencias formativas que promuevan la educaci\u00f3n para el desarrollo sostenible, tomando como eje el uso, el cuidado y gesti\u00f3n del agua. Se compartir\u00e1n iniciativas de gesti\u00f3n ambiental del agua, dirigidas a lograr conciencia social centrada en la conservaci\u00f3n y protecci\u00f3n de los recursos h\u00eddricos. Se compartir\u00e1n experiencias y reflexiones sobre el rol clave de la educaci\u00f3n para alcanzar el desarrollo sostenible. <br>Contar\u00e1 con una Master Class de Graciela Viviana Zucarelli y exposiciones de Daniel Massi, Facundo Mart\u00edn, Guillermo Jelinski, Mariela Celeste P\u00e9rez G\u00e1lvez, Patricia Ferreyra y Tania Bilbao. Moderar\u00e1 el panel Marianela G\u00f3mez.<\/p>\n\n\n\n<div style=\"height:20px\" aria-hidden=\"true\" class=\"wp-block-spacer\"><\/div>\n\n\n\n<p class=\"has-background has-very-light-gray-background-color\"><strong>Econom\u00eda del agua<\/strong><\/p>\n\n\n\n<p>Dimensionar las caracter\u00edsticas de la matriz econ\u00f3mica provincial y su relaci\u00f3n con los usos del agua es fundamental para entender las posibilidades reales de producci\u00f3n y crecimiento. El panel debatir\u00e1 sobre innovaciones en metodolog\u00edas de gesti\u00f3n de la demanda de agua, financiamiento verde y la cotizaci\u00f3n del agua en los mercados del futuro, entre otras tem\u00e1ticas. <br>Contar\u00e1 con una Master Class de Alejandro Trap\u00e9 y las exposiciones de Mauricio Bucheri, M\u00f3nica Altamirano, Rafael Kemelmajer y Sebasti\u00e1n Pi\u00f1a. Moderar\u00e1 el panel Mar\u00eda Teresa Badui.<\/p>\n\n\n\n<div style=\"height:20px\" aria-hidden=\"true\" class=\"wp-block-spacer\"><\/div>\n\n\n\n<p class=\"has-background has-very-light-gray-background-color\"><strong>Agua potable y Saneamiento<\/strong><\/p>\n\n\n\n<p>Se estima que aproximadamente 748 millones de personas en el mundo carecen de acceso a una fuente mejorada de agua, y que 2.500 millones no cuentan con acceso a un servicio de saneamiento mejorado. En este panel se analizar\u00e1n los principales riesgos y desaf\u00edos que enfrentan tanto los operadores del servicio p\u00fablico de agua potable y saneamiento como el Estado. Adem\u00e1s, se consideran las obligaciones de los usuarios para preservar el recurso h\u00eddrico. <br>Contar\u00e1 con una Master Class de Alejandro Gallegos y exposiciones de Adolfo Tomas Catapano, Federico Sanna Baroli, Israel Vega, Lesly Mariela Escobar Garc\u00eda y Patricia Puebla. Moderar\u00e1 el panel Juan Andr\u00e9s Pina.<\/p>\n\n\n\n<div style=\"height:20px\" aria-hidden=\"true\" class=\"wp-block-spacer\"><\/div>\n\n\n\n<p class=\"has-background has-very-light-gray-background-color\"><strong>Reconstrucciones paleoambientales e \u00edndices hidroclim\u00e1ticos para la gesti\u00f3n del agua<\/strong><\/p>\n\n\n\n<p>La importancia de generar y perfeccionar el conocimiento del estado de los r\u00edos y clima antes del siglo XX, cuando no se contaba con datos instrumentales, es de suma importancia para pensar la gesti\u00f3n del agua en el mediano y largo plazo. Las \u00faltimas discusiones metodol\u00f3gicas, en relaci\u00f3n a la construcci\u00f3n de \u00edndices hidroclim\u00e1ticos y reconstrucciones paleoambientales, se han elaborado desde fuentes documentales hist\u00f3ricas y de datos paleoambientales, donde se destaca la dendrocronolog\u00eda. En este panel se debate sobre los m\u00e9todos de construcci\u00f3n de \u00edndices y mapeos (SADA), para diferentes regiones de Sudam\u00e9rica y Europa. <br>Contar\u00e1 con una Master Class de David Nash y exposiciones de Duncan Christie, Mar\u00eda Eugenia De Porras, Mariano Barriendos, Mariano Morales y Maximiliano Viale. Moderar\u00e1 el panel Facundo Rojas.<\/p>\n\n\n\n<div style=\"height:20px\" aria-hidden=\"true\" class=\"wp-block-spacer\"><\/div>\n\n\n\n<p class=\"has-background has-very-light-gray-background-color\"><strong>Gesti\u00f3n ambiental del recurso h\u00eddrico<\/strong><\/p>\n\n\n\n<p>Se debatir\u00e1 y reflexionar\u00e1 sobre la gesti\u00f3n del agua con enfoque ambiental, los desaf\u00edos que deben enfrentarse y las acciones concretas. <br>Contar\u00e1 con una Master Class de An\u00edbal Manzur y exposiciones de Daniel Blanco, Fabio Lorenzo y Hugo Pecsi. Moderar\u00e1 el panel Alejandro Drovandi.<\/p>\n\n\n\n<div style=\"height:69px\" aria-hidden=\"true\" class=\"wp-block-spacer\"><\/div>\n","protected":false},"excerpt":{"rendered":"<p>Los pr\u00f3ximos d\u00edas 2, 3 y 4 de noviembre se realizar\u00e1 el III Congreso Internacional&hellip;<\/p>\n","protected":false},"author":3,"featured_media":47379,"comment_status":"open","ping_status":"open","sticky":false,"template":"","format":"standard","meta":{"footnotes":""},"categories":[47],"tags":[],"class_list":["post-47347","post","type-post","status-publish","format-standard","has-post-thumbnail","hentry","category-agenda"],"_links":{"self":[{"href":"https:\/\/enolife.com.ar\/es\/wp-json\/wp\/v2\/posts\/47347","targetHints":{"allow":["GET"]}}],"collection":[{"href":"https:\/\/enolife.com.ar\/es\/wp-json\/wp\/v2\/posts"}],"about":[{"href":"https:\/\/enolife.com.ar\/es\/wp-json\/wp\/v2\/types\/post"}],"author":[{"embeddable":true,"href":"https:\/\/enolife.com.ar\/es\/wp-json\/wp\/v2\/users\/3"}],"replies":[{"embeddable":true,"href":"https:\/\/enolife.com.ar\/es\/wp-json\/wp\/v2\/comments?post=47347"}],"version-history":[{"count":0,"href":"https:\/\/enolife.com.ar\/es\/wp-json\/wp\/v2\/posts\/47347\/revisions"}],"wp:featuredmedia":[{"embeddable":true,"href":"https:\/\/enolife.com.ar\/es\/wp-json\/wp\/v2\/media\/47379"}],"wp:attachment":[{"href":"https:\/\/enolife.com.ar\/es\/wp-json\/wp\/v2\/media?parent=47347"}],"wp:term":[{"taxonomy":"category","embeddable":true,"href":"https:\/\/enolife.com.ar\/es\/wp-json\/wp\/v2\/categories?post=47347"},{"taxonomy":"post_tag","embeddable":true,"href":"https:\/\/enolife.com.ar\/es\/wp-json\/wp\/v2\/tags?post=47347"}],"curies":[{"name":"wp","href":"https:\/\/api.w.org\/{rel}","templated":true}]}}