{"id":47207,"date":"2021-10-25T01:24:55","date_gmt":"2021-10-25T01:24:55","guid":{"rendered":"http:\/\/enolife.com.ar\/es\/?p=47207"},"modified":"2021-10-27T02:15:32","modified_gmt":"2021-10-27T02:15:32","slug":"san-juan-regantes-piden-que-el-estado-recupere-pozos-de-agua-secos-y-financie-el-riego-presurizado","status":"publish","type":"post","link":"https:\/\/enolife.com.ar\/es\/san-juan-regantes-piden-que-el-estado-recupere-pozos-de-agua-secos-y-financie-el-riego-presurizado\/","title":{"rendered":"San Juan: regantes piden que el Estado recupere pozos de agua secos y financie el riego presurizado"},"content":{"rendered":"\n<h4 class=\"wp-block-heading\"><em><strong>La Federaci\u00f3n de Vi\u00f1ateros y Productores Agropecuarios de la segunda provincia vitivin\u00edcola de Argentina enviaron un petitorio al gobernador Sergio U\u00f1ac solicitando que el Estado se haga cargo de volver a poner en funcionamiento al menos 100 perforaciones inactivas, para enfrentar la crisis h\u00eddrica en la regi\u00f3n.<\/strong><\/em> <\/h4>\n\n\n\n<div style=\"height:20px\" aria-hidden=\"true\" class=\"wp-block-spacer\"><\/div>\n\n\n<a href=\"https:\/\/sudafilt.com\/\" aria-label=\"SUDAFILT 1700X500 NOV25\"><img loading=\"lazy\" decoding=\"async\" src=\"https:\/\/enolife.com.ar\/es\/wp-content\/uploads\/2020\/07\/SUDAFILT-1700X500-NOV25.gif\" alt=\"\"  width=\"1700\" height=\"500\"   \/><\/a>\n\n\n<div style=\"height:61px\" aria-hidden=\"true\" class=\"wp-block-spacer\"><\/div>\n\n\n\n<p>En un encuentro que mantuvieron los regantes con el gobernador de San Juan el pasado D\u00eda del Agua, la instituci\u00f3n que los nuclea present\u00f3 el siguiente petitorio:<\/p>\n\n\n\n<p>\u00abLa Federaci\u00f3n de Vi\u00f1ateros y Productores Agropecuarios de San Juan le manifiesta al Gobernador de la Provincia de San Juan, el&nbsp;<strong>Sr. Sergio U\u00f1ac<\/strong>, la cr\u00edtica realidad que vive la producci\u00f3n agropecuaria sanjuanina, y espec\u00edficamente las consecuencias que se producen por la crisis h\u00eddrica provincial,&nbsp; ante ello se le requiere generar las siguientes acciones:<\/p>\n\n\n\n<ul class=\"wp-block-list\"><li>\u00ab<strong>Urgente: Acondicionar y poner en funcionamiento perforaciones privadas<\/strong>\u00ab.<\/li><\/ul>\n\n\n\n<p>\u00abComo defensores y guardas de la propiedad privada, la Federaci\u00f3n de Vi\u00f1ateros y Productores Agropecuarios propone generar primero un instrumento legal desde el Poder Ejecutivo de la provincia para autorizar&nbsp;el convenio entre los propietarios de las perforaciones y el Estado local; es decir, facultar al Departamento de Hidr\u00e1ulica a iniciar el contrato con los privados, asumiendo los privados &nbsp;el compromiso de mantener el pozo en condiciones cuando se acabe la sequ\u00eda.<\/p>\n\n\n\n<p>\u00abComo consecuencia positiva de esta medida, se puede anticipar que reactivando 3 pozos diarios con las empresas que colocan bombas, al cabo de un mes tendr\u00edamos 90 o 100 perforaciones funcionando, adem\u00e1s de economizar los costos en comparaci\u00f3n de realizar perforaciones desde cero.<\/p>\n\n\n\n<ul class=\"wp-block-list\"><li>\u00abRespetar el cronograma de corta establecido.<\/li><li>Utilizar como recurso h\u00eddrico la laguna Los Erizos.<\/li><li>Incorporar al sistema de Flagrancia, el robo de agua de canales; e instruir a los integrantes de las fuerzas locales sobre este delito.<\/li><li><strong><u>A corto plazo<\/u><\/strong>:<ul><li>Implementar pr\u00e9stamos y\/o subsidios a tasa blandas para transformar el riego tradicional en riego presurizado en el sector.<\/li><li>Definir como Pol\u00edtica de Estado, el Agua de la provincia.<\/li><\/ul><\/li><li><strong><u>A largo plazo:<\/u><\/strong><ul><li>Presurizar el agua con ca\u00f1er\u00eda desde el Dique Punta Negra, hasta las fincas.<\/li><\/ul><\/li><\/ul>\n\n\n\n<p>\u00abPor \u00faltimo, expresamos nuestro deseo de continuar construyendo desde el dialogo para dar respuesta a la sociedad productora sanjuanina frente a la presente crisis h\u00eddrica. <\/p>\n\n\n\n<p>\u00abAtte. <strong>Eduardo Garc\u00e9s<\/strong>,&nbsp;presidente\u00bb<\/p>\n\n\n\n<div style=\"height:32px\" aria-hidden=\"true\" class=\"wp-block-spacer\"><\/div>\n\n\n\n<p class=\"has-small-font-size\"><strong><em>Fuente: Federaci\u00f3n de Vi\u00f1ateros y Productores Agropecuarios de San Juan<\/em><\/strong><\/p>\n\n\n\n<p><a href=\"https:\/\/federaciondevinateros.com.ar\/mantener-el-trabajo-dinamico-en-la-cosecha-2021\/\"><\/a><\/p>\n","protected":false},"excerpt":{"rendered":"<p>La Federaci\u00f3n de Vi\u00f1ateros y Productores Agropecuarios de la segunda provincia vitivin\u00edcola de Argentina enviaron&hellip;<\/p>\n","protected":false},"author":3,"featured_media":47257,"comment_status":"open","ping_status":"open","sticky":false,"template":"","format":"standard","meta":{"footnotes":""},"categories":[14],"tags":[],"class_list":["post-47207","post","type-post","status-publish","format-standard","has-post-thumbnail","hentry","category-news"],"_links":{"self":[{"href":"https:\/\/enolife.com.ar\/es\/wp-json\/wp\/v2\/posts\/47207","targetHints":{"allow":["GET"]}}],"collection":[{"href":"https:\/\/enolife.com.ar\/es\/wp-json\/wp\/v2\/posts"}],"about":[{"href":"https:\/\/enolife.com.ar\/es\/wp-json\/wp\/v2\/types\/post"}],"author":[{"embeddable":true,"href":"https:\/\/enolife.com.ar\/es\/wp-json\/wp\/v2\/users\/3"}],"replies":[{"embeddable":true,"href":"https:\/\/enolife.com.ar\/es\/wp-json\/wp\/v2\/comments?post=47207"}],"version-history":[{"count":0,"href":"https:\/\/enolife.com.ar\/es\/wp-json\/wp\/v2\/posts\/47207\/revisions"}],"wp:featuredmedia":[{"embeddable":true,"href":"https:\/\/enolife.com.ar\/es\/wp-json\/wp\/v2\/media\/47257"}],"wp:attachment":[{"href":"https:\/\/enolife.com.ar\/es\/wp-json\/wp\/v2\/media?parent=47207"}],"wp:term":[{"taxonomy":"category","embeddable":true,"href":"https:\/\/enolife.com.ar\/es\/wp-json\/wp\/v2\/categories?post=47207"},{"taxonomy":"post_tag","embeddable":true,"href":"https:\/\/enolife.com.ar\/es\/wp-json\/wp\/v2\/tags?post=47207"}],"curies":[{"name":"wp","href":"https:\/\/api.w.org\/{rel}","templated":true}]}}