{"id":47075,"date":"2021-10-23T01:21:43","date_gmt":"2021-10-23T01:21:43","guid":{"rendered":"http:\/\/enolife.com.ar\/es\/?p=47075"},"modified":"2021-10-24T16:52:28","modified_gmt":"2021-10-24T16:52:28","slug":"trabajadores-vitivinicolas-piden-revisar-su-salario-y-convocan-a-marchar-el-23-10-a-las-17-en-mendoza","status":"publish","type":"post","link":"https:\/\/enolife.com.ar\/es\/trabajadores-vitivinicolas-piden-revisar-su-salario-y-convocan-a-marchar-el-23-10-a-las-17-en-mendoza\/","title":{"rendered":"Trabajadores vitivin\u00edcolas piden revisar su salario y convocan a marchar el 23\/10 a las 17 en Mendoza"},"content":{"rendered":"\n<h4 class=\"wp-block-heading\"><em><strong>Los trabajadores de vi\u00f1as y bodegas mendocinos nucleados en la organizaci\u00f3n \u00abVitivin\u00edcolas &#8211; Autoconvocados\u00bb realizaron, a trav\u00e9s de sus redes sociales, un llamado a sus pares para movilizarse y reclamar la \u00abreapertura de la cl\u00e1usula de revisi\u00f3n (del aumento de salario) art\u00edculo 8 del convenio, jubilaci\u00f3n a los 57 a\u00f1os para contratistas, renovaci\u00f3n de convenios colectivos de trabajo 85\/89-154\/91 y pase a planta permanente de trabajadores tercerizados\u00bb.<\/strong><\/em><\/h4>\n\n\n\n<div style=\"height:39px\" aria-hidden=\"true\" class=\"wp-block-spacer\"><\/div>\n\n\n<a href=\"https:\/\/www.facebook.com\/SindicatoContratitas\/\" aria-label=\"banner contratistas 1700&#215;500\"><img loading=\"lazy\" decoding=\"async\" src=\"https:\/\/enolife.com.ar\/es\/wp-content\/uploads\/2020\/08\/banner-contratistas-1700x500-1.jpg\" alt=\"\"  srcset=\"https:\/\/enolife.com.ar\/es\/wp-content\/uploads\/2020\/08\/banner-contratistas-1700x500-1.jpg 1700w, https:\/\/enolife.com.ar\/es\/wp-content\/uploads\/2020\/08\/banner-contratistas-1700x500-1-300x88.jpg 300w, https:\/\/enolife.com.ar\/es\/wp-content\/uploads\/2020\/08\/banner-contratistas-1700x500-1-1024x301.jpg 1024w, https:\/\/enolife.com.ar\/es\/wp-content\/uploads\/2020\/08\/banner-contratistas-1700x500-1-768x226.jpg 768w, https:\/\/enolife.com.ar\/es\/wp-content\/uploads\/2020\/08\/banner-contratistas-1700x500-1-1536x452.jpg 1536w, https:\/\/enolife.com.ar\/es\/wp-content\/uploads\/2020\/08\/banner-contratistas-1700x500-1-1170x344.jpg 1170w, https:\/\/enolife.com.ar\/es\/wp-content\/uploads\/2020\/08\/banner-contratistas-1700x500-1-585x172.jpg 585w\" sizes=\"auto, (max-width: 1700px) 100vw, 1700px\" width=\"1700\" height=\"500\"   \/><\/a>\n\n\n<div style=\"height:33px\" aria-hidden=\"true\" class=\"wp-block-spacer\"><\/div>\n\n\n\n<p>La convocatoria de los \u00abVitivin\u00edcolas Autoconvocados\u00bb reza textualmente:<\/p>\n\n\n\n<p class=\"has-background has-very-light-gray-background-color\"> \u00abLlamamos a todos los trabajadores\/as vitivin\u00edcolas, de cada bodega, de cada finca, al pueblo mendocino, a todos los trabajadores que nos quieran apoyar en esta lucha, una lucha dif\u00edcil pero no imposible si estamos juntos. La \u00fanica manera de ganar es la uni\u00f3n de todos los trabajadores\/as, el s\u00e1bado 23 a las 17 horas en el Nudo Vial\u00bb<\/p>\n\n\n\n<p>Y prosigue: \u00ab\u00bfCu\u00e1l es nuestro reclamo? Que abran la cl\u00e1usula de revisi\u00f3n de manera urgente, la inflaci\u00f3n nos est\u00e1 matando de a poco, ya no llegamos ni al d\u00eda 15. Necesitamos con urgencia ganar la canasta b\u00e1sica familiar, no podemos vivir con menos. <\/p>\n\n\n\n<p>Contin\u00faan: \u00abPedimos que salga la ley de jubilaci\u00f3n a los 57 a\u00f1os para los trabajadores de vi\u00f1a y que los compa\u00f1eros que se jubilen lo hagan con un sueldo digno, no de miseria, por eso necesitamos cobrar el valor de la canasta b\u00e1sica. \u00a1Los trabajadores no tenemos por qu\u00e9 estar pasando necesidades. Pedimos que todos los trabajadores tercerizados, despu\u00e9s de haber trabajado m\u00e1s de 6 meses, autom\u00e1ticamente pasen a planta permanente\u00bb.<\/p>\n\n\n\n<p>Y finalizan: \u00abAnd\u00e1 con tu familia, con tus amigos, llev\u00e1 carteles, llev\u00e1 pancartas, hagamos que el pueblo mendocino conozca a los verdaderos vitivin\u00edcolas, a los que hacemos la vendimia. \u00a1Vamos compa\u00f1eros por un salario digno! \u00a1La familia vitivin\u00edcola se lo merece, es una deuda que tienen los empresarios con los trabajadores desde hace muchos a\u00f1os, y es hora de que la paguen! \u00a1Todos juntos el s\u00e1bado! \u00a1Compartan para que todos se enteren!\u00bb<\/p>\n\n\n\n<div style=\"height:41px\" aria-hidden=\"true\" class=\"wp-block-spacer\"><\/div>\n","protected":false},"excerpt":{"rendered":"<p>Los trabajadores de vi\u00f1as y bodegas mendocinos nucleados en la organizaci\u00f3n \u00abVitivin\u00edcolas &#8211; Autoconvocados\u00bb realizaron,&hellip;<\/p>\n","protected":false},"author":3,"featured_media":47205,"comment_status":"open","ping_status":"open","sticky":false,"template":"","format":"standard","meta":{"footnotes":""},"categories":[14],"tags":[],"class_list":["post-47075","post","type-post","status-publish","format-standard","has-post-thumbnail","hentry","category-news"],"_links":{"self":[{"href":"https:\/\/enolife.com.ar\/es\/wp-json\/wp\/v2\/posts\/47075","targetHints":{"allow":["GET"]}}],"collection":[{"href":"https:\/\/enolife.com.ar\/es\/wp-json\/wp\/v2\/posts"}],"about":[{"href":"https:\/\/enolife.com.ar\/es\/wp-json\/wp\/v2\/types\/post"}],"author":[{"embeddable":true,"href":"https:\/\/enolife.com.ar\/es\/wp-json\/wp\/v2\/users\/3"}],"replies":[{"embeddable":true,"href":"https:\/\/enolife.com.ar\/es\/wp-json\/wp\/v2\/comments?post=47075"}],"version-history":[{"count":0,"href":"https:\/\/enolife.com.ar\/es\/wp-json\/wp\/v2\/posts\/47075\/revisions"}],"wp:featuredmedia":[{"embeddable":true,"href":"https:\/\/enolife.com.ar\/es\/wp-json\/wp\/v2\/media\/47205"}],"wp:attachment":[{"href":"https:\/\/enolife.com.ar\/es\/wp-json\/wp\/v2\/media?parent=47075"}],"wp:term":[{"taxonomy":"category","embeddable":true,"href":"https:\/\/enolife.com.ar\/es\/wp-json\/wp\/v2\/categories?post=47075"},{"taxonomy":"post_tag","embeddable":true,"href":"https:\/\/enolife.com.ar\/es\/wp-json\/wp\/v2\/tags?post=47075"}],"curies":[{"name":"wp","href":"https:\/\/api.w.org\/{rel}","templated":true}]}}