{"id":47069,"date":"2021-10-21T16:55:40","date_gmt":"2021-10-21T16:55:40","guid":{"rendered":"http:\/\/enolife.com.ar\/es\/?p=47069"},"modified":"2021-10-22T16:32:47","modified_gmt":"2021-10-22T16:32:47","slug":"presentaron-7-propuestas-de-puesta-en-escena-para-el-acto-central-de-la-fiesta-de-la-vendimia-2022","status":"publish","type":"post","link":"https:\/\/enolife.com.ar\/es\/presentaron-7-propuestas-de-puesta-en-escena-para-el-acto-central-de-la-fiesta-de-la-vendimia-2022\/","title":{"rendered":"Presentaron 7 propuestas de puesta en escena para el acto central de la Fiesta de la Vendimia 2022"},"content":{"rendered":"\n<h4 class=\"wp-block-heading\"><em><strong>Se realiz\u00f3 la apertura de sobres del llamado a concurso p\u00fablico para argumento, realizaci\u00f3n y direcci\u00f3n de la Fiesta mayor de Mendoza que, despu\u00e9s de la suspensi\u00f3n de 2021, se pondr\u00e1 en escena en el Anfiteatro Frank Romero Day los d\u00edas s\u00e1bado 5, domingo 6 y lunes 7 de marzo de 2022. Los l\u00edderes de los equipos candidatos son en su mayor\u00eda conocidos ex directores de Fiestas anteriores: Pedro Marabini y Omar Escales, Alejandro Conte, Hugo Y\u00e1\u00f1ez, Franco Ag\u00fcero, Pablo Mariano Perri, Vilma R\u00fapolo&nbsp;y Federico Ortega y Walter Neira. Ahora, el jurado de 17 miembros deber\u00e1 expedirse en fecha a determinar sobre el elegido, que ganar\u00e1 $5.700.000. Reci\u00e9n entonces comenzar\u00e1n los ensayos.<\/strong><\/em><\/h4>\n\n\n\n<div style=\"height:20px\" aria-hidden=\"true\" class=\"wp-block-spacer\"><\/div>\n\n\n\n\n\n<div style=\"height:60px\" aria-hidden=\"true\" class=\"wp-block-spacer\"><\/div>\n\n\n\n<p>Los proyectos presentados el 20\/10 contienen gui\u00f3n y s\u00edntesis argumental, planteo escenogr\u00e1fico, direcci\u00f3n art\u00edstica de la puesta en escena y equipo art\u00edstico para el Acto Central, Segunda y Tercera noche de la Fiesta Nacional de la Vendimia 2022 de Mendoza, que se desarrollar\u00e1 en el Teatro Griego Frank Romero Day el s\u00e1bado 5, domingo 6 y lunes 7 de marzo.<\/p>\n\n\n\n<p>La apertura de sobres, con las propuestas de cada staff art\u00edstico, se realiz\u00f3 ante la escribana p\u00fablica <strong>Ruth Celia Rosa Larraya<\/strong>, de la Secretar\u00eda General de Gobierno. Tuvo lugar en la Sala Elina Alba del edificio del ex Banco Hipotecario, sede del Ministerio de Cultura y Turismo.<\/p>\n\n\n\n<p>Son 7 los equipos que participan en esta primera etapa. Las propuestas son: <strong>\u00abMendoza en siete d\u00edas\u00bb<\/strong>, con direcci\u00f3n general de <strong>Pedro Marabini y Omar Escales<\/strong>; <strong>\u00abM\u00e1s all\u00e1 del tiempo\u00bb<\/strong>, bajo la direcci\u00f3n de <strong>Alejandro Conte<\/strong>; <strong>\u00abMadre ancestral de Vendimia\u00bb<\/strong>, con direcci\u00f3n general de <strong>Hugo Y\u00e1\u00f1ez<\/strong>; <strong>\u00abVendimia de la memoria infinita\u00bb<\/strong>, con direcci\u00f3n general de <strong>Franco Ag\u00fcero<\/strong>; <strong>\u00abVoces de un mismo racimo\u00bb<\/strong>, dirigida por <strong>Pablo Mariano Perri<\/strong>; <strong>\u00abMilagro del vino nuevo\u00bb<\/strong>, dirigida por <strong>Vilma R\u00fapolo y Federico Ortega<\/strong>, y <strong>\u00abEncanto del vino\u00bb<\/strong>, bajo la direcci\u00f3n de <strong>Walter Neira.<\/strong><\/p>\n\n\n\n<div style=\"height:20px\" aria-hidden=\"true\" class=\"wp-block-spacer\"><\/div>\n\n\n\n<p class=\"has-medium-font-size\"><strong>Qui\u00e9nes son los 17 jurados<\/strong><\/p>\n\n\n\n<p>El jurado que evaluar\u00e1 las propuestas presentadas est\u00e1 integrado por un representante de cada organismo e instituci\u00f3n interviniente y est\u00e1 conformado por 17 miembros con derecho a voto.<\/p>\n\n\n\n<p>Los integrantes son: por el Ministerio de Cultura y Turismo de la provincia, designado por el propio organismo, con experiencia en Vendimia, <strong>Omar Fabi\u00e1n Sama<\/strong>; por la Asociaci\u00f3n Argentina de Actores Delegaci\u00f3n Mendoza, designado por la propia Asociaci\u00f3n, <strong>Juan Jos\u00e9 Cinquemani;<\/strong> por el Ministerio de Cultura y Turismo, \u00e1rea t\u00e9cnica, designado por el propio organismo, con experiencia en \u00e1reas t\u00e9cnicas de Vendimia, <strong>Maximiliano Cortez.<\/strong><\/p>\n\n\n\n<p>Asimismo, el representante de Canal Acequia, designado por el propio organismo, con experiencia en Vendimia o eventos de igual jerarqu\u00eda art\u00edstica, <strong>Norberto Ariel Blasco<\/strong>; el experto en Historia y Antropolog\u00eda, designado por antecedentes por parte del Ministerio de Cultura y Turismo, <strong>Roberto Rub\u00e9n Mons<\/strong>, y en representaci\u00f3n de las comunas, <strong>Marcelo Gabriel R\u00edos.<\/strong><\/p>\n\n\n\n<p>Se suman un representante de Argentores Delegaci\u00f3n Mendoza, designado por antecedentes dramat\u00fargicos con certificaci\u00f3n de haber publicado o registrado al menos una Fiesta de la Vendimia departamental o nacional y\/o al menos tres obras literarias, ya sea como autor o coautor, <strong>Ana Alba Iris Fajardo<\/strong>; un representante elegido de mutuo acuerdo por la Corenave (Comisi\u00f3n de Reinas Nacionales de la Vendimia) y Covinave (Comisi\u00f3n de Virreinas Nacionales de la Vendimia), <strong>Luz Martina Mercol <\/strong>(Covinave).<\/p>\n\n\n\n<p>Completan el jurado un representante de Hacedores Vendimiales por foro de Vendimia citado a tal efecto, a propuesta entre los asistentes, por simple mayor\u00eda de los miembros presentes, <strong>Norberto Omar Lateana<\/strong>; un representante de la Facultad de Artes y Dise\u00f1o de la UNCuyo, <strong>Omar Hugo Arancibia<\/strong>; un representante de exdirectores de Fiestas Nacionales de la Vendimia, <strong>Alicia Mercedes Casares<\/strong>; en representaci\u00f3n de Infraestructura de la provincia, designada por la Subsecretar\u00eda de Infraestructura,<strong> Mar\u00eda Eugenia Lana<\/strong>.<\/p>\n\n\n\n<p>Tambi\u00e9n participan en el jurado un representante de las asociaciones de danza vigentes y con personer\u00eda jur\u00eddica certificada ante el Ministerio de Cultura y Turismo, <strong>Alejandro Iv\u00e1n Mart\u00ednez<\/strong> (AMPD), <strong>Luc\u00eda Alejandra Gui\u00f1ez<\/strong> (UCOHUE), Ana Patricia Motos (ACMD), <strong>Ana Laura Ortolani <\/strong>(So\u00f1arte); un representante de las asociaciones y\/o sindicato de m\u00fasicos vigentes y con personer\u00eda jur\u00eddica certificada ante el Ministerio de Cultura y Turismo, <strong>Ra\u00fal Alberto Rivero<\/strong> (MIMM) y<strong> Zaharay Graciela Ortega <\/strong>(M\u00fasicos de Cuyo).<\/p>\n\n\n\n<div style=\"height:20px\" aria-hidden=\"true\" class=\"wp-block-spacer\"><\/div>\n\n\n\n<p class=\"has-small-font-size\"><em><strong>Fuente: Gobierno de Mendoza<\/strong><\/em><\/p>\n\n\n\n<div style=\"height:20px\" aria-hidden=\"true\" class=\"wp-block-spacer\"><\/div>\n","protected":false},"excerpt":{"rendered":"<p>Se realiz\u00f3 la apertura de sobres del llamado a concurso p\u00fablico para argumento, realizaci\u00f3n y&hellip;<\/p>\n","protected":false},"author":3,"featured_media":47085,"comment_status":"open","ping_status":"open","sticky":false,"template":"","format":"standard","meta":{"footnotes":""},"categories":[14],"tags":[],"class_list":["post-47069","post","type-post","status-publish","format-standard","has-post-thumbnail","hentry","category-news"],"_links":{"self":[{"href":"https:\/\/enolife.com.ar\/es\/wp-json\/wp\/v2\/posts\/47069","targetHints":{"allow":["GET"]}}],"collection":[{"href":"https:\/\/enolife.com.ar\/es\/wp-json\/wp\/v2\/posts"}],"about":[{"href":"https:\/\/enolife.com.ar\/es\/wp-json\/wp\/v2\/types\/post"}],"author":[{"embeddable":true,"href":"https:\/\/enolife.com.ar\/es\/wp-json\/wp\/v2\/users\/3"}],"replies":[{"embeddable":true,"href":"https:\/\/enolife.com.ar\/es\/wp-json\/wp\/v2\/comments?post=47069"}],"version-history":[{"count":0,"href":"https:\/\/enolife.com.ar\/es\/wp-json\/wp\/v2\/posts\/47069\/revisions"}],"wp:featuredmedia":[{"embeddable":true,"href":"https:\/\/enolife.com.ar\/es\/wp-json\/wp\/v2\/media\/47085"}],"wp:attachment":[{"href":"https:\/\/enolife.com.ar\/es\/wp-json\/wp\/v2\/media?parent=47069"}],"wp:term":[{"taxonomy":"category","embeddable":true,"href":"https:\/\/enolife.com.ar\/es\/wp-json\/wp\/v2\/categories?post=47069"},{"taxonomy":"post_tag","embeddable":true,"href":"https:\/\/enolife.com.ar\/es\/wp-json\/wp\/v2\/tags?post=47069"}],"curies":[{"name":"wp","href":"https:\/\/api.w.org\/{rel}","templated":true}]}}