{"id":47016,"date":"2021-10-22T16:32:25","date_gmt":"2021-10-22T16:32:25","guid":{"rendered":"http:\/\/enolife.com.ar\/es\/?p=47016"},"modified":"2021-10-25T01:25:28","modified_gmt":"2021-10-25T01:25:28","slug":"el-fondo-vitivinicola-se-suma-a-la-feria-de-negocios-del-vino-que-expondra-etiquetas-de-90-bodegas","status":"publish","type":"post","link":"https:\/\/enolife.com.ar\/es\/el-fondo-vitivinicola-se-suma-a-la-feria-de-negocios-del-vino-que-expondra-etiquetas-de-90-bodegas\/","title":{"rendered":"El Fondo Vitivin\u00edcola se suma a la feria de negocios del vino que expondr\u00e1 etiquetas de 90 bodegas"},"content":{"rendered":"\n<h4 class=\"wp-block-heading\"><em><strong>El pr\u00f3ximo 27 de octubre, Expo Vinos &amp; Negocios reunir\u00e1 por primera vez en Mendoza a compradores del trade de bebidas&nbsp;con 90 bodegas y destiler\u00edas&nbsp;que&nbsp;ofrecer\u00e1n&nbsp;500 etiquetas diferentes&nbsp;para degustar de forma presencial, en una feria exclusiva para profesionales. El Fondo Vitivin\u00edcola se une a este evento con una presentaci\u00f3n de Guillermo Oliveto sobre los desaf\u00edos estrat\u00e9gicos en el mercado interno.<\/strong><\/em><\/h4>\n\n\n\n<div style=\"height:20px\" aria-hidden=\"true\" class=\"wp-block-spacer\"><\/div>\n\n\n\n\n\n<div style=\"height:59px\" aria-hidden=\"true\" class=\"wp-block-spacer\"><\/div>\n\n\n\n<p>La 5ta edici\u00f3n de Expo Vinos &amp; Negocios se realizar\u00e1 por primera vez en Mendoza y contar\u00e1  con seminarios y con el 1er Congreso Argentino de Vinotecas, organizado junto a la C\u00e1mara Argentina de Vinotecas y Afines (CAVA) que reunir\u00e1 a vinotecas de todo el pa\u00eds para participar de Rondas de Negocios con bodegas y proveedores.<\/p>\n\n\n\n<p>Se trata de una feria en la cual se reunir\u00e1n peque\u00f1os y medianos productores tanto como grandes bodegas con  compradores del trade (vinotecas, restaurantes, hoteles, etc) y distribuidores y representantes dque buscan incorporar nuevas marcas a su comercializaci\u00f3n. <\/p>\n\n\n\n<div style=\"height:20px\" aria-hidden=\"true\" class=\"wp-block-spacer\"><\/div>\n\n\n\n<h4 class=\"has-vivid-red-color has-text-color wp-block-heading\"><strong>Las ediciones anteriores fueron en la Ciudad de Buenos Aires, en las cuales se reunieron  400 expositores con 8.000 compradores, que degustaron 3200 etiquetas de Vinos &amp; Spirits.<\/strong><\/h4>\n\n\n\n<div style=\"height:20px\" aria-hidden=\"true\" class=\"wp-block-spacer\"><\/div>\n\n\n\n<p>Se llevar\u00e1 a cabo el <strong>mi\u00e9rcoles 27\/10 de 10 a 20 hs. en la Bodega Los Toneles, <\/strong>ubicada en<strong> <\/strong>Av. Lateral Norte Acceso Este 1360 de Guaymall\u00e9n y el acceso ser\u00e1 sin cargo pero exclusivo para profesionales y prensa mediante invitaci\u00f3n oficial.<\/p>\n\n\n\n<div style=\"height:20px\" aria-hidden=\"true\" class=\"wp-block-spacer\"><\/div>\n\n\n\n<p class=\"has-medium-font-size\"><strong>Bodegas que participan<\/strong><\/p>\n\n\n\n<p>Abrasado, Adentro, Agostino Wines, Alfa Crux, Amalaya, Amansado, Anaia Wines, Andilian, Antonio Mas Wines, Argento, Ar\u00edstides, A Coraz\u00f3n Abierto, Beronia (Espa\u00f1a), Bodega del Desierto, Budeguer, Calle Lafi, Casarena Bodega y Vi\u00f1edos, Catapano Wines, Cava Gentile, Cielo y Tierra, Claroscuro, Coen Wines, Colom\u00e9, Cruzat, Cha\u00f1ar Lorenzo Estate, Chateau La Coste (Francia), Dante Robino, Desenlace, Domiciano, Do\u00f1a Paula, El Equilibrista, Estancia Mendoza, Familia Zanchetta, Finca del Aniello, Finca Don Carlos, Finca Guardia Vieja, Finca Iral, Fuego Blanco, Iacarini, I\u00fadica, Jasmine Monet, Jorge Rubio, Kaiken, KM 49, La Coste de Los Andes, La Imaginaci\u00f3n al poder, Lattarico Wines, LJ Wines, Lopez, Los Helechos, Los Toneles, Lucero Corzo, Malpensado, Martino Wines, Meraki Wines, Mi Terru\u00f1o, Miraluna, Mosquita Muerta Wines, Mythic Cellar, Penedo Borges, Piedra Negra, Pulenta Estate, Ricardo Santos, Rosell Boher, Salvador Patti, Sarapura, S\u00e1trapa, Siete Fincas, Sillero Wines, Taittinger (Francia), Tamascal, Telteca, The Wine Plan, Toso, Trivento, Valle Las Nencias, Vinos de Potrero y Vi\u00f1a Montes (Chile), Casa Tapaus Destilados, Entre Perro y Lobo Gin, Hilbing Franke Distillery, Yzaguirre Vermouth (Espa\u00f1a), MOM Gin, Taylor&#8217;s Port (Portugal) y Terrier Gin.<\/p>\n\n\n\n<p>Adem\u00e1s se suman empresas tales como Alquer\u00eda Vinagres, Cocoa Bit Chocolates y Oliv\u00edcola Laur,  Newine (wine dispensers), Vitte Wine Technology (wine dispensers)<\/p>\n\n\n\n<div style=\"height:20px\" aria-hidden=\"true\" class=\"wp-block-spacer\"><\/div>\n\n\n\n<p class=\"has-medium-font-size\"><strong>1er Congreso Argentino de Vinotecas<\/strong><\/p>\n\n\n\n<p>Organizado junto a la <strong>C\u00e1mara Argentina de Vinotecas y Afines <\/strong>(CAVA), se realizar\u00e1 el 1er Congreso Argentino de Vinotecas, un encuentro que se propone conectar de forma directa a los compradores del canal vinotecas con bodegas y distribuidores. La actividad central que propone este encuentro es la realizaci\u00f3n de rondas de negocios.<\/p>\n\n\n\n<div style=\"height:20px\" aria-hidden=\"true\" class=\"wp-block-spacer\"><\/div>\n\n\n\n<p class=\"has-medium-font-size\"><strong>Seminarios<\/strong><\/p>\n\n\n\n<p>Se realizar\u00e1n seminarios dictados por profesionales que abarcar\u00e1n temas tales como la industria del vino en un mundo Post-Covid (panorama, desaf\u00edos y oportunidades), mercado interno, enoturismo, marketing vitivin\u00edcola y comercio exterior<strong>, <\/strong>presentado por la consultora londinense Wine Intelligence, IWSR y ProWein S\u00e3o Paulo.<\/p>\n\n\n\n<p>Se presentar\u00e1 adem\u00e1s la 2da edici\u00f3n del Wine Tech Forum, un seminario que explora el impacto presente y futuro de la tecnolog\u00eda en el negocio del vino.<\/p>\n\n\n\n<p class=\"has-background has-very-light-gray-background-color\"><strong>M\u00e1s informaci\u00f3n a: <a href=\"mailto:hola@winerevolution.net\">hola@winerevolution.net<\/a> o ingresar a <a href=\"http:\/\/www.vinosynegocios.com\/expo\">www.vinosynegocios.com\/expo<\/a><\/strong><\/p>\n\n\n\n<p>La feria cuenta con el apoyo institucional de: Gobierno de Mendoza, Coviar, Fondo Vitivin\u00edcola, la Agencia Mendocina de Innovaci\u00f3n, Ciencia y Tecnolog\u00eda, Bodegas de Argentina, la C\u00e1mara Argentina de Vinotecas y Afines (CAVA) y la Asociaci\u00f3n Argentina de Sommeliers (AAS).<\/p>\n\n\n\n<div style=\"height:57px\" aria-hidden=\"true\" class=\"wp-block-spacer\"><\/div>\n","protected":false},"excerpt":{"rendered":"<p>El pr\u00f3ximo 27 de octubre, Expo Vinos &amp; Negocios reunir\u00e1 por primera vez en Mendoza&hellip;<\/p>\n","protected":false},"author":3,"featured_media":47154,"comment_status":"open","ping_status":"open","sticky":false,"template":"","format":"standard","meta":{"footnotes":""},"categories":[10],"tags":[],"class_list":["post-47016","post","type-post","status-publish","format-standard","has-post-thumbnail","hentry","category-ferias"],"_links":{"self":[{"href":"https:\/\/enolife.com.ar\/es\/wp-json\/wp\/v2\/posts\/47016","targetHints":{"allow":["GET"]}}],"collection":[{"href":"https:\/\/enolife.com.ar\/es\/wp-json\/wp\/v2\/posts"}],"about":[{"href":"https:\/\/enolife.com.ar\/es\/wp-json\/wp\/v2\/types\/post"}],"author":[{"embeddable":true,"href":"https:\/\/enolife.com.ar\/es\/wp-json\/wp\/v2\/users\/3"}],"replies":[{"embeddable":true,"href":"https:\/\/enolife.com.ar\/es\/wp-json\/wp\/v2\/comments?post=47016"}],"version-history":[{"count":0,"href":"https:\/\/enolife.com.ar\/es\/wp-json\/wp\/v2\/posts\/47016\/revisions"}],"wp:featuredmedia":[{"embeddable":true,"href":"https:\/\/enolife.com.ar\/es\/wp-json\/wp\/v2\/media\/47154"}],"wp:attachment":[{"href":"https:\/\/enolife.com.ar\/es\/wp-json\/wp\/v2\/media?parent=47016"}],"wp:term":[{"taxonomy":"category","embeddable":true,"href":"https:\/\/enolife.com.ar\/es\/wp-json\/wp\/v2\/categories?post=47016"},{"taxonomy":"post_tag","embeddable":true,"href":"https:\/\/enolife.com.ar\/es\/wp-json\/wp\/v2\/tags?post=47016"}],"curies":[{"name":"wp","href":"https:\/\/api.w.org\/{rel}","templated":true}]}}