{"id":47014,"date":"2021-10-20T23:38:51","date_gmt":"2021-10-20T23:38:51","guid":{"rendered":"http:\/\/enolife.com.ar\/es\/?p=47014"},"modified":"2021-10-29T16:36:42","modified_gmt":"2021-10-29T16:36:42","slug":"literatura-y-vino-eterno-maridaje-en-la-feria-internacional-del-libro-de-mendoza","status":"publish","type":"post","link":"https:\/\/enolife.com.ar\/es\/literatura-y-vino-eterno-maridaje-en-la-feria-internacional-del-libro-de-mendoza\/","title":{"rendered":"Literatura y vino, eterno maridaje, en la Feria Internacional del Libro de Mendoza"},"content":{"rendered":"\n<h4 class=\"wp-block-heading\"><em><strong>Los libros y nuestra bebida nacional est\u00e1n naturalmente conectados. Por eso, el Fondo Vitivin\u00edcola se suma a la Feria Internacional del Libro Mendoza 2021 con propuestas novedosas: podcasts en vivo, obras de teatro, muestras y conferencias acompa\u00f1adas con degustaciones. La Enoteca y el contiguo Auditorio \u00b4\u00c1ngel Bustelo ser\u00e1n el escenario del encuentro, desde el lunes 25 al domingo 31 de octubre. Julio Cort\u00e1zar, Liliana Bodoc, Ernest Hemingway, Rep y Felipe Pigna, algunos de los escritores amantes del vino invitados.<\/strong><\/em><\/h4>\n\n\n\n<div style=\"height:50px\" aria-hidden=\"true\" class=\"wp-block-spacer\"><\/div>\n\n\n\n\n\n<div style=\"height:65px\" aria-hidden=\"true\" class=\"wp-block-spacer\"><\/div>\n\n\n\n<p>Este 2021, en el retorno con p\u00fablico de la ya tradicional <strong>Feria Internacional del Libro de Mendoza<\/strong>, el escenario elegido es el Parque C\u00edvico de la Capital provincial, con la c\u00e1lida <strong>Enoteca<\/strong>, donde el vino ser\u00e1 protagonista junto a la literatura, el imponente <strong>Auditorio \u00c1ngel Bustelo<\/strong> y los prados aleda\u00f1os, donde habr\u00e1 espect\u00e1culos y gastronom\u00eda. La invitaci\u00f3n, irresistible para los libr\u00f3manos, es del lunes 25 al domingo 31 de octubre.<\/p>\n\n\n\n<p>A continuaci\u00f3n, los principales eventos relacionados con el vino que tendr\u00e1n lugar durante la Feria.<\/p>\n\n\n\n<div style=\"height:20px\" aria-hidden=\"true\" class=\"wp-block-spacer\"><\/div>\n\n\n\n<p class=\"has-medium-font-size\"><strong>Cuentos al o\u00eddo<\/strong><\/p>\n\n\n\n<p>Se trata de un ciclo de podcast en vivo escritos e interpretados por <strong>Patricia Slukich<\/strong>, periodista cultural mendocina, con la asistencia de <strong>Mar\u00eda Jos\u00e9 Sard\u00e1<\/strong>, ambas del espacio cultural <strong>Casa Montenegro<\/strong>. Los tres episodios est\u00e1n ligados a la literatura e invitan al espectador a presenciar el proceso de creaci\u00f3n del podcast, donde se suman a los recursos sonoros diferentes registros de imagen como fotograf\u00edas o producci\u00f3n audiovisual: cortos, animaci\u00f3n, documental, entre otros. En cada encuentro, el vino agrega una dimensi\u00f3n cultural y sensorial que prepara los sentidos para potenciar toda la experiencia.<\/p>\n\n\n\n<ul class=\"wp-block-list\"><li><strong>Lunes 25\/10 a las 20 hs:<\/strong> Cort\u00e1zar y el jazz, la noche boca arriba, sobre <strong>Julio Cort\u00e1zar.<\/strong><\/li><li><strong>Mi\u00e9rcoles 27\/10 a las 20 hs: <\/strong>Mar de fondo, sobre \u00abEl viejo y el mar\u00bb, de <strong>Ernest Hemingway.<\/strong><\/li><li><strong>Viernes 29\/10 a las 20 hs: <\/strong>Madre de los dragones, sobre <strong>Liliana Bodoc<\/strong>.<\/li><\/ul>\n\n\n\n<p class=\"has-background has-very-light-gray-background-color\"><strong>Se realizar\u00e1 en la Sala Mayor de La Enoteca, con entrada es gratuita, previa reserva. M\u00e1s info: <a href=\"mailto:comunicacion@fondovitivinicola.com.ar\">comunicacion@fondovitivinicola.com.ar<\/a><\/strong><\/p>\n\n\n\n<div style=\"height:20px\" aria-hidden=\"true\" class=\"wp-block-spacer\"><\/div>\n\n\n\n<p class=\"has-medium-font-size\"><strong>\u00abLa vid es bella\u00bb, teatro did\u00e1ctico<\/strong><\/p>\n\n\n\n<p>La obra de teatro did\u00e1ctico \u00abLa vid es bella\u00bb tendr\u00e1 dos funciones para que ni\u00f1os y ni\u00f1as de escuelas primarias disfruten y aprendan m\u00e1s sobre el valor de nuestra vitivinicultura. La obra es iniciativa del <strong>Fondo Vitivin\u00edcola<\/strong> y est\u00e1 a cargo del elenco <strong>Marabunta<\/strong>. Fue estrenada en el 2019 en el marco de los festejos del Vino Argentino Bebida Nacional y ya sum\u00f3 m\u00e1s de mil espectadores. Luego de su presentaci\u00f3n en la Feria del Libro, la obra se ir\u00e1 de gira para que puedan disfrutarla alumnos de todos los puntos de nuestra provincia.<\/p>\n\n\n\n<p class=\"has-background has-very-light-gray-background-color\"><strong>Mi\u00e9rcoles 27 de octubre, a las 10 y a las 14 hs. en el Auditorio Bustelo. M\u00e1s info: <a href=\"mailto:comunicacion@fondovitivinicola.com.ar\">comunicacion@fondovitivinicola.com.ar<\/a><\/strong><\/p>\n\n\n\n<div style=\"height:20px\" aria-hidden=\"true\" class=\"wp-block-spacer\"><\/div>\n\n\n\n<p class=\"has-medium-font-size\"><strong>\u00abVino. Tinta y tinto sobre blanco\u00bb, para disfrutar con copa en mano<\/strong><\/p>\n\n\n\n<p>Una parada obligada en la Feria del libro ser\u00e1 la muestra de ilustraciones del libro \u00abVino. Tinto y tinta sobre blanco\u00bb del artista Miguel Repiso, mejor conocido como Rep. Las p\u00e1ginas de este trabajo no s\u00f3lo muestran la relaci\u00f3n del autor con el vino, sino tambi\u00e9n recrean la presencia del vino en la cultura argentina, tanto en lo cotidiano como en lo ic\u00f3nico. La inspiraci\u00f3n que qued\u00f3 plasmada en las ilustraciones que se ver\u00e1n en la muestra lleg\u00f3 luego de que Rep viajara por varias provincias y regiones vitivin\u00edcolas del pa\u00eds, visitando bodegas y actores vitivin\u00edcolas. El trabajo cont\u00f3 con el apoyo del Fondo Vitivin\u00edcola y Editorial Planeta.<\/p>\n\n\n\n<p class=\"has-background has-very-light-gray-background-color\"><strong>Desde el viernes 22 al domingo 31 de octubre, de 15 a 20 hs en la Sala menor de La Enoteca, con entrada gratuita. Sin necesidad de previa reserva.<\/strong><\/p>\n\n\n\n<div style=\"height:20px\" aria-hidden=\"true\" class=\"wp-block-spacer\"><\/div>\n\n\n\n<p class=\"has-medium-font-size\"><strong>Propuestas para la biblioteca de un amante del vino<\/strong><\/p>\n\n\n\n<p>Para completar el recorrido cultural podr\u00e1 visitarse el stand del Vino Argentino, en el que estar\u00e1n a la venta libros relacionados a nuestra Bebida Nacional. \u201cVino. Tinta y tinto sobre blanco\u201d de Rep, \u201cAl gran pueblo argentino, salud!\u201d de Felipe Pigna y el manual \u201cLa cultura de la vid y el vino\u201d son algunos de los t\u00edtulos que podr\u00e1n conseguirse a precio promocional.<\/p>\n\n\n\n<div style=\"height:20px\" aria-hidden=\"true\" class=\"wp-block-spacer\"><\/div>\n\n\n\n<p class=\"has-medium-font-size\"><strong>Visitas guiadas a la cuna de la vitivinicultura argentina<\/strong><\/p>\n\n\n\n<p>La Enoteca continuar\u00e1 ofreciendo sus visitas guiadas a todo mendocino y turista que quiera conocer la historia de la vitivinicultura argentina, en el preciso lugar donde todo comenz\u00f3.<\/p>\n\n\n\n<p class=\"has-background has-very-light-gray-background-color\"><strong>De lunes a viernes, de 10 a 17  hs (la visita tiene una duraci\u00f3n de 1 hora), en La Enoteca. Entrada gratuita con reserva previa. M\u00e1s info: <a href=\"mailto:turismo@laenoteca.com.ar\">turismo@laenoteca.com.ar<\/a><\/strong><\/p>\n\n\n\n<div style=\"height:66px\" aria-hidden=\"true\" class=\"wp-block-spacer\"><\/div>\n","protected":false},"excerpt":{"rendered":"<p>Los libros y nuestra bebida nacional est\u00e1n naturalmente conectados. Por eso, el Fondo Vitivin\u00edcola se&hellip;<\/p>\n","protected":false},"author":3,"featured_media":47064,"comment_status":"open","ping_status":"open","sticky":false,"template":"","format":"standard","meta":{"footnotes":""},"categories":[47],"tags":[],"class_list":["post-47014","post","type-post","status-publish","format-standard","has-post-thumbnail","hentry","category-agenda"],"_links":{"self":[{"href":"https:\/\/enolife.com.ar\/es\/wp-json\/wp\/v2\/posts\/47014","targetHints":{"allow":["GET"]}}],"collection":[{"href":"https:\/\/enolife.com.ar\/es\/wp-json\/wp\/v2\/posts"}],"about":[{"href":"https:\/\/enolife.com.ar\/es\/wp-json\/wp\/v2\/types\/post"}],"author":[{"embeddable":true,"href":"https:\/\/enolife.com.ar\/es\/wp-json\/wp\/v2\/users\/3"}],"replies":[{"embeddable":true,"href":"https:\/\/enolife.com.ar\/es\/wp-json\/wp\/v2\/comments?post=47014"}],"version-history":[{"count":0,"href":"https:\/\/enolife.com.ar\/es\/wp-json\/wp\/v2\/posts\/47014\/revisions"}],"wp:featuredmedia":[{"embeddable":true,"href":"https:\/\/enolife.com.ar\/es\/wp-json\/wp\/v2\/media\/47064"}],"wp:attachment":[{"href":"https:\/\/enolife.com.ar\/es\/wp-json\/wp\/v2\/media?parent=47014"}],"wp:term":[{"taxonomy":"category","embeddable":true,"href":"https:\/\/enolife.com.ar\/es\/wp-json\/wp\/v2\/categories?post=47014"},{"taxonomy":"post_tag","embeddable":true,"href":"https:\/\/enolife.com.ar\/es\/wp-json\/wp\/v2\/tags?post=47014"}],"curies":[{"name":"wp","href":"https:\/\/api.w.org\/{rel}","templated":true}]}}