{"id":46804,"date":"2021-10-19T14:30:18","date_gmt":"2021-10-19T14:30:18","guid":{"rendered":"http:\/\/enolife.com.ar\/es\/?p=46804"},"modified":"2021-10-21T16:56:26","modified_gmt":"2021-10-21T16:56:26","slug":"vuelve-a-encenderse-la-alarma-en-la-vitivinicultura-hoy-tratan-en-diputados-la-ley-tolerancia-cero","status":"publish","type":"post","link":"https:\/\/enolife.com.ar\/es\/vuelve-a-encenderse-la-alarma-en-la-vitivinicultura-hoy-tratan-en-diputados-la-ley-tolerancia-cero\/","title":{"rendered":"Vuelve a encenderse la alarma en la vitivinicultura: hoy tratan en Diputados la ley \u00abtolerancia cero\u00bb"},"content":{"rendered":"\n<h4 class=\"wp-block-heading\"><em><strong>La C\u00e1mara de Diputados de Argentina comenzar\u00e1 a debatir hoy 19\/10\/21 -en la comisi\u00f3n de Transporte, a\u00fan no en el recinto de sesiones- el proyecto de ley&nbsp;\u00abAlcohol cero al volante\u00bb, elaborado y presentado en abril de este a\u00f1o por el ex diputado Facundo Moyano y por Ramiro Guti\u00e9rrez, ambos peronistas bonaerenses del Frente de Todos. La norma propone tolerancia cero para todos los conductores y veh\u00edculos por igual en todo el pa\u00eds. Cabe recordar que la norma actual permite tener hasta 0,5 gramos de alcohol por litro de sangre.<\/strong><\/em><strong><em> <\/em><\/strong><\/h4>\n\n\n\n<hr class=\"wp-block-separator\"\/>\n\n\n\n<h4 class=\"wp-block-heading\"><em><strong>La mayor parte de la industria vitivin\u00edcola y la casi totalidad de los legisladores que representan a Mendoza en la Naci\u00f3n se oponen a este plan. Consultados por Enolife, varios de ellos expresaron su opini\u00f3n al respecto, coincidiendo en que \u00abla soluci\u00f3n est\u00e1 en la educaci\u00f3n\u00bb y que en este tema \u00abhay que evitar un manejo pol\u00edtico\u00bb.<\/strong><\/em><strong><em> <\/em><\/strong><\/h4>\n\n\n\n<div style=\"height:20px\" aria-hidden=\"true\" class=\"wp-block-spacer\"><\/div>\n\n\n\n\n\n<div style=\"height:65px\" aria-hidden=\"true\" class=\"wp-block-spacer\"><\/div>\n\n\n\n<p>En abril de 2021, el ex diputado Facundo Moyano, junto a Ramiro Guti\u00e9rrez, ambos del Frente de Todos ( FDT) elaboraron y presentaron el proyecto de ley \u00abAlcohol Cero\u00bb que proh\u00edbe a los conductores de todo tipo de veh\u00edculos con motor circular con cualquier concentraci\u00f3n de alcohol en sangre superior a cero. En esa oportunidad, 12  c\u00e1maras y asociaciones del sector vitivin\u00edcola se manifestaron en contra.<\/p>\n\n\n\n<div style=\"height:20px\" aria-hidden=\"true\" class=\"wp-block-spacer\"><\/div>\n\n\n\n<p class=\"has-background has-very-light-gray-background-color\"><strong>Ver nota Enolife 21\/4\/21: <a href=\"https:\/\/enolife.com.ar\/es\/politicos-de-todos-los-partidos-y-lideres-vitivinicolas-se-unen-en-contra-de-la-ley-de-tolerancia-cero\/\">Pol\u00edticos de todos los partidos y l\u00edderes vitivin\u00edcolas se unen en contra de la Ley de Tolerancia Cero<\/a><\/strong><\/p>\n\n\n\n<div style=\"height:20px\" aria-hidden=\"true\" class=\"wp-block-spacer\"><\/div>\n\n\n\n<p>Con el anuncio de que a partir de hoy empiezan los debates en la Comisi\u00f3n de Transporte de la C\u00e1mara de Diputados de la Naci\u00f3n, presidida por Jos\u00e9 Cano (UCR), nuevamente el sector del vino expres\u00f3 su preocupaci\u00f3n y disconformidad.<\/p>\n\n\n\n<div class=\"wp-block-image\"><figure class=\"alignleft size-large is-resized\"><img loading=\"lazy\" decoding=\"async\" src=\"https:\/\/enolife.com.ar\/es\/wp-content\/uploads\/2021\/10\/patricia.jpg\" alt=\"\" class=\"wp-image-46966\" width=\"280\" height=\"308\" srcset=\"https:\/\/enolife.com.ar\/es\/wp-content\/uploads\/2021\/10\/patricia.jpg 505w, https:\/\/enolife.com.ar\/es\/wp-content\/uploads\/2021\/10\/patricia-273x300.jpg 273w\" sizes=\"auto, (max-width: 280px) 100vw, 280px\" \/><figcaption><strong><em>Patricia Ort\u00edz<\/em><\/strong><\/figcaption><\/figure><\/div>\n\n\n\n<p><strong>Patricia Ortiz, presidenta de Bodegas de Argentina<\/strong>, expres\u00f3 a Enolife: \u00abEn la industria nos preocupa esta iniciativa, sobre todo porque nosotros venimos hace a\u00f1os insistiendo y trabajando en el programa de consumo responsable. Entendemos que la educaci\u00f3n es el camino que se debe seguir para este tipo de medidas, porque la prohibici\u00f3n ya ha demostrado que no da los resultados que se est\u00e1n buscando: quien no respeta el 0,5 no va a respetar tampoco el cero. En los accidentes que suceden, los conductores est\u00e1n por encima de esos valores siempre, est\u00e1n arriba de uno, con lo cual creemos que es important\u00edsima la educaci\u00f3n, y \u00e9se es el trabajo que venimos haciendo desde hace muchos a\u00f1os. Nosotros insistimos en que tenemos que trabajar en conjunto con el gobierno en este tipo de pol\u00edticas, porque realmente la tolerancia cero afectar\u00eda mucho a la industria y, adem\u00e1s, sin brindar los beneficios que la sociedad est\u00e1 buscando. Entonces pedimos un di\u00e1logo, un trabajo conjunto, una estrategia conjunta para abordar el tema, ya que realmente nos preocupa a todos. No creemos que sea por esa v\u00eda como se va a lograr cambiar, nos parece m\u00e1s como que es una medida pol\u00edtica, que se busca que suene como que existe una preocupaci\u00f3n por el tema, pero as\u00ed no se va a resolver.\u00bb<\/p>\n\n\n\n<div style=\"height:20px\" aria-hidden=\"true\" class=\"wp-block-spacer\"><\/div>\n\n\n\n<h4 class=\"has-vivid-red-color has-text-color wp-block-heading\"><strong>La actual&nbsp;Ley de Tr\u00e1nsito 24.449 establece, para cualquier tipo de veh\u00edculos, una tolerancia de hasta 500 miligramos (0,5 gr)&nbsp;de alcohol por litro de sangre; para motocicletas o ciclomotores, hasta 200 miligramos (02); y para transporte de pasajeros de menores y de carga, alcohol cero.<\/strong><\/h4>\n\n\n\n<div style=\"height:20px\" aria-hidden=\"true\" class=\"wp-block-spacer\"><\/div>\n\n\n\n<div class=\"wp-block-image\"><figure class=\"alignleft size-large is-resized\"><img loading=\"lazy\" decoding=\"async\" src=\"https:\/\/enolife.com.ar\/es\/wp-content\/uploads\/2021\/10\/sergio-910x1024.jpg\" alt=\"\" class=\"wp-image-46967\" width=\"266\" height=\"298\" srcset=\"https:\/\/enolife.com.ar\/es\/wp-content\/uploads\/2021\/10\/sergio-910x1024.jpg 910w, https:\/\/enolife.com.ar\/es\/wp-content\/uploads\/2021\/10\/sergio-267x300.jpg 267w, https:\/\/enolife.com.ar\/es\/wp-content\/uploads\/2021\/10\/sergio-768x864.jpg 768w, https:\/\/enolife.com.ar\/es\/wp-content\/uploads\/2021\/10\/sergio-585x658.jpg 585w, https:\/\/enolife.com.ar\/es\/wp-content\/uploads\/2021\/10\/sergio.jpg 989w\" sizes=\"auto, (max-width: 266px) 100vw, 266px\" \/><figcaption><strong><em>Sergio Villanueva<\/em><\/strong><\/figcaption><\/figure><\/div>\n\n\n\n<p>Por su parte, entrevistado <strong>Sergio Villanueva, gerente general de la Uni\u00f3n Vitivin\u00edcola Argentina (UVA) e integrante de la Corporaci\u00f3n Vitivin\u00edcola Argentina (Coviar), <\/strong>manifest\u00f3: \u00abEstamos siguiendo el tema; en la comisi\u00f3n de transporte est\u00e1n Luis Petri, Omar de Marchi y Jos\u00e9 Luis Gioga, y tambi\u00e9n Alfredo Cornejo ha venido seguiendo de cerca el tema. Nosotros estamos atentos a esta situaci\u00f3n, les hemos preguntado a nuestros legisladores si esto es simplemente un inicio del debate del tema o si ir\u00e1 pronto a dictamen, entendemos que es la primera instancia, y por eso estamos preparando nuestra propia estrategia, que es explicar y avanzar sobre temas racionales, concretos, ver qu\u00e9 pas\u00f3 en el mercado mundial, trabajar sobre las estad\u00edsticas, explicar d\u00f3nde est\u00e1 el centro del problema, que nosotros sabemos que existe, y est\u00e1 b\u00e1sicamente en los j\u00f3venes, en las noches de los fines de semana y los locales nocturnos donde se expende alcohol y no en el consumo de vino. Todos estos argumentos, que son m\u00e1s racionales, a veces se tocan con argumentos m\u00e1s pol\u00edticos, de oportunismo.\u00bb<\/p>\n\n\n\n<p>\u00abEn la comisi\u00f3n -agreg\u00f3 Villanueva- tambi\u00e9n est\u00e1 el diputado Cano, del NOA, perteneciente a la UCR y el PRO, presentando tambi\u00e9n esta iniciativa, as\u00cd que nosotros vamos a apelar a nuestros legisladores, hay algunos que ya nos hab\u00edan advertido de esta situaci\u00f3n, como Alfredo Cornejo y Federico Zamarbide. Estamos siguiendo de cerca el tema y nos estamos preparando para una cuesti\u00f3n proactiva y positiva, donde el vino no es parte del problema sino de la soluci\u00f3n, con medidas concretas, con educaci\u00f3n, con campa\u00f1as de concientizaci\u00f3n , con trabajos concretos, como siempre hace la industria vitivin\u00edcola.\u00bb <\/p>\n\n\n\n<p>\u00abSabemos que esto es una amenaza que se plantea no solamente para el consumo sino tambi\u00e9n para el enoturismo -evalu\u00f3 Villanueva- y estamos trabajando tambi\u00e9n sobre las jurisdicciones provinciales que ya aplicaron la tolerancia cero, como es el caso de Salta, a pesar de ser una provincia vitivin\u00edcola que tiene enoturismo&#8230; As\u00ed que sobre esa base estamos muy atentos a lo que est\u00e1 pasando, estamos muy informados, sabemos que va a haber un fuerte recambio de legisladores a partir de diciembre, as\u00ed que estamos viendo como queda la composici\u00f3n de las c\u00e1maras y cu\u00e1l es la postura del Poder Ejecutivo.\u00bb<\/p>\n\n\n\n<p>Finalmente, Villanueva analiz\u00f3: \u00abEsperemos que nuestros legisladores puedan actuar a tiempo y se pueda dar un debate donde prime la racionalidad y de alguna manera las razones que tiene la industria vitivin\u00edcola, que est\u00e1 muy conectada con otras vitiviniculturas del mundo, donde la siniestralidad es bastante baja y se mantiene el 0,5 o el 0,8 gr de alcohol por litro de sangre. Queremos salir de la soluci\u00f3n simplista, de pensar que con una medida como esta se pueda solucionar un tema tan complejo como es la accidentolog\u00eda, sobre todo en j\u00f3venes en salidas nocturnas, por eso hay que ver las experiencias de otros pa\u00edses y nosotros estamos dispuestos a colaborar.\u00bb<\/p>\n\n\n\n<div style=\"height:20px\" aria-hidden=\"true\" class=\"wp-block-spacer\"><\/div>\n\n\n\n<h4 class=\"has-vivid-red-color has-text-color wp-block-heading\">Al momento existen 7 provincias las que aplican una ley provincial de Tolerancia Cero, pero sin contar con un marco nacional: C\u00f3rdoba, Salta, Tucum\u00e1n, Entre R\u00edos, Jujuy, R\u00edo Negro y Santa Cruz. <\/h4>\n\n\n\n<div style=\"height:20px\" aria-hidden=\"true\" class=\"wp-block-spacer\"><\/div>\n\n\n\n<div class=\"wp-block-image\"><figure class=\"alignleft size-large is-resized\"><img loading=\"lazy\" decoding=\"async\" src=\"https:\/\/enolife.com.ar\/es\/wp-content\/uploads\/2021\/10\/de-marchi.jpg\" alt=\"\" class=\"wp-image-46968\" width=\"296\" height=\"312\" srcset=\"https:\/\/enolife.com.ar\/es\/wp-content\/uploads\/2021\/10\/de-marchi.jpg 382w, https:\/\/enolife.com.ar\/es\/wp-content\/uploads\/2021\/10\/de-marchi-285x300.jpg 285w\" sizes=\"auto, (max-width: 296px) 100vw, 296px\" \/><figcaption><strong><em>Omar De Marchi<\/em><\/strong><\/figcaption><\/figure><\/div>\n\n\n\n<p>Consultado <strong>Omar De Marchi<\/strong>, diputado mendocino en la Naci\u00f3n por el PRO, expres\u00f3: \u00abEs un tema que entra y sale cada 2 o 3 meses, el tema duerme y alguien lo despierta y vuelve a dormir. Ahora, la verdad es que de la nada apareci\u00f3 posiblemente este tratamiento, pero no para dictaminar sino en calidad informativa, no est\u00e1 claro c\u00f3mo es este impulso. Por otro lado,  Facundo Moyano ya renunci\u00f3 como diputado, y \u00e9l era uno de los m\u00e1s activos en el impulso de este proyecto, as\u00ed que veremos que pasa.\u00bb<\/p>\n\n\n\n<p>\u00abEn lo personal -agreg\u00f3 De Marchi, mi posici\u00f3n es conocida, lo hemos charlado mucho con el sector, obviamente estoy en contra de la tolerancia cero, porque esto ser\u00eda realmente afectar la mesa de los argentinos; evidentemente se difunde informaci\u00f3n err\u00f3nea o al menos sesgada cuando se habla de los accidentes automovil\u00edsticos con ingestas alcoh\u00f3licas, puedo asegurar que todos est\u00e1n por encima de 1 o 1,5 gr, y eso se ve realmente cuando les hacen la alcoholemia despu\u00e9s de un accidente; no hay ning\u00fan accidente que yo tenga conocimiento que haya sido producto del alcohol con una ingesta de 0,5 gr, que es lo que se plantea como razonable, o sea es una informaci\u00f3n evidentemente interesada por parte de alg\u00fan lobby y por otro lado sesgada.\u00bb<\/p>\n\n\n\n<p>\u00abCuando dicen que los accidentes de tr\u00e1nsito que se registran han sido producto de ingesta alcoh\u00f3lica, nunca aclaran de que miden todos por encima de 0,5. Y es que hasta 0,5 es tolerable, admisible, no hay inconvenientes, y con ese l\u00edmite de tolerancia no se afecta la parte cultural que tiene que ver con esta industria tan importante, y eso hay que decirlo.\u00bb, finaliz\u00f3 el legislador nacional mendocino.<\/p>\n\n\n\n<div style=\"height:37px\" aria-hidden=\"true\" class=\"wp-block-spacer\"><\/div>\n","protected":false},"excerpt":{"rendered":"<p>La C\u00e1mara de Diputados de Argentina comenzar\u00e1 a debatir hoy 19\/10\/21 -en la comisi\u00f3n de&hellip;<\/p>\n","protected":false},"author":3,"featured_media":46970,"comment_status":"open","ping_status":"open","sticky":false,"template":"","format":"standard","meta":{"footnotes":""},"categories":[14],"tags":[],"class_list":["post-46804","post","type-post","status-publish","format-standard","has-post-thumbnail","hentry","category-news"],"_links":{"self":[{"href":"https:\/\/enolife.com.ar\/es\/wp-json\/wp\/v2\/posts\/46804","targetHints":{"allow":["GET"]}}],"collection":[{"href":"https:\/\/enolife.com.ar\/es\/wp-json\/wp\/v2\/posts"}],"about":[{"href":"https:\/\/enolife.com.ar\/es\/wp-json\/wp\/v2\/types\/post"}],"author":[{"embeddable":true,"href":"https:\/\/enolife.com.ar\/es\/wp-json\/wp\/v2\/users\/3"}],"replies":[{"embeddable":true,"href":"https:\/\/enolife.com.ar\/es\/wp-json\/wp\/v2\/comments?post=46804"}],"version-history":[{"count":0,"href":"https:\/\/enolife.com.ar\/es\/wp-json\/wp\/v2\/posts\/46804\/revisions"}],"wp:featuredmedia":[{"embeddable":true,"href":"https:\/\/enolife.com.ar\/es\/wp-json\/wp\/v2\/media\/46970"}],"wp:attachment":[{"href":"https:\/\/enolife.com.ar\/es\/wp-json\/wp\/v2\/media?parent=46804"}],"wp:term":[{"taxonomy":"category","embeddable":true,"href":"https:\/\/enolife.com.ar\/es\/wp-json\/wp\/v2\/categories?post=46804"},{"taxonomy":"post_tag","embeddable":true,"href":"https:\/\/enolife.com.ar\/es\/wp-json\/wp\/v2\/tags?post=46804"}],"curies":[{"name":"wp","href":"https:\/\/api.w.org\/{rel}","templated":true}]}}