{"id":46775,"date":"2021-10-18T18:20:37","date_gmt":"2021-10-18T18:20:37","guid":{"rendered":"http:\/\/enolife.com.ar\/es\/?p=46775"},"modified":"2021-10-20T01:40:34","modified_gmt":"2021-10-20T01:40:34","slug":"avances-en-genetica-biotecnologia-y-genomica-de-la-vid-en-un-posgrado-de-ciencias-agrarias","status":"publish","type":"post","link":"https:\/\/enolife.com.ar\/es\/avances-en-genetica-biotecnologia-y-genomica-de-la-vid-en-un-posgrado-de-ciencias-agrarias\/","title":{"rendered":"Avances en gen\u00e9tica, biotecnolog\u00eda y gen\u00f3mica de la vid, en un posgrado de Ciencias Agrarias"},"content":{"rendered":"\n<h4 class=\"wp-block-heading\"><em><strong>Del 11 al 13\/11, la Facultad de Ciencias Agrarias (FCA) de la Universidad Nacional de Cuyo (UNCuyo), dictar\u00e1 el posgrado \u00abGen\u00e9tica de la vid\u00bb cuyo objetivo es profundizar y actualizar los conocimientos de gen\u00e9tica cl\u00e1sica, biotecnolog\u00eda y gen\u00f3mica de la vid. El cursado es virtual y est\u00e1 destinado a estudiantes de posgrado en Ciencias Agropecuarias y otras carreras afines, doctorandos, maestrando y estudiantes de especializaciones.<\/strong><\/em><\/h4>\n\n\n\n<div style=\"height:39px\" aria-hidden=\"true\" class=\"wp-block-spacer\"><\/div>\n\n\n\n\n\n<div style=\"height:55px\" aria-hidden=\"true\" class=\"wp-block-spacer\"><\/div>\n\n\n\n<p>Con una carga horaria del 15 horas y un cr\u00e9dito, el 11 de noviembre comienza el Posgrado Gen\u00e9tica de la vid, dictado en formato virtual a trav\u00e9s del campus de la F<strong>acultad de Ciencias Agrarias (FCA)<\/strong> de la <strong>Universidad Nacional de Cuyo (UNCuyo)<\/strong>.<\/p>\n\n\n\n<p>Destinado a estudiantes de posgrado en <strong>Ciencias Agropecuarias<\/strong> y otras carreras afines, doctorandos, maestrandos y estudiantes de especializaciones, se les entregar\u00e1 un certificado de aprobaci\u00f3n (estudiantes con t\u00edtulo de grado) y certificado de asistencia (estudiantes sin t\u00edtulo de grado o quienes no decidan rendir el examen final). La evaluaci\u00f3n ser\u00e1 un examen escrito que deber\u00e1 aprobarse con un m\u00ednimo de 6 puntos.<\/p>\n\n\n\n<div style=\"height:20px\" aria-hidden=\"true\" class=\"wp-block-spacer\"><\/div>\n\n\n\n<p class=\"has-medium-font-size\"><strong>Contenidos generales<\/strong><\/p>\n\n\n\n<ul class=\"wp-block-list\"><li>Organizaci\u00f3n del material gen\u00e9tico. Marcadores gen\u00e9ticos. Tipo de informaci\u00f3n gen\u00e9tica obtenida con el uso de marcadores. Aplicaciones en el mejoramiento. Discusi\u00f3n.<\/li><li>Estrategias de mejoramiento en vides de vinificar. Selecci\u00f3n clonal. Conservaci\u00f3n y Bancos de Germoplasma. Caracterizaci\u00f3n de variedades.<\/li><li>Introduccion al an\u00e1lisis de Loci de Caracteres Quantitativos (QTL). Fundamentos, interpretacion de resultados y aplicaciones para el mejoramiento.<\/li><li>Transcript\u00f3mica (RNAseq )y Gen\u00f3mica comparativa. An\u00e1lisis bioinform\u00e1tico.<\/li><li>Nuevas tecnolog\u00edas de mejoramiento gen\u00e9tico en vid: Aplicaciones para desarrollo de nuevos cultivares y de herramientas para an\u00e1lisis funcional de genes de inter\u00e9s. De la edici\u00f3n g\u00e9nica a la adaptaci\u00f3n al cambio clim\u00e1tico.<\/li><li>Determinaci\u00f3n de caracteres de calidad de la vid y del origen del Malbec argentino y su adaptaci\u00f3n a condiciones ambientales como el cambio clim\u00e1tico.<\/li><li>Epigen\u00e9tica.<\/li><li>Selecci\u00f3n sanitaria de la vid en Argentina. Enfermedades consideradas. Marco Legal de la producci\u00f3n viverista en vid. Consideraciones e impacto econ\u00f3mico de la calidad del material de propagaci\u00f3n en nuevos vi\u00f1edos.<\/li><\/ul>\n\n\n\n<div style=\"height:20px\" aria-hidden=\"true\" class=\"wp-block-spacer\"><\/div>\n\n\n\n<p class=\"has-medium-font-size\"><strong>Docentes<\/strong><\/p>\n\n\n\n<ul class=\"wp-block-list\"><li>Dr. Ricardo Masuelli (FCA \u2013 UNCuyo)<\/li><li>Dr. Carlos Marfil (IBAM- UNCUYO-CONICET)<\/li><li>MSc. Bi\u00f3loga Roc\u00edo Torres (INTA)<\/li><li>Dr. Marcos Paolinelli (INTA)<\/li><li>&nbsp;Dr. Sebast\u00edan Gomez Talquenca (INTA)<\/li><\/ul>\n\n\n\n<p><strong>Docente invitada:<\/strong> Dra. Cecilia Ag\u00fcero (UC Davis)<br><strong>Coordinadora<\/strong>: Dra. In\u00e9s Hugalde (INTA)&nbsp;<\/p>\n\n\n\n<div style=\"height:20px\" aria-hidden=\"true\" class=\"wp-block-spacer\"><\/div>\n\n\n\n<p class=\"has-medium-font-size\"><strong>Informes e inscripci\u00f3n<\/strong><\/p>\n\n\n\n<p><strong>Los interesados podr\u00e1n pre-inscribirse al&nbsp;curso&nbsp;v\u00eda el siguiente&nbsp;<a href=\"https:\/\/docs.google.com\/forms\/d\/e\/1FAIpQLSekdrvQevTH7UB5mdhhz5AZ91mfwSt1d1K230CT6HRxs3d2jw\/viewform?usp=sf_link\">enlace&nbsp;<\/a><\/strong><\/p>\n\n\n\n<p>Una vez aceptada la solicitud de inscripci\u00f3n, el interesado deber\u00e1 abonar el arancel antes del comienzo del curso: $ 4.000 para estudiantes nacionales\/nacionalizados o u$s 60 estudiantes extranjeros.<\/p>\n\n\n\n<p><strong>Informes y contacto: <a href=\"mailto:sectyp@fca.uncu.edu.ar\">sectyp@fca.uncu.edu.ar<\/a><\/strong><\/p>\n\n\n\n<p><strong>Formas de pago: <\/strong>Los estudiantes extranjeros podr\u00e1n abonar a trav\u00e9s de PayPal a @cooperadorafcauncuyo o al siguiente<strong>&nbsp;<a href=\"http:\/\/paypal.me\/cooperadorafcauncuyo?locale.x=es_XC\">enlace de pago<\/a><\/strong>.<br>Para los estudiantes nacionales se debe realizar por dep\u00f3sito bancario o transferencia bancaria a la cuenta:<\/p>\n\n\n\n<ul class=\"wp-block-list\"><li><strong>Raz\u00f3n Social: <\/strong>Asociaci\u00f3n Cooperadora de la Facultad de Ciencias Agrarias<\/li><li><strong>Cuit<\/strong>: 30-62910666-5 IVA exento<\/li><li><strong>Banco<\/strong>: HSBC<\/li><li><strong>Sucursal<\/strong>: Luj\u00e1n de Cuyo Mendoza<\/li><li><strong>Cuenta Corriente:<\/strong> 5133-20751-9<\/li><li><strong>Nro. CBU:<\/strong> 15000879-00051332075196<\/li><li><strong>Facturaci\u00f3n<\/strong>: emite facturas \u00abC\u00bb<\/li><\/ul>\n","protected":false},"excerpt":{"rendered":"<p>Del 11 al 13\/11, la Facultad de Ciencias Agrarias (FCA) de la Universidad Nacional de&hellip;<\/p>\n","protected":false},"author":3,"featured_media":46796,"comment_status":"open","ping_status":"open","sticky":false,"template":"","format":"standard","meta":{"footnotes":""},"categories":[47],"tags":[],"class_list":["post-46775","post","type-post","status-publish","format-standard","has-post-thumbnail","hentry","category-agenda"],"_links":{"self":[{"href":"https:\/\/enolife.com.ar\/es\/wp-json\/wp\/v2\/posts\/46775","targetHints":{"allow":["GET"]}}],"collection":[{"href":"https:\/\/enolife.com.ar\/es\/wp-json\/wp\/v2\/posts"}],"about":[{"href":"https:\/\/enolife.com.ar\/es\/wp-json\/wp\/v2\/types\/post"}],"author":[{"embeddable":true,"href":"https:\/\/enolife.com.ar\/es\/wp-json\/wp\/v2\/users\/3"}],"replies":[{"embeddable":true,"href":"https:\/\/enolife.com.ar\/es\/wp-json\/wp\/v2\/comments?post=46775"}],"version-history":[{"count":0,"href":"https:\/\/enolife.com.ar\/es\/wp-json\/wp\/v2\/posts\/46775\/revisions"}],"wp:featuredmedia":[{"embeddable":true,"href":"https:\/\/enolife.com.ar\/es\/wp-json\/wp\/v2\/media\/46796"}],"wp:attachment":[{"href":"https:\/\/enolife.com.ar\/es\/wp-json\/wp\/v2\/media?parent=46775"}],"wp:term":[{"taxonomy":"category","embeddable":true,"href":"https:\/\/enolife.com.ar\/es\/wp-json\/wp\/v2\/categories?post=46775"},{"taxonomy":"post_tag","embeddable":true,"href":"https:\/\/enolife.com.ar\/es\/wp-json\/wp\/v2\/tags?post=46775"}],"curies":[{"name":"wp","href":"https:\/\/api.w.org\/{rel}","templated":true}]}}