{"id":46707,"date":"2021-10-17T16:16:34","date_gmt":"2021-10-17T16:16:34","guid":{"rendered":"http:\/\/enolife.com.ar\/es\/?p=46707"},"modified":"2021-10-20T01:38:40","modified_gmt":"2021-10-20T01:38:40","slug":"la-ciudad-de-mendoza-reinaugura-hoy-el-complejo-cultural-de-plaza-independencia","status":"publish","type":"post","link":"https:\/\/enolife.com.ar\/es\/la-ciudad-de-mendoza-reinaugura-hoy-el-complejo-cultural-de-plaza-independencia\/","title":{"rendered":"La Ciudad de Mendoza reinaugura hoy el complejo cultural de Plaza Independencia"},"content":{"rendered":"\n<h4 class=\"wp-block-heading\" id=\"con-una-gran-inauguracion-el-mmamm-el-teatro-julio-quintanilla-y-la-biblioteca-ricardo-tudela-abriran-sus-puertas-el-17-de-octubre-a-las-2000.\"><em><strong>Tras estar cerrado por refacciones durante casi 5 a\u00f1os, hoy domingo 17 de octubre, a las 20, reabre el Museo Municipal de Arte Moderno (Mmam), en el coraz\u00f3n de la Plaza Independencia, sitio emblem\u00e1tico y fundacional de la capital mendocina. Al reconstruido Museo se suman las obras del pintoresco Teatro Julio Quintanilla y la Biblioteca Ricardo Tudela, para conformar el nuevo Espacio Cultural Plaza Independencia (ECPI). En conjunto, la Ciudad recobra para la cultura y el turismo un sitio de alto valor simb\u00f3lico y patrimonial.<\/strong><\/em><\/h4>\n\n\n\n<div style=\"height:20px\" aria-hidden=\"true\" class=\"wp-block-spacer\"><\/div>\n\n\n<a href=\"https:\/\/www.irrigacion.gov.ar\/web\/\" aria-label=\"irrigaci\u00f3n-1700X500\"><img loading=\"lazy\" decoding=\"async\" src=\"https:\/\/enolife.com.ar\/es\/wp-content\/uploads\/2021\/02\/irrigacion-1700X500.gif\" alt=\"\"  width=\"1700\" height=\"500\"   \/><\/a>\n\n\n<div style=\"height:73px\" aria-hidden=\"true\" class=\"wp-block-spacer\"><\/div>\n\n\n\n<p>Luego de un profundo trabajo de renovaci\u00f3n, restauraci\u00f3n y transformaci\u00f3n, la Ciudad de Mendoza abre hoy <strong>domingo 17 de octubre el Espacio Cultural Plaza Independencia (ECPI)<\/strong>. Este complejo integra, en el coraz\u00f3n de la plaza central de los mendocinos, a tres s\u00edmbolos de la cultura local: el&nbsp;<strong>Museo Municipal de Arte Moderno Mendoza (Mmamm)<\/strong>, el&nbsp;<strong>Teatro Julio Quintanilla&nbsp;<\/strong>y la&nbsp;<strong>Biblioteca Ricardo Tudela<\/strong>.<\/p>\n\n\n\n<div style=\"height:20px\" aria-hidden=\"true\" class=\"wp-block-spacer\"><\/div>\n\n\n\n<p class=\"has-background has-very-light-gray-background-color\"><strong>La inauguraci\u00f3n oficial se realizar\u00e1 hoy a las 20 horas<\/strong>. Al finalizar, los vecinos y turistas podr\u00e1n realizar visitas guiadas en 2 turnos, con 2 burbujas de 70 personas y una duraci\u00f3n de 45 minutos cada recorrido. El primer turno ser\u00e1 a las 21.30 y el segundo a las 22.15.&nbsp;<a href=\"https:\/\/ciudaddemendoza.gob.ar\/inauguracion-espacio-cultural-plaza-independencia\/\" target=\"_blank\" rel=\"noreferrer noopener\"><strong>Las personas que deseen asistir deber\u00e1n inscribirse previamente a trav\u00e9s de este enlace.<\/strong><\/a><\/p>\n\n\n\n<div style=\"height:20px\" aria-hidden=\"true\" class=\"wp-block-spacer\"><\/div>\n\n\n\n<p>Posteriormente, el Museo funcionar\u00e1 de martes a viernes de 10 a 19 horas y s\u00e1bados, domingos y feriados de 16 a 20. Por su parte, la Biblioteca Tudela atender\u00e1 al p\u00fablico de martes a viernes de 10 a 14 y de 16 a 19. Mientras que la programaci\u00f3n del teatro Quintanilla podr\u00e1 consultarse en la&nbsp;<a href=\"https:\/\/ciudaddemendoza.gob.ar\/servicios\/agenda-de-la-ciudad-de-mendoza\/\" target=\"_blank\" rel=\"noreferrer noopener\"><strong>agenda de la Ciudad de Mendoza.<\/strong><\/a><br><br>La reapertura del ECPI ofrecer\u00e1 un recorrido m\u00e1gico y metaf\u00f3rico vinculado al arte contempor\u00e1neo, repasando&nbsp;seis d\u00e9cadas de apertura del Mmamm y el teatro Quintanilla, tradici\u00f3n en artes esc\u00e9nicas y visuales mendocinas. El espect\u00e1culo se entrelazar\u00e1 con las&nbsp;<strong>aguas danzantes<\/strong>&nbsp;de la fuente central, donde artistas realizar\u00e1n una performance al comp\u00e1s de percusi\u00f3n, viol\u00edn y DJ.<\/p>\n\n\n\n<div style=\"height:20px\" aria-hidden=\"true\" class=\"wp-block-spacer\"><\/div>\n\n\n\n<figure class=\"wp-block-gallery columns-2 is-cropped wp-block-gallery-1 is-layout-flex wp-block-gallery-is-layout-flex\"><ul class=\"blocks-gallery-grid\"><li class=\"blocks-gallery-item\"><figure><img loading=\"lazy\" decoding=\"async\" width=\"640\" height=\"480\" src=\"https:\/\/enolife.com.ar\/es\/wp-content\/uploads\/2021\/10\/antes-quinta.jpg\" alt=\"\" data-id=\"46769\" data-link=\"https:\/\/enolife.com.ar\/es\/?attachment_id=46769\" class=\"wp-image-46769\" srcset=\"https:\/\/enolife.com.ar\/es\/wp-content\/uploads\/2021\/10\/antes-quinta.jpg 640w, https:\/\/enolife.com.ar\/es\/wp-content\/uploads\/2021\/10\/antes-quinta-300x225.jpg 300w, https:\/\/enolife.com.ar\/es\/wp-content\/uploads\/2021\/10\/antes-quinta-585x439.jpg 585w\" sizes=\"auto, (max-width: 640px) 100vw, 640px\" \/><figcaption class=\"blocks-gallery-item__caption\"><em><strong>Teatro antes<\/strong><\/em><\/figcaption><\/figure><\/li><li class=\"blocks-gallery-item\"><figure><img loading=\"lazy\" decoding=\"async\" width=\"720\" height=\"553\" src=\"https:\/\/enolife.com.ar\/es\/wp-content\/uploads\/2021\/10\/dps-quintq.jpg\" alt=\"\" data-id=\"46770\" data-full-url=\"https:\/\/enolife.com.ar\/es\/wp-content\/uploads\/2021\/10\/dps-quintq.jpg\" data-link=\"https:\/\/enolife.com.ar\/es\/?attachment_id=46770\" class=\"wp-image-46770\" srcset=\"https:\/\/enolife.com.ar\/es\/wp-content\/uploads\/2021\/10\/dps-quintq.jpg 720w, https:\/\/enolife.com.ar\/es\/wp-content\/uploads\/2021\/10\/dps-quintq-300x230.jpg 300w, https:\/\/enolife.com.ar\/es\/wp-content\/uploads\/2021\/10\/dps-quintq-585x449.jpg 585w\" sizes=\"auto, (max-width: 720px) 100vw, 720px\" \/><figcaption class=\"blocks-gallery-item__caption\"><em><strong>Teatro despu\u00e9s<\/strong><\/em><\/figcaption><\/figure><\/li><\/ul><\/figure>\n\n\n\n<div style=\"height:20px\" aria-hidden=\"true\" class=\"wp-block-spacer\"><\/div>\n\n\n\n<p>En la voz de juglares interpretados por <strong>Adri\u00e1n Sorrentino, Nicol\u00e1s Mestre y V\u00edctor Silione<\/strong>, comenzar\u00e1 a desarrollarse el recorrido inaugural. En su trayecto se podr\u00e1n avizorar siete personajes, con trajes que exhibir\u00e1n el pensamiento est\u00e9tico contempor\u00e1neo de la alta costura creativa.<\/p>\n\n\n\n<p>La voz oficial tomar\u00e1 vida para invitar a los presentes a la apertura de las puertas del tan esperado y respetado&nbsp;<strong>Museo Municipal de Arte Moderno de Mendoza<\/strong>. Ese ser\u00e1 el momento de la c\u00e1lida bienvenida de todo el personal que est\u00e1 a cargo del espacio.<\/p>\n\n\n\n<div style=\"height:20px\" aria-hidden=\"true\" class=\"wp-block-spacer\"><\/div>\n\n\n\n<figure class=\"wp-block-gallery columns-2 is-cropped wp-block-gallery-2 is-layout-flex wp-block-gallery-is-layout-flex\"><ul class=\"blocks-gallery-grid\"><li class=\"blocks-gallery-item\"><figure><img loading=\"lazy\" decoding=\"async\" width=\"674\" height=\"514\" src=\"https:\/\/enolife.com.ar\/es\/wp-content\/uploads\/2021\/10\/antes-museo.jpg\" alt=\"\" data-id=\"46767\" data-link=\"https:\/\/enolife.com.ar\/es\/?attachment_id=46767\" class=\"wp-image-46767\" srcset=\"https:\/\/enolife.com.ar\/es\/wp-content\/uploads\/2021\/10\/antes-museo.jpg 674w, https:\/\/enolife.com.ar\/es\/wp-content\/uploads\/2021\/10\/antes-museo-300x229.jpg 300w, https:\/\/enolife.com.ar\/es\/wp-content\/uploads\/2021\/10\/antes-museo-585x446.jpg 585w\" sizes=\"auto, (max-width: 674px) 100vw, 674px\" \/><figcaption class=\"blocks-gallery-item__caption\"><strong><em>Museo antes<\/em><\/strong><\/figcaption><\/figure><\/li><li class=\"blocks-gallery-item\"><figure><img loading=\"lazy\" decoding=\"async\" width=\"585\" height=\"403\" src=\"https:\/\/enolife.com.ar\/es\/wp-content\/uploads\/2021\/10\/despues-museo.jpg\" alt=\"\" data-id=\"46768\" data-full-url=\"https:\/\/enolife.com.ar\/es\/wp-content\/uploads\/2021\/10\/despues-museo.jpg\" data-link=\"https:\/\/enolife.com.ar\/es\/?attachment_id=46768\" class=\"wp-image-46768\" srcset=\"https:\/\/enolife.com.ar\/es\/wp-content\/uploads\/2021\/10\/despues-museo.jpg 585w, https:\/\/enolife.com.ar\/es\/wp-content\/uploads\/2021\/10\/despues-museo-300x207.jpg 300w\" sizes=\"auto, (max-width: 585px) 100vw, 585px\" \/><figcaption class=\"blocks-gallery-item__caption\"><strong><em>Museo despu\u00e9s<\/em><\/strong><\/figcaption><\/figure><\/li><\/ul><\/figure>\n\n\n\n<div style=\"height:20px\" aria-hidden=\"true\" class=\"wp-block-spacer\"><\/div>\n\n\n\n<p>Luego, llegar\u00e1 la&nbsp;<strong>Biblioteca<\/strong>, con un personaje alado y la interpretaci\u00f3n del reconocido actor <strong>Dar\u00edo An\u00eds<\/strong> en el papel del bibliotecario que pondr\u00e1 nuevamente en funcionamiento al espacio. Los juglares continuar\u00e1n hacia el <strong>\u00c1rea de Guarda y Restauro<\/strong>, donde se explicar\u00e1 la importancia de una de los sectores m\u00e1s significativos del espacio. All\u00ed participar\u00e1 con algunos aportes de humor el actor <strong>David Laguna.<\/strong><\/p>\n\n\n\n<p>El coordinador general del ECPI, <strong>Daniel Rueda<\/strong>, compartir\u00e1 detalles de la exposici\u00f3n \u00ab<strong>Reconstrucci\u00f3n\u00bb<\/strong>, una muestra patrimonial de las artes visuales de Mendoza. All\u00ed se apreciar\u00e1n obras de <strong>Fidel de Luc\u00eda<\/strong>, <strong>Antonio Berni, Luis Quesada<\/strong>, el <strong>Club del Grabado<\/strong> y un patio de esculturas.<\/p>\n\n\n\n<p>El camino continuar\u00e1 hasta las puertas del<strong>&nbsp;Teatro<\/strong>, para que <strong>Don Julio Quintanilla<\/strong> invite a su morada de la mano de distinguidas personalidades del arte mendocino. <strong>Ernesto Su\u00e1rez, Marcela Montero, Daniel Quiroga, Priscila Resca, Vilma R\u00fapulo, Alicia Casares, An\u00edbal Villa, Rafael Rodr\u00edguez, Gabriela Sim\u00f3n, Jorge Forn\u00e9s, Javier Segura, Gabriel Nazar y Sasha Nazar (Gauchito Club), Iv\u00e1n Mart\u00ednez, Ivana Chavarini, Mario Galv\u00e1n (piano) y Fabricio Colombo (bandone\u00f3n)<\/strong> estar\u00e1n al frente del regreso de estas hist\u00f3ricas tablas.<\/p>\n\n\n\n<p>El evento contar\u00e1 con m\u00e1s sorpresas como una colecci\u00f3n de<strong>&nbsp;autos antiguos<\/strong>&nbsp;del <strong>Club de Veh\u00edculos de Colecci\u00f3n Mendoza<\/strong> y <strong>Orlando Morresi<\/strong>,&nbsp;bailarines&nbsp;de \u00e9poca interpretando coreograf\u00edas y mucho m\u00e1s. El cierre ser\u00e1 en&nbsp; la terraza, donde se apreciar\u00e1 un show de jazz a cargo de la&nbsp;<strong>Orquesta Municipal y la voz de Marianela Martin<\/strong>.<\/p>\n\n\n\n<p>La apertura art\u00edstica del teatro Quintanilla ser\u00e1 con una funci\u00f3n especial de la aclamada&nbsp;<strong>Comedia Municipal \u00abEl viento en un viol\u00edn\u00bb<\/strong>, escrita por <strong>Claudio Tolcachir <\/strong>y dirigida por <strong>Agust\u00edn Daguerre.<\/strong> <\/p>\n\n\n\n<p>El d\u00eda 20 de octubre a las 21.30 hs. habr\u00e1 una funci\u00f3n gratuita, con cupo limitado. Mientras que el&nbsp; 21 de octubre tendr\u00e1 lugar una segunda funci\u00f3n en el mismo horario donde la entrada tendr\u00e1 un valor de $500.<\/p>\n\n\n\n<div style=\"height:20px\" aria-hidden=\"true\" class=\"wp-block-spacer\"><\/div>\n\n\n\n<p class=\"has-medium-font-size\"><strong>Sobre el ECPI<\/strong><\/p>\n\n\n\n<p>Sobre la base del trabajo interdisciplinario y colaborativo, la inclusi\u00f3n y el respeto, valores que lo determinan, el ECPI coordina al Museo Municipal de Arte Moderno Mendoza, al Teatro Municipal Julio Quintanilla y a la Biblioteca Municipal Ricardo Tudela. Tambi\u00e9n comprende al <strong>Anexo del Mmamm, este \u00faltimo ubicado en el Parque Central.<\/strong><\/p>\n\n\n\n<p>Dependiente de la Secretar\u00eda de Turismo y Cultura de la Municipalidad de la Ciudad de Mendoza, es un espacio de puertas abiertas, cuya gesti\u00f3n involucra variadas propuestas culturales: exposiciones de artes visuales, conciertos, presentaciones de libros, obras de teatro y ciclos de cine, entre otras. Su reciente intervenci\u00f3n arquitect\u00f3nica y la restauraci\u00f3n del edificio lo incorporan, con sus resoluciones constructivas de \u00faltima generaci\u00f3n, a una cita obligada en la Ciudad de Mendoza que trabaja en resguardar el h\u00e1bitat para las futuras generaciones como un imperativo \u00e9tico y de gran compromiso colectivo.<\/p>\n\n\n\n<div style=\"height:38px\" aria-hidden=\"true\" class=\"wp-block-spacer\"><\/div>\n\n\n\n<p class=\"has-small-font-size\"><em><strong>Fuente: Municipalidad de Mendoza<\/strong><\/em><\/p>\n","protected":false},"excerpt":{"rendered":"<p>Tras estar cerrado por refacciones durante casi 5 a\u00f1os, hoy domingo 17 de octubre, a&hellip;<\/p>\n","protected":false},"author":3,"featured_media":46772,"comment_status":"open","ping_status":"open","sticky":false,"template":"","format":"standard","meta":{"footnotes":""},"categories":[34],"tags":[],"class_list":["post-46707","post","type-post","status-publish","format-standard","has-post-thumbnail","hentry","category-cultura1"],"_links":{"self":[{"href":"https:\/\/enolife.com.ar\/es\/wp-json\/wp\/v2\/posts\/46707","targetHints":{"allow":["GET"]}}],"collection":[{"href":"https:\/\/enolife.com.ar\/es\/wp-json\/wp\/v2\/posts"}],"about":[{"href":"https:\/\/enolife.com.ar\/es\/wp-json\/wp\/v2\/types\/post"}],"author":[{"embeddable":true,"href":"https:\/\/enolife.com.ar\/es\/wp-json\/wp\/v2\/users\/3"}],"replies":[{"embeddable":true,"href":"https:\/\/enolife.com.ar\/es\/wp-json\/wp\/v2\/comments?post=46707"}],"version-history":[{"count":0,"href":"https:\/\/enolife.com.ar\/es\/wp-json\/wp\/v2\/posts\/46707\/revisions"}],"wp:featuredmedia":[{"embeddable":true,"href":"https:\/\/enolife.com.ar\/es\/wp-json\/wp\/v2\/media\/46772"}],"wp:attachment":[{"href":"https:\/\/enolife.com.ar\/es\/wp-json\/wp\/v2\/media?parent=46707"}],"wp:term":[{"taxonomy":"category","embeddable":true,"href":"https:\/\/enolife.com.ar\/es\/wp-json\/wp\/v2\/categories?post=46707"},{"taxonomy":"post_tag","embeddable":true,"href":"https:\/\/enolife.com.ar\/es\/wp-json\/wp\/v2\/tags?post=46707"}],"curies":[{"name":"wp","href":"https:\/\/api.w.org\/{rel}","templated":true}]}}