{"id":46672,"date":"2021-10-15T19:35:45","date_gmt":"2021-10-15T19:35:45","guid":{"rendered":"http:\/\/enolife.com.ar\/es\/?p=46672"},"modified":"2021-10-16T17:29:42","modified_gmt":"2021-10-16T17:29:42","slug":"manana-se-corre-la-maraton-solidaria-entre-vinedos-de-bodegas-bianchi","status":"publish","type":"post","link":"https:\/\/enolife.com.ar\/es\/manana-se-corre-la-maraton-solidaria-entre-vinedos-de-bodegas-bianchi\/","title":{"rendered":"Ma\u00f1ana se corre la marat\u00f3n solidaria entre vi\u00f1edos de Bodegas Bianchi"},"content":{"rendered":"\n<h4 class=\"wp-block-heading\"><em><strong>Los vi\u00f1edos sanrafaelinos recibir\u00e1n ma\u00f1ana, 16\/10, 400 corredores para la 3er edici\u00f3n de la \u201cMarat\u00f3n Solidaria 10K Bianchi\u201d a total beneficio de \u201cLa Casita de Mal\u00e9n\u00bb de la Asociaci\u00f3n de J\u00f3venes por la Lucha contra el C\u00e1ncer Infantil. La carrera ser\u00e1 en la finca de la bodega en San Rafael y se podr\u00e1 participar en tres categor\u00edas: 10K, 5K y kids (3K). Cada competidor,con su inscripci\u00f3n, recibir\u00e1 un kit con una remera, barra energ\u00e9tica, frutos secos y bebida, y al finalizar los ganadores de las diferentes categor\u00edas obtendr\u00e1n una medalla de distinci\u00f3n junto con un espumante Bianchi Estrella Extra Brut.<\/strong><\/em><\/h4>\n\n\n\n<div style=\"height:20px\" aria-hidden=\"true\" class=\"wp-block-spacer\"><\/div>\n\n\n\n\n\n<div style=\"height:48px\" aria-hidden=\"true\" class=\"wp-block-spacer\"><\/div>\n\n\n\n<div class=\"wp-block-image\"><figure class=\"alignleft is-resized\"><img loading=\"lazy\" decoding=\"async\" src=\"https:\/\/scontent.fmdz2-1.fna.fbcdn.net\/v\/t1.6435-9\/245916382_4519328244817055_4559477461690329828_n.jpg?_nc_cat=101&amp;ccb=1-5&amp;_nc_sid=730e14&amp;_nc_eui2=AeHfBItyelGlLMJ6CnYMC_HKVSAsWKiOOhhVICxYqI46GO033YGL-yI6FSVeJYcN8A4fwapRGl4WrDnpMaER0dj_&amp;_nc_ohc=t1FyuNVRvZwAX-K4JHW&amp;_nc_ht=scontent.fmdz2-1.fna&amp;oh=e8cc882cea6e20669c4f6d1bcf529e3f&amp;oe=618FC900\" alt=\"Puede ser una imagen de 1 persona, de pie y texto\" width=\"279\" height=\"279\"\/><\/figure><\/div>\n\n\n\n<p>La competencia solidaria, organizada por Bodegas Bianchi y con el apoyo de Esfuerzo Deportivo (empresa organizadora de eventos deportivos), ser\u00e1 entre vi\u00f1edos y las m\u00edticas calles de Las Paredes. Puede participar toda la familia, a correr, trotar o caminar y contar\u00e1 con varias alternativas de participaci\u00f3n, las tradicionales carreras de 10 kil\u00f3metros (competitiva), 5 kil\u00f3metros (corre-caminata) y una carrera infantil de 3.000 metros (Kids), con un cupo total de 400 corredores.<\/p>\n\n\n\n<p><strong>El costo de las inscripciones es de $2.000 para 10k, $1.800 para 5K y $1000 para KIDS (3K), la misma incluye un kit<\/strong> con una remera, barra energ\u00e9tica, frutos secos y bebida, y al finalizar los ganadores de las diferentes categor\u00edas obtendr\u00e1n una medalla de distinci\u00f3n junto con un espumante Bianchi Estrella Extra Brut.<strong> Todo lo recaudado ser\u00e1 a total beneficio de \u201cLa Casita de Mal\u00e9n\u201d<\/strong>, el proyecto promovido desde la Asociaci\u00f3n de J\u00f3venes por la lucha contra el C\u00e1ncer Infantil.<\/p>\n\n\n\n<div style=\"height:20px\" aria-hidden=\"true\" class=\"wp-block-spacer\"><\/div>\n\n\n\n<p><em>\u00abRealmente nos llena de satisfacci\u00f3n realizar este tipo de experiencias en las cuales buscamos fomentar acciones saludables, reuniendo a todas las familias. Lo interesante es que las actividades permiten una conexi\u00f3n con el entorno \u00fanico que nos ofrece la finca. El hecho de poder recorrer nuestros vi\u00f1edos y jardines, disfrutando del aire libre y de la naturaleza hace de esta carrera solidaria un evento imperdible y, sin dudas, diferente\u00bb<\/em> comenta <strong>Romina Crisci, Gerente de Marketing y Trade Marketing de Bodegas Bianchi.<\/strong><\/p>\n\n\n\n<p><em>\u201cEstamos orgullosos y emocionados de poder realizar este a\u00f1o, una nueva edici\u00f3n de este evento solidario en pos de los ni\u00f1os y a las familias de nuestro San Rafael. Como bodega nos sentimos especialmente unidos a nuestra comunidad, somos parte del patrimonio cultural, identidad e historia del vino en nuestra Mendoza\u201d<\/em>, agrega A<strong>lexia Robinson, Manager de Turismo de Bodegas Bianchi<\/strong>.<\/p>\n\n\n\n<div style=\"height:20px\" aria-hidden=\"true\" class=\"wp-block-spacer\"><\/div>\n\n\n\n<p class=\"has-background has-very-light-gray-background-color\"><strong>Inscripciones: <a href=\"https:\/\/www.eventbrite.com.ar\/e\/10k-bianchi-2021-tickets-168808533869\">AQU\u00cd<\/a><\/strong><\/p>\n\n\n\n<div style=\"height:20px\" aria-hidden=\"true\" class=\"wp-block-spacer\"><\/div>\n\n\n\n<p class=\"has-medium-font-size\"><strong>La Casita de Mal\u00e9n<\/strong><\/p>\n\n\n\n<div class=\"wp-block-image\"><figure class=\"alignleft is-resized\"><img loading=\"lazy\" decoding=\"async\" src=\"https:\/\/lacasitademalen.org\/wp-content\/uploads\/2018\/08\/la-casita-de-malen-logo-web-2018-ok.png\" alt=\"\" width=\"100\" height=\"100\"\/><\/figure><\/div>\n\n\n\n<p>A sus 4 a\u00f1os, Mal\u00e9n Martinez, fue diagnosticada de c\u00e1ncer, por un tumor de WILMS. Ella comenz\u00f3 su tratamiento de quimioterapia y  luch\u00f3 contra la enfermedad durante 6 a\u00f1os, pero lamentablemente perdi\u00f3 la batalla.<\/p>\n\n\n\n<p>A partir de la experiencia de las complicaciones que tuvieron que atravesar, su familia y amigos decidieron salir a buscar familias que estuvieran en la misma situaci\u00f3n para poder ayudarlos, guiarlos, apoyarlos moralmente y sin duda aconsejarlos.<\/p>\n\n\n\n<p>Con la ayuda de j\u00f3venes voluntarios de entre 18 y 25 a\u00f1os lograron construir el primer Centro de Contenci\u00f3n para ni\u00f1os con Enfermedades Oncol\u00f3gicas de toda la zona Sur de Mendoza al que llamaron \u201cLa Casita de Mal\u00e9n\u201d.<\/p>\n\n\n\n<p>De este modo, el 19 de abril de 2012 nace la entidad sin fines de lucro \u00abLa Asociaci\u00f3n de J\u00f3venes por la Lucha Contra el C\u00e1ncer Infantil\u201d que hoy cuenta con 19 voluntarios que asisten a 27 familias que transitan esta enfermedad con sus ni\u00f1os.<\/p>\n\n\n\n<div style=\"height:20px\" aria-hidden=\"true\" class=\"wp-block-spacer\"><\/div>\n\n\n\n<div class=\"wp-block-image\"><figure class=\"aligncenter size-large is-resized\"><img loading=\"lazy\" decoding=\"async\" src=\"https:\/\/enolife.com.ar\/es\/wp-content\/uploads\/2021\/10\/Imagen1-10-1024x446.jpg\" alt=\"\" class=\"wp-image-46685\" width=\"568\" height=\"247\" srcset=\"https:\/\/enolife.com.ar\/es\/wp-content\/uploads\/2021\/10\/Imagen1-10-1024x446.jpg 1024w, https:\/\/enolife.com.ar\/es\/wp-content\/uploads\/2021\/10\/Imagen1-10-300x131.jpg 300w, https:\/\/enolife.com.ar\/es\/wp-content\/uploads\/2021\/10\/Imagen1-10-768x334.jpg 768w, https:\/\/enolife.com.ar\/es\/wp-content\/uploads\/2021\/10\/Imagen1-10-585x255.jpg 585w, https:\/\/enolife.com.ar\/es\/wp-content\/uploads\/2021\/10\/Imagen1-10.jpg 1070w\" sizes=\"auto, (max-width: 568px) 100vw, 568px\" \/><figcaption><em><strong>Los voluntarios<\/strong><\/em><\/figcaption><\/figure><\/div>\n\n\n\n<div style=\"height:20px\" aria-hidden=\"true\" class=\"wp-block-spacer\"><\/div>\n\n\n\n<p>Los avances se han obtenido a trav\u00e9s de campa\u00f1as de concientizaci\u00f3n, eventos deportivos, culturales y sociales. Se necesita seguir trabajando y  por eso \u201cLa Casita de Mal\u00e9n\u201d espera siempre la ayuda y empat\u00eda de quienes quieran colaborar. <\/p>\n\n\n\n<p class=\"has-background has-very-light-gray-background-color\"><strong>M\u00e1s informaci\u00f3n sobre La Casita de Mal\u00e9n: <a href=\"https:\/\/lacasitademalen.org\/\">https:\/\/lacasitademalen.org\/<\/a><\/strong><\/p>\n\n\n\n<div style=\"height:50px\" aria-hidden=\"true\" class=\"wp-block-spacer\"><\/div>\n\n\n\n<p><br><\/p>\n","protected":false},"excerpt":{"rendered":"<p>Los vi\u00f1edos sanrafaelinos recibir\u00e1n ma\u00f1ana, 16\/10, 400 corredores para la 3er edici\u00f3n de la \u201cMarat\u00f3n&hellip;<\/p>\n","protected":false},"author":3,"featured_media":46692,"comment_status":"open","ping_status":"open","sticky":false,"template":"","format":"standard","meta":{"footnotes":""},"categories":[47],"tags":[],"class_list":["post-46672","post","type-post","status-publish","format-standard","has-post-thumbnail","hentry","category-agenda"],"_links":{"self":[{"href":"https:\/\/enolife.com.ar\/es\/wp-json\/wp\/v2\/posts\/46672","targetHints":{"allow":["GET"]}}],"collection":[{"href":"https:\/\/enolife.com.ar\/es\/wp-json\/wp\/v2\/posts"}],"about":[{"href":"https:\/\/enolife.com.ar\/es\/wp-json\/wp\/v2\/types\/post"}],"author":[{"embeddable":true,"href":"https:\/\/enolife.com.ar\/es\/wp-json\/wp\/v2\/users\/3"}],"replies":[{"embeddable":true,"href":"https:\/\/enolife.com.ar\/es\/wp-json\/wp\/v2\/comments?post=46672"}],"version-history":[{"count":0,"href":"https:\/\/enolife.com.ar\/es\/wp-json\/wp\/v2\/posts\/46672\/revisions"}],"wp:featuredmedia":[{"embeddable":true,"href":"https:\/\/enolife.com.ar\/es\/wp-json\/wp\/v2\/media\/46692"}],"wp:attachment":[{"href":"https:\/\/enolife.com.ar\/es\/wp-json\/wp\/v2\/media?parent=46672"}],"wp:term":[{"taxonomy":"category","embeddable":true,"href":"https:\/\/enolife.com.ar\/es\/wp-json\/wp\/v2\/categories?post=46672"},{"taxonomy":"post_tag","embeddable":true,"href":"https:\/\/enolife.com.ar\/es\/wp-json\/wp\/v2\/tags?post=46672"}],"curies":[{"name":"wp","href":"https:\/\/api.w.org\/{rel}","templated":true}]}}