{"id":4662,"date":"2019-11-02T14:54:15","date_gmt":"2019-11-02T14:54:15","guid":{"rendered":"http:\/\/enolife.com.ar\/es\/?p=4662"},"modified":"2019-11-08T15:14:55","modified_gmt":"2019-11-08T15:14:55","slug":"el-iscamen-lanza-insecticidas-con-aviones-y-provee-feromonas-contra-la-polilla-de-la-vid-en-mendoza","status":"publish","type":"post","link":"https:\/\/enolife.com.ar\/es\/el-iscamen-lanza-insecticidas-con-aviones-y-provee-feromonas-contra-la-polilla-de-la-vid-en-mendoza\/","title":{"rendered":"El Iscamen lanza insecticidas con aviones y provee feromonas contra la polilla de la vid en Mendoza"},"content":{"rendered":"\n<h4 class=\"wp-block-heading\"><em><strong>El&nbsp;Instituto de Sanidad y Calidad Agropecuaria Mendoza (Iscamen) comenz\u00f3 a prestar el servicio de tratamiento a\u00e9reo (pulverizaci\u00f3n desde el aire) en las zonas Este y Norte de la provincia, que incluyen los departamentos de Luj\u00e1n, Maip\u00fa, Santa Rosa, Jun\u00edn, Rivadavia, San Mart\u00edn y Lavalle. As\u00ed, se inicia esta temporada el combate al insecto lobesia botrana, que da\u00f1a a las vides, durante su primer vuelo. Esta etapa del combate a la plaga concluye el 10 de noviembre. Y el 1 de diciembre recomienza durante los d\u00edas en que el lepid\u00f3ptero realiza su segundo vuelo. <\/strong><\/em><\/h4>\n\n\n\n<div style=\"height:31px\" aria-hidden=\"true\" class=\"wp-block-spacer\"><\/div>\n\n\n\n<p>A partir de la experiencia y los resultados obtenidos en los \u00faltimos dos operativos de control, donde se logr\u00f3 reducir la plaga un 95%, el Iscamen comenz\u00f3 a prestar el servicio de tratamientos a\u00e9reos en Luj\u00e1n, Maip\u00fa, Santa Rosa, Jun\u00edn, Rivadavia, San Mart\u00edn y Lavalle, para el combate del primer vuelo de la plaga. El servicio es complementario a los tratamientos que realizan los productores de los oasis Norte y Este, los cuales deben mantener el cultivo protegido hasta el 10 de noviembre.<\/p>\n\n\n\n<p>El criterio t\u00e9cnico priorizado en esta campa\u00f1a es sostener los logros alcanzados y controlar las \u00e1reas de la provincia con mayor presencia de la plaga. En este sentido, el servicio de tratamientos a\u00e9reos se lleva a cabo en 60.000 hect\u00e1reas, de los oasis Norte y Este de la provincia. Se incluyen en esos tratamientos la aplicaci\u00f3n de feromonas pulverizables y de insecticidas espec\u00edficos y se emplean productos registrados y autorizados por Senasa, amigables con el medio ambiente y de la categor\u00eda toxicol\u00f3gica Clase 4 (banda verde). Los tratamientos est\u00e1n supervisados por t\u00e9cnicos del Iscamen y del Senasa.<\/p>\n\n\n\n<p>M\u00e1s all\u00e1 de la especificidad del producto para el control de la plaga, no se realizan aplicaciones en zonas urbanas, periurbanas, fuentes de agua, canales de riego, colmenas, escuelas, centros de salud, hospitales y otros lugares p\u00fablicos. Se contemplan zonas de contenci\u00f3n o amortiguamiento con 500 metros de protecci\u00f3n hasta lugares de aplicaci\u00f3n, superando ampliamente los l\u00edmites internacionales en la materia.<\/p>\n\n\n\n<p>A partir del pasado viernes 1 de noviembre y hasta el pr\u00f3ximo viernes 8 de noviembre, se presta el servicio de tratamientos a\u00e9reos en Lavalle, San Mart\u00edn, Maip\u00fa, Santa Rosa, Jun\u00edn, Rivadavia y Luj\u00e1n de Cuyo. El cronograma de actividades programado es el siguiente y esta sujeto a modificaciones por causas clim\u00e1ticas u operativas:<\/p>\n\n\n\n<div style=\"height:20px\" aria-hidden=\"true\" class=\"wp-block-spacer\"><\/div>\n\n\n\n<table class=\"wp-block-table\"><tbody><tr><td><\/td><td><\/td><\/tr><tr><td>1\/11\/2019<\/td><td>Lavalle: Costa de Araujo, El Carmen, El Plumero, Gustavo Andr\u00e9, La Asunci\u00f3n, La BajadaSan Mart\u00edn: Nueva California y Alto Salvador<\/td><\/tr><tr><td>2\/11\/2019<\/td><td>Lavalle: Tres de Mayo, Jocol\u00ed, El Chilcal, San Francisco, Tulumaya, La Pega, Las Violetas, Lavalle, El Vergel<\/td><\/tr><tr><td>3\/11\/2019<\/td><td>Lavalle: El Paramillo, La Holanda, La Palmera, Lavalle<\/td><\/tr><tr><td>4\/11\/2019 y 5\/11\/2019<\/td><td>Maip\u00fa: Fray Luis Beltr\u00e1nSan Mart\u00edn: Alto Salvador, Palmira<\/td><\/tr><tr><td>5\/11\/2019<\/td><td>San Mart\u00edn: Chapanay, Tres Porte\u00f1as, El Central<\/td><\/tr><tr><td>5\/11\/2019<\/td><td>San Mart\u00edn: El Rambl\u00f3n, Montecaseros<\/td><\/tr><tr><td>6\/11\/2019<\/td><td>San Mart\u00edn: Alto Verde, Buen Orden, Chivilcoy, San Mart\u00edn, El Central, El Divisadero, El Espino, Las ChimbasSanta Rosa: 12 de Octubre<\/td><\/tr><tr><td>6\/11\/2019<\/td><td>Rivadavia: Andrade, La Libertad, Reducci\u00f3n, Rivadavia<\/td><\/tr><tr><td>7\/11\/2019<\/td><td>Rivadavia: El Mirador, La Central, Los Arboles, Los Campamentos<\/td><\/tr><tr><td>7\/11\/2019<\/td><td>Santa Rosa: Las Catitas, Santa Rosa, La Dormida<\/td><\/tr><tr><td>8\/11\/2019<\/td><td>Maip\u00fa: Barrancas, San Roque<\/td><\/tr><tr><td>8\/11\/2019<\/td><td>Luj\u00e1n de Cuyo: Anchoris, El Carrizal, Ugarteche<\/td><\/tr><\/tbody><\/table>\n\n\n\n<div style=\"height:20px\" aria-hidden=\"true\" class=\"wp-block-spacer\"><\/div>\n\n\n\n<p>Las acciones de control se desarrollan en el marco de la Ley Nacional 27227, que declara de inter\u00e9s nacional el control de la plaga; la Ley Provincial 9076, que declara de inter\u00e9s provincial el control del insecto, y el Decreto Provincial 1812\/2017, que establece la coordinaci\u00f3n de acciones conjuntas de control por parte del Ministerio de Econom\u00eda, Infraestructura y Energ\u00eda, a trav\u00e9s del Iscamen.<\/p>\n\n\n\n<p>Por otro lado, las medidas comprendidas para el operativo cuentan con la Declaraci\u00f3n de Impacto Ambiental de la Secretar\u00eda de Ambiente y Ordenamiento Territorial de Mendoza.<\/p>\n\n\n\n<div style=\"height:20px\" aria-hidden=\"true\" class=\"wp-block-spacer\"><\/div>\n\n\n\n<p class=\"has-medium-font-size\"><strong>Manejo integrado de la plaga<\/strong><\/p>\n\n\n\n<div style=\"height:20px\" aria-hidden=\"true\" class=\"wp-block-spacer\"><\/div>\n\n\n\n<p>La actual campa\u00f1a contra la polilla de la vid combina herramientas en diferentes etapas, como la entrega de difusores de feromonas, la provisi\u00f3n de agroqu\u00edmicos, alertas de aplicaci\u00f3n en momentos oportunos, el servicio de aeroaplicaciones con productos espec\u00edficos y tambi\u00e9n aplicaci\u00f3n a\u00e9rea de feromonas. Cada recurso fitosanitario es utilizado seg\u00fan la incidencia de la plaga en cada zona de la provincia.<\/p>\n\n\n\n<div style=\"height:20px\" aria-hidden=\"true\" class=\"wp-block-spacer\"><\/div>\n\n\n\n<p class=\"has-medium-font-size\"><strong>Segunda etapa: entrega de insumos agroqu\u00edmicos para el primer vuelo<\/strong><\/p>\n\n\n\n<div style=\"height:25px\" aria-hidden=\"true\" class=\"wp-block-spacer\"><\/div>\n\n\n\n<p>Pr\u00f3ximamente se realizar\u00e1 la asistencia con insecticidas espec\u00edficos en las \u00e1reas con mayor prevalencia de la plaga y donde el servicio de tratamientos a\u00e9reos es inviable.<\/p>\n\n\n\n<div style=\"height:20px\" aria-hidden=\"true\" class=\"wp-block-spacer\"><\/div>\n\n\n\n<p class=\"has-background has-very-light-gray-background-color\"><strong>La t\u00e9cnica de confusi\u00f3n sexual mediante feromonas<\/strong><br><br>La t\u00e9cnica de confusi\u00f3n sexual para el control de la polilla de la vid es una estrategia de control biotecnol\u00f3gico altamente eficaz, reduce el uso de insecticidas y cumple con el sistema de gesti\u00f3n integrada de plagas con uso sostenible de fitosanitarios que establecen las leyes argentinas e internacionales.<br>Este m\u00e9todo es una alternativa eficaz a la utilizaci\u00f3n de insecticidas neurot\u00f3xicos no selectivos que eliminan otras especies auxiliares que llevaban a cabo un control biol\u00f3gico natural del vi\u00f1edo, ayudando a su vez a controlar las poblaciones de polilla y otras plagas.<\/p>\n\n\n\n<div style=\"height:20px\" aria-hidden=\"true\" class=\"wp-block-spacer\"><\/div>\n\n\n\n<div class=\"wp-block-image\"><figure class=\"aligncenter is-resized\"><img loading=\"lazy\" decoding=\"async\" src=\"https:\/\/martinezcarra.es\/sites\/default\/files\/polillas-racimo-vid_0.jpg\" alt=\"Polilla del racimo de la vid\" width=\"775\" height=\"482\"\/><\/figure><\/div>\n\n\n\n<div style=\"height:20px\" aria-hidden=\"true\" class=\"wp-block-spacer\"><\/div>\n\n\n\n<p class=\"has-background has-very-light-gray-background-color\">La polilla de la vid (Lobesia botrana) es&nbsp;<strong>la plaga m\u00e1s importante que afecta a los vi\u00f1edos mendocinos.<\/strong> Sus da\u00f1os var\u00edan en funci\u00f3n de las condiciones clim\u00e1ticas de cada a\u00f1o, sobre todo temperatura y humedad.<br><br>Afecta a los racimos&nbsp;<strong>causando diferentes da\u00f1os en funci\u00f3n de la generaci\u00f3n (hasta 3) siendo los que m\u00e1s da\u00f1os producen los de la segunda y tercera generaci\u00f3n<\/strong>, provocando&nbsp;<strong>p\u00e9rdidas de cosecha<\/strong>&nbsp;y sobre todo,&nbsp;<strong>perdida de calidad de las uvas.<\/strong>&nbsp;Las heridas que provocan en las bayas son foco de entrada para la&nbsp;<strong>podredumbre gris (Botrytis cinerea).<\/strong><br><br><strong>Los insectos utilizan feromonas<\/strong>&nbsp;(una especie de mensajeros qu\u00edmicos) para comunicarse e interactuar&nbsp;entre los insectos de la misma especie. Las hembras de los lepid\u00f3pteros&nbsp;emiten&nbsp;<strong>feromonas sexuales<\/strong>&nbsp;para atraer a los machos y aparearse.<br><br><strong>La t\u00e9cnica de confusi\u00f3n sexual se basa en un control biot\u00e9cnico de la plaga, emitiendo de forma cont\u00ednua feromonas sintetizadas de la hembra&nbsp;durante la etapa de vuelo en&nbsp;adultos de la polilla.<\/strong><br><br>Estas feromonas, en una cantidad suficiente, saturan la capacidad receptiva del sistema olfativo de los insectos macho. Confunden al macho hasta el punto de dificultarle&nbsp;la localizaci\u00f3n de la hembra, evitando de ese modo el acoplamiento y que la hembra resulte fecundada. De esa forma se interrumpe la evoluci\u00f3n de la plaga de la polilla del racimo.<br><br>La t\u00e9cnica de confusi\u00f3n sexual se basa en emitir de forma cont\u00ednua&nbsp;feromonas durante la etapa de vuelo de la polilla macho, provocando que no pueda localizar a la hembra, evitando su fecundaci\u00f3n.<br><br><strong>La difusi\u00f3n de la feromona sintetizada se realiza a trav\u00e9s de difusores colocados en el vi\u00f1edo.<\/strong>&nbsp;Se deben instalar antes de iniciarse el vuelo de adultos (suele ser en abril, a primeros en Rioja Baja, a mediados en Rioja Media y a finales en Rioja Alta). Este detalle es clave,<strong>&nbsp;deben estar colocados antes de iniciarse el vuelo de las polillas macho.<\/strong><\/p>\n\n\n\n<div style=\"height:20px\" aria-hidden=\"true\" class=\"wp-block-spacer\"><\/div>\n\n\n\n<div class=\"wp-block-image\"><figure class=\"aligncenter is-resized\"><img loading=\"lazy\" decoding=\"async\" src=\"https:\/\/martinezcarra.es\/sites\/default\/files\/sistemas-difusores-feromonas_0.jpg\" alt=\" Confusi\u00f3n sexual para el control de la polilla de racimo. Difusores.\" width=\"773\" height=\"393\"\/><\/figure><\/div>\n\n\n\n<div style=\"height:20px\" aria-hidden=\"true\" class=\"wp-block-spacer\"><\/div>\n\n\n\n<p class=\"has-background has-very-light-gray-background-color\"><strong>Existen difusores de varios tipos<\/strong>, desde los que se cuelgan directamente en las cepas y se reparten&nbsp;de forma uniforme por el vi\u00f1edo hasta otros en<strong>&nbsp;formato aerosol&nbsp;<\/strong>con dispositivos dosificadores autom\u00e1ticos.<\/p>\n\n\n\n<div style=\"height:20px\" aria-hidden=\"true\" class=\"wp-block-spacer\"><\/div>\n\n\n\n<p class=\"has-medium-font-size\"><strong>Alerta para el control de polilla de la vid<\/strong><\/p>\n\n\n\n<div style=\"height:20px\" aria-hidden=\"true\" class=\"wp-block-spacer\"><\/div>\n\n\n\n<p>Los productores vit\u00edcolas de San Mart\u00edn, Santa Rosa, La Paz, Jun\u00edn, Rivadavia, Lavalle, Maip\u00fa, Las Heras, Guaymall\u00e9n &nbsp;y Luj\u00e1n (al norte del r\u00edo Mendoza) deben realizar los tratamientos para el control del primer vuelo de la plaga, cuando el cultivo presente racimos florales visibles entre 5 y 7 cent\u00edmetros. Deben mantener protegido el cultivo hasta el 10 de noviembre, inclusive.<\/p>\n\n\n\n<div style=\"height:20px\" aria-hidden=\"true\" class=\"wp-block-spacer\"><\/div>\n\n\n\n<p class=\"has-small-font-size\"><strong><em>Fuentes: Gobierno de Mendoza, Iscamen y martinezcarra.es<\/em><\/strong><\/p>\n","protected":false},"excerpt":{"rendered":"<p>El&nbsp;Instituto de Sanidad y Calidad Agropecuaria Mendoza (Iscamen) comenz\u00f3 a prestar el servicio de tratamiento&hellip;<\/p>\n","protected":false},"author":3,"featured_media":4688,"comment_status":"open","ping_status":"open","sticky":false,"template":"","format":"standard","meta":{"footnotes":""},"categories":[5],"tags":[],"class_list":["post-4662","post","type-post","status-publish","format-standard","has-post-thumbnail","hentry","category-fincas"],"_links":{"self":[{"href":"https:\/\/enolife.com.ar\/es\/wp-json\/wp\/v2\/posts\/4662","targetHints":{"allow":["GET"]}}],"collection":[{"href":"https:\/\/enolife.com.ar\/es\/wp-json\/wp\/v2\/posts"}],"about":[{"href":"https:\/\/enolife.com.ar\/es\/wp-json\/wp\/v2\/types\/post"}],"author":[{"embeddable":true,"href":"https:\/\/enolife.com.ar\/es\/wp-json\/wp\/v2\/users\/3"}],"replies":[{"embeddable":true,"href":"https:\/\/enolife.com.ar\/es\/wp-json\/wp\/v2\/comments?post=4662"}],"version-history":[{"count":0,"href":"https:\/\/enolife.com.ar\/es\/wp-json\/wp\/v2\/posts\/4662\/revisions"}],"wp:featuredmedia":[{"embeddable":true,"href":"https:\/\/enolife.com.ar\/es\/wp-json\/wp\/v2\/media\/4688"}],"wp:attachment":[{"href":"https:\/\/enolife.com.ar\/es\/wp-json\/wp\/v2\/media?parent=4662"}],"wp:term":[{"taxonomy":"category","embeddable":true,"href":"https:\/\/enolife.com.ar\/es\/wp-json\/wp\/v2\/categories?post=4662"},{"taxonomy":"post_tag","embeddable":true,"href":"https:\/\/enolife.com.ar\/es\/wp-json\/wp\/v2\/tags?post=4662"}],"curies":[{"name":"wp","href":"https:\/\/api.w.org\/{rel}","templated":true}]}}