{"id":46600,"date":"2021-10-15T14:23:41","date_gmt":"2021-10-15T14:23:41","guid":{"rendered":"http:\/\/enolife.com.ar\/es\/?p=46600"},"modified":"2021-10-19T22:41:15","modified_gmt":"2021-10-19T22:41:15","slug":"el-inv-gestiona-con-una-cristalera-nacional-la-provision-de-1-m-de-botellas-a-bodegas-en-noviembre","status":"publish","type":"post","link":"https:\/\/enolife.com.ar\/es\/el-inv-gestiona-con-una-cristalera-nacional-la-provision-de-1-m-de-botellas-a-bodegas-en-noviembre\/","title":{"rendered":"El INV gestiona con una cristalera nacional la provisi\u00f3n de 1 M de botellas a bodegas en noviembre"},"content":{"rendered":"\n<h4 class=\"wp-block-heading\"><em><strong>La industria vitivin\u00edcola argentina enfrenta el problema de la falta de botellas, motivada por una crisis del sector a nivel global, por la escasez de contenedores mar\u00edtimos para el transporte del producto y por el incendio de un horno en una de las cristaleras m\u00e1s importantes del pa\u00eds, Verallia. Ante la adversidad, ayer 14\/10 el presidente del Instituto Nacional de Vitivinicultura (INV), Mart\u00edn Hinojosa, anunci\u00f3 en su cuenta de la red Twitter que, junto a al ministro de Agricultura de la Naci\u00f3n, Juli\u00e1n Dom\u00ednguez, est\u00e1n gestionando ante una cristalera nacional la entrega a bodegas argentinas de 1 mill\u00f3n de botellas de vidrio, a precios locales. Las mismas ser\u00e1n provistas entre octubre y noviembre a bodegas pymes y elaboradores de vinos casero y artesanal.<\/strong><\/em><\/h4>\n\n\n\n<div style=\"height:46px\" aria-hidden=\"true\" class=\"wp-block-spacer\"><\/div>\n\n\n<a href=\"https:\/\/laffort.com\/es\/\" aria-label=\"BANNER 1700X500 LAFFORT ZYMAFLORE\"><img loading=\"lazy\" decoding=\"async\" src=\"https:\/\/enolife.com.ar\/es\/wp-content\/uploads\/2021\/05\/BANNER-1700X500-LAFFORT-ZYMAFLORE.jpg\" alt=\"\"  srcset=\"https:\/\/enolife.com.ar\/es\/wp-content\/uploads\/2021\/05\/BANNER-1700X500-LAFFORT-ZYMAFLORE.jpg 1700w, https:\/\/enolife.com.ar\/es\/wp-content\/uploads\/2021\/05\/BANNER-1700X500-LAFFORT-ZYMAFLORE-300x88.jpg 300w, https:\/\/enolife.com.ar\/es\/wp-content\/uploads\/2021\/05\/BANNER-1700X500-LAFFORT-ZYMAFLORE-1024x301.jpg 1024w, https:\/\/enolife.com.ar\/es\/wp-content\/uploads\/2021\/05\/BANNER-1700X500-LAFFORT-ZYMAFLORE-768x226.jpg 768w, https:\/\/enolife.com.ar\/es\/wp-content\/uploads\/2021\/05\/BANNER-1700X500-LAFFORT-ZYMAFLORE-1536x452.jpg 1536w, https:\/\/enolife.com.ar\/es\/wp-content\/uploads\/2021\/05\/BANNER-1700X500-LAFFORT-ZYMAFLORE-1170x344.jpg 1170w, https:\/\/enolife.com.ar\/es\/wp-content\/uploads\/2021\/05\/BANNER-1700X500-LAFFORT-ZYMAFLORE-585x172.jpg 585w\" sizes=\"auto, (max-width: 1700px) 100vw, 1700px\" width=\"1700\" height=\"500\"   \/><\/a>\n\n\n<div style=\"height:52px\" aria-hidden=\"true\" class=\"wp-block-spacer\"><\/div>\n\n\n\n<p>Luego del acto realizado ayer 14\/10 en la Casa de Gobierno de Argentina, en el cual el presidente <strong>Alberto Fern\u00e1ndez<\/strong> anunci\u00f3 el apoyo al Programa de Apoyo a Peque\u00f1os Productores Vitivin\u00edcolas (Proviar II) con una financiaci\u00f3n de U$S 40 millones, el presidente del INV, <strong>Mart\u00edn Hinojosa<\/strong> junto al Ministro de Agricultura de la Naci\u00f3n, <strong>Juli\u00e1n Dom\u00ednguez, <\/strong>activ\u00f3 una gesti\u00f3n para proveer botellas de vidrio a bodegas pymes y elaboradores de vino casero y artesanal,  para estos meses de octubre y noviembre, antes de fin de a\u00f1o, cuando crece la demanda de la bebida nacional.<\/p>\n\n\n\n<p>Al respecto, Hinojosa public\u00f3<strong> <\/strong>en su cuenta de twitter: <em>\u00abEn respuesta a la escasez de envases de vidrio a nivel mundial, junto a <a href=\"https:\/\/twitter.com\/AgriculturaAR\">@AgriculturaAR<\/a> gestionamos con una cristalera nacional la entrega de un mill\u00f3n de botellas de vidrio, a precios locales, para bodegas pymes y elaboradores de vinos casero y artesanal\u00bb<\/em>.<\/p>\n\n\n\n<div style=\"height:20px\" aria-hidden=\"true\" class=\"wp-block-spacer\"><\/div>\n\n\n\n<div class=\"wp-block-image\"><figure class=\"aligncenter size-large is-resized\"><img loading=\"lazy\" decoding=\"async\" src=\"https:\/\/enolife.com.ar\/es\/wp-content\/uploads\/2021\/10\/dominguez-1024x668.jpg\" alt=\"\" class=\"wp-image-46633\" width=\"563\" height=\"367\" srcset=\"https:\/\/enolife.com.ar\/es\/wp-content\/uploads\/2021\/10\/dominguez-1024x668.jpg 1024w, https:\/\/enolife.com.ar\/es\/wp-content\/uploads\/2021\/10\/dominguez-300x196.jpg 300w, https:\/\/enolife.com.ar\/es\/wp-content\/uploads\/2021\/10\/dominguez-768x501.jpg 768w, https:\/\/enolife.com.ar\/es\/wp-content\/uploads\/2021\/10\/dominguez-585x382.jpg 585w, https:\/\/enolife.com.ar\/es\/wp-content\/uploads\/2021\/10\/dominguez.jpg 1104w\" sizes=\"auto, (max-width: 563px) 100vw, 563px\" \/><figcaption><em><strong>Juli\u00e1n Dom\u00ednguez y Mart\u00edn Hinojosa<\/strong><\/em><\/figcaption><\/figure><\/div>\n\n\n\n<div style=\"height:20px\" aria-hidden=\"true\" class=\"wp-block-spacer\"><\/div>\n\n\n\n<p>Y anticip\u00f3 Hinojosa: <em>\u00abLas botellas ser\u00e1n entregadas durante los meses de Octubre y Noviembre 2021. El ministro <a href=\"https:\/\/twitter.com\/DominguezJul\">@DominguezJul<\/a> me instruy\u00f3 a que, en forma inmediata, abra un registro para coordinar las acciones entre la cristalera proveedora y las bodegas adquirientes.\u00bb.<\/em><\/p>\n\n\n\n<p>Y concluy\u00f3:<em> \u00abEstamos creciendo en la venta de vino fraccionado, dentro y fuera del pa\u00eds, y necesitamos el apoyo y el compromiso de todas nuestras industrias para seguir haci\u00e9ndolo.\u00bb<\/em><\/p>\n\n\n\n<p>En publicaciones anteriores, el titular del INV hab\u00eda adelantado las gestiones con la Cooperativa de Trabajo Cristal Avellaneda, rescatada por sus trabajadores en el 2010, la cual<em> \u00abproyecta incursionar en la fabricaci\u00f3n de envases para la vitivinicultura y sector alimenticio con una importante inversi\u00f3n.\u00bb<\/em><\/p>\n\n\n\n<p>En esa ocasi\u00f3n, el 6\/10, Hinojosa twitte\u00f3:<strong> <\/strong><em>\u00abHoy estuve visitando la Cooperativa de Trabajo Cristal Avellaneda. La empresa pondr\u00e1 en funcionamiento una l\u00ednea de producci\u00f3n de 50 millones de botellas anuales a mediados del 2022. Junto al Gobierno Nacional seguimos trabajando con medidas que brinden soluciones a la falta de vidrio\u00bb.<\/em><\/p>\n\n\n\n<div style=\"height:20px\" aria-hidden=\"true\" class=\"wp-block-spacer\"><\/div>\n\n\n\n<figure class=\"wp-block-embed-twitter aligncenter wp-block-embed is-type-rich is-provider-twitter\"><div class=\"wp-block-embed__wrapper\">\n<blockquote class=\"twitter-tweet\" data-width=\"550\" data-dnt=\"true\"><p lang=\"es\" dir=\"ltr\">Hoy estuve visitando la Cooperativa de Trabajo Cristal Avellaneda. La empresa pondr\u00e1 en funcionamiento una l\u00ednea de producci\u00f3n de 50 millones de botellas anuales a mediados del 2022.Junto al Gob. Nacional seguimos trabajando con medidas que brinden soluciones a la falta de vidrio <a href=\"https:\/\/t.co\/SZrrgrR77B\">pic.twitter.com\/SZrrgrR77B<\/a><\/p>&mdash; Mart\u00edn Hinojosa (@MHinojosaMza) <a href=\"https:\/\/twitter.com\/MHinojosaMza\/status\/1445844441751703552?ref_src=twsrc%5Etfw\">October 6, 2021<\/a><\/blockquote><script async src=\"https:\/\/platform.twitter.com\/widgets.js\" charset=\"utf-8\"><\/script>\n<\/div><\/figure>\n\n\n\n<div style=\"height:20px\" aria-hidden=\"true\" class=\"wp-block-spacer\"><\/div>\n\n\n\n<p>Las primeras reuniones se realizaron el 21\/9 con <strong>Antonio Bucci,  <\/strong>gerente general y<strong> Cora Pena, <\/strong>subgerenta general de la<strong> Cooperativa Cristalera Avellaneda Durax, <\/strong>junto a representantes del INV, INTI y sector oliv\u00edcola. <\/p>\n\n\n\n<div style=\"height:20px\" aria-hidden=\"true\" class=\"wp-block-spacer\"><\/div>\n\n\n\n<div class=\"wp-block-image\"><figure class=\"aligncenter size-large is-resized\"><img loading=\"lazy\" decoding=\"async\" src=\"https:\/\/enolife.com.ar\/es\/wp-content\/uploads\/2021\/10\/cooper-21-sep.jpg\" alt=\"\" class=\"wp-image-46635\" width=\"540\" height=\"405\" srcset=\"https:\/\/enolife.com.ar\/es\/wp-content\/uploads\/2021\/10\/cooper-21-sep.jpg 960w, https:\/\/enolife.com.ar\/es\/wp-content\/uploads\/2021\/10\/cooper-21-sep-300x225.jpg 300w, https:\/\/enolife.com.ar\/es\/wp-content\/uploads\/2021\/10\/cooper-21-sep-768x576.jpg 768w, https:\/\/enolife.com.ar\/es\/wp-content\/uploads\/2021\/10\/cooper-21-sep-585x439.jpg 585w\" sizes=\"auto, (max-width: 540px) 100vw, 540px\" \/><figcaption><em><strong>Antonio Bucci y Cora Pena, junto a representantes del INTI, el sector oliv\u00edcola  y la gerenta de Fiscalizaci\u00f3n y Control del INV, Claudia Quini<\/strong><\/em>.<\/figcaption><\/figure><\/div>\n\n\n\n<div style=\"height:20px\" aria-hidden=\"true\" class=\"wp-block-spacer\"><\/div>\n\n\n\n<p>En esa ocasi\u00f3n se trataron temas referentes a la producci\u00f3n de envases de vidrio, tama\u00f1o del mercado, necesidades y nuevos desarrollos, fundamentalmente para pymes y artesanos.<\/p>\n\n\n\n<div style=\"height:38px\" aria-hidden=\"true\" class=\"wp-block-spacer\"><\/div>\n","protected":false},"excerpt":{"rendered":"<p>La industria vitivin\u00edcola argentina enfrenta el problema de la falta de botellas, motivada por una&hellip;<\/p>\n","protected":false},"author":3,"featured_media":46638,"comment_status":"open","ping_status":"open","sticky":false,"template":"","format":"standard","meta":{"footnotes":""},"categories":[14],"tags":[],"class_list":["post-46600","post","type-post","status-publish","format-standard","has-post-thumbnail","hentry","category-news"],"_links":{"self":[{"href":"https:\/\/enolife.com.ar\/es\/wp-json\/wp\/v2\/posts\/46600","targetHints":{"allow":["GET"]}}],"collection":[{"href":"https:\/\/enolife.com.ar\/es\/wp-json\/wp\/v2\/posts"}],"about":[{"href":"https:\/\/enolife.com.ar\/es\/wp-json\/wp\/v2\/types\/post"}],"author":[{"embeddable":true,"href":"https:\/\/enolife.com.ar\/es\/wp-json\/wp\/v2\/users\/3"}],"replies":[{"embeddable":true,"href":"https:\/\/enolife.com.ar\/es\/wp-json\/wp\/v2\/comments?post=46600"}],"version-history":[{"count":0,"href":"https:\/\/enolife.com.ar\/es\/wp-json\/wp\/v2\/posts\/46600\/revisions"}],"wp:featuredmedia":[{"embeddable":true,"href":"https:\/\/enolife.com.ar\/es\/wp-json\/wp\/v2\/media\/46638"}],"wp:attachment":[{"href":"https:\/\/enolife.com.ar\/es\/wp-json\/wp\/v2\/media?parent=46600"}],"wp:term":[{"taxonomy":"category","embeddable":true,"href":"https:\/\/enolife.com.ar\/es\/wp-json\/wp\/v2\/categories?post=46600"},{"taxonomy":"post_tag","embeddable":true,"href":"https:\/\/enolife.com.ar\/es\/wp-json\/wp\/v2\/tags?post=46600"}],"curies":[{"name":"wp","href":"https:\/\/api.w.org\/{rel}","templated":true}]}}