{"id":46553,"date":"2021-10-24T16:52:11","date_gmt":"2021-10-24T16:52:11","guid":{"rendered":"http:\/\/enolife.com.ar\/es\/?p=46553"},"modified":"2021-10-26T20:04:32","modified_gmt":"2021-10-26T20:04:32","slug":"la-transformacion-digital-del-vino-se-acelera-y-la-oiv-lo-analiza-en-un-informe-global-el-24-11","status":"publish","type":"post","link":"https:\/\/enolife.com.ar\/es\/la-transformacion-digital-del-vino-se-acelera-y-la-oiv-lo-analiza-en-un-informe-global-el-24-11\/","title":{"rendered":"La transformaci\u00f3n digital del vino se acelera y la OIV lo analiza en un informe global el 24\/11"},"content":{"rendered":"\n<h4 class=\"wp-block-heading\"><em><strong>Desde fines de 2019, cuando comenz\u00f3 el aislamiento por la pandemia y las comunicaciones, el m\u00e1rketing, las ventas online y hasta las catas en el sector vitivin\u00edcola se hicieron por internet, el ritmo del cambio digital ha ido creciendo d\u00eda a d\u00eda. Qu\u00e9 pa\u00edses est\u00e1n a la vanguardia? C\u00f3mo influye en las ventas y el consumo? Qu\u00e9 nuevas tendencias se vienen? Estos y otros temas se presentar\u00e1n en un simposio mundial el 24 de noviembre, en el que la Organizaci\u00f3n Internacional de la Vi\u00f1a y el Vino (OIV) presentar\u00e1 sus conclusiones. La participaci\u00f3n es gratuita, previa inscripci\u00f3n.<\/strong><\/em><\/h4>\n\n\n\n<div style=\"height:20px\" aria-hidden=\"true\" class=\"wp-block-spacer\"><\/div>\n\n\n\n\n\n<div style=\"height:49px\" aria-hidden=\"true\" class=\"wp-block-spacer\"><\/div>\n\n\n\n<p>La Organizaci\u00f3n Internacional de la Vi\u00f1a y el Vino (OIV) abraza la nueva era. El mi\u00e9rcoles 24 de noviembre de 2021 se realizar\u00e1 un nuevo evento internacional sobre la transformaci\u00f3n digital del sector. Ese c\u00f3nclave reunir\u00e1 a expertos del mundo acad\u00e9mico, de los gobiernos, de las organizaciones internacionales y del sector privado de diferentes pa\u00edses. Durante este simposio se presentar\u00e1n los resultados preliminares del informe elaborado sobre el tema por el observatorio de la OIV.<\/p>\n\n\n\n<div style=\"height:20px\" aria-hidden=\"true\" class=\"wp-block-spacer\"><\/div>\n\n\n\n<p class=\"has-background has-very-light-gray-background-color\"><strong>Para asistir a este simposio inscribirse: <a href=\"https:\/\/webapp.spotme.com\/welcome\/oisad21regpage\" target=\"_blank\" rel=\"noreferrer noopener\">AQU\u00cd<\/a><\/strong><\/p>\n\n\n\n<div style=\"height:20px\" aria-hidden=\"true\" class=\"wp-block-spacer\"><\/div>\n\n\n\n<div class=\"wp-block-image\"><figure class=\"alignleft is-resized\"><img loading=\"lazy\" decoding=\"async\" src=\"https:\/\/www.oiv.int\/public\/medias\/8520\/symposium-digital.jpg\" alt=\"\" width=\"358\" height=\"300\"\/><\/figure><\/div>\n\n\n\n<p class=\"has-background has-very-light-gray-background-color\"><strong>Fecha<\/strong>: Mi\u00e9rcoles 24 de noviembre de 2021<br><br><strong>Hora: <\/strong>(11h CET) &#8211; 7 hs Argentina<br><br><strong>Lugar<\/strong>: App events OIV<br><br><strong>Idiomas:<\/strong> Ingl\u00e9s<br><br><strong>Ponentes<\/strong>: Expertos internacionales en digitalizaci\u00f3n de diferentes \u00e1mbitos (universidades, sector p\u00fablico nacional e internacional, sector privado).<br><br><strong>P\u00fablico<\/strong>: El evento ser\u00e1 p\u00fablico y se dirigir\u00e1 a una amplia gama de audiencias.<\/p>\n\n\n\n<div style=\"height:42px\" aria-hidden=\"true\" class=\"wp-block-spacer\"><\/div>\n","protected":false},"excerpt":{"rendered":"<p>Desde fines de 2019, cuando comenz\u00f3 el aislamiento por la pandemia y las comunicaciones, el&hellip;<\/p>\n","protected":false},"author":3,"featured_media":47251,"comment_status":"open","ping_status":"open","sticky":false,"template":"","format":"standard","meta":{"footnotes":""},"categories":[47],"tags":[],"class_list":["post-46553","post","type-post","status-publish","format-standard","has-post-thumbnail","hentry","category-agenda"],"_links":{"self":[{"href":"https:\/\/enolife.com.ar\/es\/wp-json\/wp\/v2\/posts\/46553","targetHints":{"allow":["GET"]}}],"collection":[{"href":"https:\/\/enolife.com.ar\/es\/wp-json\/wp\/v2\/posts"}],"about":[{"href":"https:\/\/enolife.com.ar\/es\/wp-json\/wp\/v2\/types\/post"}],"author":[{"embeddable":true,"href":"https:\/\/enolife.com.ar\/es\/wp-json\/wp\/v2\/users\/3"}],"replies":[{"embeddable":true,"href":"https:\/\/enolife.com.ar\/es\/wp-json\/wp\/v2\/comments?post=46553"}],"version-history":[{"count":0,"href":"https:\/\/enolife.com.ar\/es\/wp-json\/wp\/v2\/posts\/46553\/revisions"}],"wp:featuredmedia":[{"embeddable":true,"href":"https:\/\/enolife.com.ar\/es\/wp-json\/wp\/v2\/media\/47251"}],"wp:attachment":[{"href":"https:\/\/enolife.com.ar\/es\/wp-json\/wp\/v2\/media?parent=46553"}],"wp:term":[{"taxonomy":"category","embeddable":true,"href":"https:\/\/enolife.com.ar\/es\/wp-json\/wp\/v2\/categories?post=46553"},{"taxonomy":"post_tag","embeddable":true,"href":"https:\/\/enolife.com.ar\/es\/wp-json\/wp\/v2\/tags?post=46553"}],"curies":[{"name":"wp","href":"https:\/\/api.w.org\/{rel}","templated":true}]}}