{"id":46542,"date":"2021-10-15T00:46:27","date_gmt":"2021-10-15T00:46:27","guid":{"rendered":"http:\/\/enolife.com.ar\/es\/?p=46542"},"modified":"2021-10-15T19:37:17","modified_gmt":"2021-10-15T19:37:17","slug":"arranca-la-pulverizacion-aerea-contra-la-polilla-de-la-vid-sobre-67-000-ha-al-este-y-norte-de-mendoza","status":"publish","type":"post","link":"https:\/\/enolife.com.ar\/es\/arranca-la-pulverizacion-aerea-contra-la-polilla-de-la-vid-sobre-67-000-ha-al-este-y-norte-de-mendoza\/","title":{"rendered":"Arranca la pulverizaci\u00f3n a\u00e9rea contra la polilla de la vid sobre 67.000 ha al Este y Norte de Mendoza"},"content":{"rendered":"\n<h4 class=\"wp-block-heading\"><em><strong>Se trata de la segunda etapa del operativo de control 2021\/2022. La aplicaci\u00f3n desde aviones de productos amigables con el ambiente se complementa con la t\u00e9cnica de confusi\u00f3n sexual y el trabajo directo dde los productores en sus fincas. En la primera etapa de la actual campa\u00f1a, 1.700 productores vit\u00edcolas recibieron feromonas para distribuir en 20.000 hect\u00e1reas.<\/strong><\/em><\/h4>\n\n\n\n<div style=\"height:20px\" aria-hidden=\"true\" class=\"wp-block-spacer\"><\/div>\n\n\n\n\n\n<div style=\"height:46px\" aria-hidden=\"true\" class=\"wp-block-spacer\"><\/div>\n\n\n\n<p>Desde ma\u00f1ana viernes 15 de octubre, el <strong>Instituto de Sanidad y Calidad Agropecuaria de Mendoza (Iscamen)<\/strong>&nbsp; comenzar\u00e1 a prestar el servicio de tratamientos a\u00e9reos en <strong>Lavalle, Luj\u00e1n, Maip\u00fa, Jun\u00edn, Rivadavia, San Mart\u00edn y Santa Rosa<\/strong>, para el control del primer vuelo de la plaga. Se priorizar\u00e1n los tratamientos de control sobre fincas en estado de abandono, con riesgo fitosanitario y como complemento a los tratamientos que realicen los productores de los oasis Norte y Este, los cuales deber\u00e1n mantener el cultivo protegido hasta el 10 de noviembre.<\/p>\n\n\n\n<p>Con el objetivo de controlar las \u00e1reas de la provincia con mayor presencia de la plaga, el servicio de tratamientos a\u00e9reos se llevar\u00e1 a cabo en 67.600 hect\u00e1reas, de los oasis Norte y Este de la provincia. Los tratamientos ser\u00e1n supervisados por t\u00e9cnicos del Iscamen y del Senasa.<\/p>\n\n\n\n<p>Como en las cuatro campa\u00f1as anteriores, en las cuales el servicio se prest\u00f3 con absoluta normalidad, se emplear\u00e1n productos registrados y autorizados por Senasa y amigables con el medio ambiente.<\/p>\n\n\n\n<p>Asimismo, no se realizar\u00e1n aplicaciones en zonas urbanas, periurbanas, fuentes de agua, canales de riego, colmenas, escuelas, centros de salud, hospitales, etc. Se contemplar\u00e1n zonas de contenci\u00f3n o amortiguamiento con 500 metros de protecci\u00f3n hasta lugares de aplicaci\u00f3n, superando ampliamente los l\u00edmites internacionales en la materia.&nbsp; Todas las acciones cuentan con la Declaraci\u00f3n de Impacto Ambiental de la Secretar\u00eda de Ambiente y Ordenamiento Territorial de Mendoza.<\/p>\n\n\n\n<p>El cronograma de actividades programado ser\u00e1 el siguiente y estar\u00e1 sujeto a modificaciones por causas clim\u00e1ticas u operativas:<\/p>\n\n\n\n<p><strong>D\u00eda 1 &#8211; viernes 15 de octubre:<\/strong>&nbsp;Lavalle (Jocol\u00ed, Tres de Mayo, La Palmera, San Francisco).<\/p>\n\n\n\n<p><strong>D\u00eda 2 &#8211; s\u00e1bado 16 de octubre:&nbsp;<\/strong>Lavalle (La Palmera, El Plumerillo, El Carmen, Gustavo Andr\u00e9).<\/p>\n\n\n\n<p><strong>D\u00eda 3 &#8211; domingo 17 de octubre:<\/strong> Lavalle (El Paramillo, Costa de Araujo) y  San Mart\u00edn (Nueva California).<\/p>\n\n\n\n<p><strong>D\u00eda 4 &#8211; lunes 18 de octubre: <\/strong>&nbsp;Lavalle (La Holanda, Costa de Araujo), &nbsp;Maip\u00fa (Fray Luis Beltr\u00e1n) y\u00b7&nbsp;San Mart\u00edn (Nueva California).<\/p>\n\n\n\n<p><strong>D\u00eda 5 &#8211; martes 19 de octubre:&nbsp;<\/strong>San Mart\u00edn (Tres Porte\u00f1as, El Central, El Divisadero) y &nbsp;Maip\u00fa (Fray Luis Beltr\u00e1n).&nbsp;&nbsp;&nbsp;&nbsp;&nbsp; &nbsp;&nbsp;&nbsp;&nbsp;<\/p>\n\n\n\n<p><strong>D\u00eda 6 &#8211; mi\u00e9rcoles 20 de octubre:<\/strong>&nbsp;Maip\u00fa (San Roque) y &nbsp;San Mart\u00edn (Montecaseros, Alto Salvador, Las Chimbas, Chapanay, El Rambl\u00f3n).<\/p>\n\n\n\n<p><strong>D\u00eda 7 &#8211; jueves 21 de octubre:&nbsp;<\/strong>San Mart\u00edn (Palmira, El Rambl\u00f3n, El Espino) y&nbsp;Santa Rosa (12 de Octubre, Santa Rosa).<\/p>\n\n\n\n<p><strong>D\u00eda 8 &#8211; viernes 22 de octubre:&nbsp;<\/strong>Maip\u00fa (San Roque) y&nbsp;Jun\u00edn (Algarrobo Grande, Phillips, Alto Verde).<\/p>\n\n\n\n<p>D\u00eda 9 &#8211; s\u00e1bado 23 de octubre:&nbsp;Maip\u00fa (Barrancas) y Rivadavia (Medrano, Andrade, La Central, Los Campamentos).<\/p>\n\n\n\n<p><strong>D\u00eda 10 &#8211; domingo 24 de octubre:&nbsp;<\/strong>Luj\u00e1n de Cuyo (Carrizal, Ugarteche) y Rivadavia (Reducci\u00f3n, La Libertad, Los Campamentos, El Mirador).<\/p>\n\n\n\n<p>Las acciones de control se desarrollar\u00e1n en el marco de la Ley Nacional 27227, que declara de inter\u00e9s nacional el control de la plaga; la Ley Provincial 9076, que declara de inter\u00e9s provincial el control del insecto, y el Decreto Provincial 1812\/2017, que establece la coordinaci\u00f3n de acciones conjuntas de control por parte del Ministerio de Econom\u00eda, Infraestructura y Energ\u00eda, a trav\u00e9s del Iscamen.<\/p>\n\n\n\n<div style=\"height:20px\" aria-hidden=\"true\" class=\"wp-block-spacer\"><\/div>\n\n\n\n<p class=\"has-medium-font-size\"><strong>Alerta para el control oportuno de la&nbsp; plaga<\/strong><\/p>\n\n\n\n<p>El Iscamen inform\u00f3 que se encuentra vigente la primera alerta para el control de la plaga Lobesia botrana en todo el territorio provincial.&nbsp; Los productores vit\u00edcolas de Mendoza deber\u00e1n iniciar los tratamientos con productos autorizados por Senasa, cuando el cultivo presente racimos florales visibles (5 a 7 cm). Adem\u00e1s, deber\u00e1n repetir inmediatamente cuando la inflorescencia alcance su m\u00e1ximo desarrollo.<\/p>\n\n\n\n<p>La fecha de inicio de tratamiento depende de la variedad y la zona, por lo que cada productor deber\u00e1 estar atento al estado de su vi\u00f1edo. Se aclara que los productores que est\u00e9n implementando la t\u00e9cnica de confusi\u00f3n sexual, con los difusores de feromonas, tambi\u00e9n deben realizar esta aplicaci\u00f3n para el control de la polilla de la vid.<\/p>\n\n\n\n<p class=\"has-background has-very-light-gray-background-color\"><strong>Para mayor informaci\u00f3n, puede ingresar a&nbsp;<a href=\"http:\/\/www.iscamen.com.ar\/\">www.iscamen.com.ar<\/a>, o comunicarse a los tel\u00e9fonos 4299015\/13 Int. 219 o a trav\u00e9s del correo&nbsp;<a href=\"mailto:lobesia@iscamen.com.ar\">lobesia@iscamen.com.ar<\/a>.<\/strong><\/p>\n\n\n\n<div style=\"height:49px\" aria-hidden=\"true\" class=\"wp-block-spacer\"><\/div>\n","protected":false},"excerpt":{"rendered":"<p>Se trata de la segunda etapa del operativo de control 2021\/2022. La aplicaci\u00f3n desde aviones&hellip;<\/p>\n","protected":false},"author":3,"featured_media":46632,"comment_status":"open","ping_status":"open","sticky":false,"template":"","format":"standard","meta":{"footnotes":""},"categories":[14],"tags":[],"class_list":["post-46542","post","type-post","status-publish","format-standard","has-post-thumbnail","hentry","category-news"],"_links":{"self":[{"href":"https:\/\/enolife.com.ar\/es\/wp-json\/wp\/v2\/posts\/46542","targetHints":{"allow":["GET"]}}],"collection":[{"href":"https:\/\/enolife.com.ar\/es\/wp-json\/wp\/v2\/posts"}],"about":[{"href":"https:\/\/enolife.com.ar\/es\/wp-json\/wp\/v2\/types\/post"}],"author":[{"embeddable":true,"href":"https:\/\/enolife.com.ar\/es\/wp-json\/wp\/v2\/users\/3"}],"replies":[{"embeddable":true,"href":"https:\/\/enolife.com.ar\/es\/wp-json\/wp\/v2\/comments?post=46542"}],"version-history":[{"count":0,"href":"https:\/\/enolife.com.ar\/es\/wp-json\/wp\/v2\/posts\/46542\/revisions"}],"wp:featuredmedia":[{"embeddable":true,"href":"https:\/\/enolife.com.ar\/es\/wp-json\/wp\/v2\/media\/46632"}],"wp:attachment":[{"href":"https:\/\/enolife.com.ar\/es\/wp-json\/wp\/v2\/media?parent=46542"}],"wp:term":[{"taxonomy":"category","embeddable":true,"href":"https:\/\/enolife.com.ar\/es\/wp-json\/wp\/v2\/categories?post=46542"},{"taxonomy":"post_tag","embeddable":true,"href":"https:\/\/enolife.com.ar\/es\/wp-json\/wp\/v2\/tags?post=46542"}],"curies":[{"name":"wp","href":"https:\/\/api.w.org\/{rel}","templated":true}]}}