{"id":46509,"date":"2021-10-13T20:03:03","date_gmt":"2021-10-13T20:03:03","guid":{"rendered":"http:\/\/enolife.com.ar\/es\/?p=46509"},"modified":"2021-10-14T15:44:56","modified_gmt":"2021-10-14T15:44:56","slug":"unas-2-000-personas-visitaron-mendoza-wine-fair-la-1ra-feria-presencial-pospandemia-del-pais","status":"publish","type":"post","link":"https:\/\/enolife.com.ar\/es\/unas-2-000-personas-visitaron-mendoza-wine-fair-la-1ra-feria-presencial-pospandemia-del-pais\/","title":{"rendered":"Unas 2.000 personas visitaron Mendoza Wine Fair, la 1ra. feria presencial pospandemia del pa\u00eds"},"content":{"rendered":"\n<h4 class=\"wp-block-heading\"><em><strong>Un p\u00fablico entusiasta y \u00e1vido de sociabilizar en torno al vino disfrut\u00f3 las dos jornadas -s\u00e1bado 9 y domingo 10\/10- de la feria de Alta Gama organizada por Gran Casa Vinos en los jardines de Sagrada Cocina, restaurante ubicado en Chacras de Coria, Luj\u00e1n de Cuyo. M\u00e1s de 20 bodegas, con espumantes, cocteler\u00eda y un stand de vinos del mundo, fueron el atractivo de una feria singular porque marc\u00f3 el regreso a la presencialidad en Mendoza y el pa\u00eds para este tipo de eventos.<\/strong><\/em><\/h4>\n\n\n\n<div style=\"height:38px\" aria-hidden=\"true\" class=\"wp-block-spacer\"><\/div>\n\n\n<a href=\"https:\/\/instagram.com\/labelsolutions?igshid=YmMyMTA2M2Y=\" aria-label=\"Banner Palero 1700&#215;500\"><img loading=\"lazy\" decoding=\"async\" src=\"https:\/\/enolife.com.ar\/es\/wp-content\/uploads\/2021\/09\/Banner-Palero-1700x500-1.gif\" alt=\"\"  width=\"1700\" height=\"500\"   \/><\/a>\n\n\n<div style=\"height:72px\" aria-hidden=\"true\" class=\"wp-block-spacer\"><\/div>\n\n\n\n<p><strong>Mendoza Wine Fair<\/strong> marc\u00f3 el regreso presencial a las ferias de vinos en todo el pa\u00eds, luego de un a\u00f1o y medio de restricciones producto de la pandemia. Un p\u00fablico \u00e1vido de reencontrarse \u00abcara a cara\u00bb con los protagonistas del vino colm\u00f3 los jardines del restaurante <strong>Sagrada Cocina,<\/strong> que dieron el marco perfecto para lo que muchos consideraron \u00abla mejor edici\u00f3n de Mendoza Wine Fair\u00bb, con un formato renovado y una cuidada selecci\u00f3n de etiquetas.<\/p>\n\n\n\n<p>La feria respet\u00f3 todos los protocolos vigentes, donde el p\u00fablico tuvo a su disposici\u00f3n alcohol en gel en todos los stands, botellas de agua individual provistas por Villavicencio, desinfecci\u00f3n permanente en ba\u00f1os y espacios gastron\u00f3micos. El p\u00fablico pudo llevarse de regalo un cop\u00f3n de cristal de 600 cm3 provisto por Cristaler\u00eda San Carlos.<\/p>\n\n\n\n<div style=\"height:20px\" aria-hidden=\"true\" class=\"wp-block-spacer\"><\/div>\n\n\n\n<div class=\"wp-block-image\"><figure class=\"aligncenter is-resized\"><img loading=\"lazy\" decoding=\"async\" src=\"https:\/\/vinomanos.com\/wp-content\/uploads\/2021\/09\/Mendoza-Wine-Fair-archivo-16-min.jpeg\" alt=\"6ta. edici\u00f3n de Mendoza Wine Fair 2021\" width=\"568\" height=\"378\"\/><\/figure><\/div>\n\n\n\n<div style=\"height:20px\" aria-hidden=\"true\" class=\"wp-block-spacer\"><\/div>\n\n\n\n<p>Wine Fair cont\u00f3 con la participaci\u00f3n de m\u00e1s de <strong>20 bodegas y elaboradores de gins y fernet artesanales;<\/strong> y la gastronom\u00eda del cocinero <strong>Lucas Bustos,<\/strong> que ofreci\u00f3 cuatro alternativas de comidas para acompa\u00f1ar la degustaci\u00f3n. Adem\u00e1s, tuvo la participaci\u00f3n del Ballet Folcl\u00f3rico de Luj\u00e1n de Cuyo y un DJ en vivo que musicaliz\u00f3 toda la jornada.<\/p>\n\n\n\n<p>Destacados en\u00f3logos y referentes de la industria se hicieron presentes en la feria, como <strong>Daniel Pi, Walter Bressia, Marcelo Casazza, Franco Falasco, Tom\u00e1s Stahringer,<\/strong> entre otras tantas figuras del mundo del vino, quienes se mostraron felices de compartir sus vinos junto a los consumidores.<\/p>\n\n\n\n<div style=\"height:20px\" aria-hidden=\"true\" class=\"wp-block-spacer\"><\/div>\n\n\n\n<figure class=\"wp-block-gallery columns-2 is-cropped wp-block-gallery-1 is-layout-flex wp-block-gallery-is-layout-flex\"><ul class=\"blocks-gallery-grid\"><li class=\"blocks-gallery-item\"><figure><img loading=\"lazy\" decoding=\"async\" width=\"626\" height=\"720\" src=\"https:\/\/enolife.com.ar\/es\/wp-content\/uploads\/2021\/10\/Imagen2-2.jpg\" alt=\"\" data-id=\"46521\" class=\"wp-image-46521\" srcset=\"https:\/\/enolife.com.ar\/es\/wp-content\/uploads\/2021\/10\/Imagen2-2.jpg 626w, https:\/\/enolife.com.ar\/es\/wp-content\/uploads\/2021\/10\/Imagen2-2-261x300.jpg 261w, https:\/\/enolife.com.ar\/es\/wp-content\/uploads\/2021\/10\/Imagen2-2-585x673.jpg 585w\" sizes=\"auto, (max-width: 626px) 100vw, 626px\" \/><\/figure><\/li><li class=\"blocks-gallery-item\"><figure><img loading=\"lazy\" decoding=\"async\" width=\"540\" height=\"720\" src=\"https:\/\/enolife.com.ar\/es\/wp-content\/uploads\/2021\/10\/Imagen3-2.jpg\" alt=\"\" data-id=\"46522\" class=\"wp-image-46522\" srcset=\"https:\/\/enolife.com.ar\/es\/wp-content\/uploads\/2021\/10\/Imagen3-2.jpg 540w, https:\/\/enolife.com.ar\/es\/wp-content\/uploads\/2021\/10\/Imagen3-2-225x300.jpg 225w\" sizes=\"auto, (max-width: 540px) 100vw, 540px\" \/><\/figure><\/li><\/ul><\/figure>\n\n\n\n<div style=\"height:20px\" aria-hidden=\"true\" class=\"wp-block-spacer\"><\/div>\n\n\n\n<p class=\"has-background has-pale-cyan-blue-background-color\">Las bodegas que participaron de esta 6ta. Edici\u00f3n de Mendoza Wine Fair fueron: <strong>Vi\u00f1a Cobos, Bressia, Sin Fin, Nasha Wines, Susana Balbo, Mendel, Zorzal, Huentala Wines, Tres14, Altar Uco, Marchiori &amp; Barraud, Jean Rivier, Vistandes, Bemberg Estate Wines, Herencia Wines, Pascual Toso, Falasco Wines, Pulenta Estate y Los Helechos. <\/strong><\/p>\n\n\n\n<div style=\"height:20px\" aria-hidden=\"true\" class=\"wp-block-spacer\"><\/div>\n\n\n\n<p>Tambi\u00e9n estuvieron presentes <strong>Entre Perro<\/strong> y <strong>Lobo Gin<\/strong>, que se luci\u00f3 con sus gin tonic y tambi\u00e9n con el lanzamiento de su Vermut \u00abCon esta boca en este mundo\u00bb; adem\u00e1s de <strong>Nero 53<\/strong>, que ofreci\u00f3 un original y artesanal \u00abfernet tirado\u00bb.<\/p>\n\n\n\n<div style=\"height:20px\" aria-hidden=\"true\" class=\"wp-block-spacer\"><\/div>\n\n\n\n<div class=\"wp-block-image\"><figure class=\"aligncenter size-large is-resized\"><img loading=\"lazy\" decoding=\"async\" src=\"https:\/\/enolife.com.ar\/es\/wp-content\/uploads\/2021\/10\/feria2-1-1024x682-1.jpg\" alt=\"\" class=\"wp-image-46524\" width=\"567\" height=\"377\" srcset=\"https:\/\/enolife.com.ar\/es\/wp-content\/uploads\/2021\/10\/feria2-1-1024x682-1.jpg 1024w, https:\/\/enolife.com.ar\/es\/wp-content\/uploads\/2021\/10\/feria2-1-1024x682-1-300x200.jpg 300w, https:\/\/enolife.com.ar\/es\/wp-content\/uploads\/2021\/10\/feria2-1-1024x682-1-768x512.jpg 768w, https:\/\/enolife.com.ar\/es\/wp-content\/uploads\/2021\/10\/feria2-1-1024x682-1-585x390.jpg 585w\" sizes=\"auto, (max-width: 567px) 100vw, 567px\" \/><figcaption><em><strong>Foto gentileza de Punto a Punto<\/strong><\/em><\/figcaption><\/figure><\/div>\n\n\n\n<div style=\"height:20px\" aria-hidden=\"true\" class=\"wp-block-spacer\"><\/div>\n\n\n\n<p>Otro de los puntos relevantes y atractivos durante las dos jornadas fue el stand de \u00abVinos del mundo\u00bb, donde Gran Casa Vinos ofreci\u00f3 etiquetas provenientes de Rioja y Ribera de Duero, Espa\u00f1a; Chile, Francia e Italia.<\/p>\n\n\n\n<p>\u00abVolver a reencontrarnos en esta sexta edici\u00f3n, y de la mejor manera, es algo que nos pone muy felices a todos los que hacemos posible este evento\u00bb, asegur\u00f3 <strong>Paulo Casazza<\/strong>, organizador y propietario de Gran Casa Vinos. \u00abHemos recibido los mejores comentarios de todos los asistentes durante las dos jornadas -sintetiz\u00f3 Casazza-, que opinaron que \u00e9sta ha sido la mejor edici\u00f3n de esta feria. El entorno, el servicio, las etiquetas, todo ha estado pensado en detalle para que los amantes del vino vuelvan a disfrutar de estos eventos que son tan importantes para la promoci\u00f3n del vino argentino, como tambi\u00e9n para el turismo que llega a nuestra provincia y que aprovech\u00f3 el fin de semana largo para asistir a Mendoza Wine Fair. Tuvimos turistas de distintas provincias que no quisieron perderse est\u00e1 experiencia\u00bb.<\/p>\n\n\n\n<p>Mendoza Wine Fair cont\u00f3 con el apoyo de la <strong>Municipalidad de Luj\u00e1n de Cuyo, Cristaler\u00eda San Carlos, Posada Borravino, Andesmar Cargas, Seguros Rivadavia, Tankito, El Descorche Diario y Villavicencio.<\/strong><\/p>\n\n\n\n<p>Desde <strong>Gran Casa Vinos<\/strong> anticiparon una pr\u00f3xima edici\u00f3n para<strong> febrero de 2022<\/strong> y otra en la vecina provincia de <strong>San Luis para el 6 de noviembre<\/strong> de 2022 en la localidad de <strong>Juana Koslay.<\/strong><\/p>\n\n\n\n<div style=\"height:49px\" aria-hidden=\"true\" class=\"wp-block-spacer\"><\/div>\n","protected":false},"excerpt":{"rendered":"<p>Un p\u00fablico entusiasta y \u00e1vido de sociabilizar en torno al vino disfrut\u00f3 las dos jornadas&hellip;<\/p>\n","protected":false},"author":3,"featured_media":46529,"comment_status":"open","ping_status":"open","sticky":false,"template":"","format":"standard","meta":{"footnotes":""},"categories":[14],"tags":[],"class_list":["post-46509","post","type-post","status-publish","format-standard","has-post-thumbnail","hentry","category-news"],"_links":{"self":[{"href":"https:\/\/enolife.com.ar\/es\/wp-json\/wp\/v2\/posts\/46509","targetHints":{"allow":["GET"]}}],"collection":[{"href":"https:\/\/enolife.com.ar\/es\/wp-json\/wp\/v2\/posts"}],"about":[{"href":"https:\/\/enolife.com.ar\/es\/wp-json\/wp\/v2\/types\/post"}],"author":[{"embeddable":true,"href":"https:\/\/enolife.com.ar\/es\/wp-json\/wp\/v2\/users\/3"}],"replies":[{"embeddable":true,"href":"https:\/\/enolife.com.ar\/es\/wp-json\/wp\/v2\/comments?post=46509"}],"version-history":[{"count":0,"href":"https:\/\/enolife.com.ar\/es\/wp-json\/wp\/v2\/posts\/46509\/revisions"}],"wp:featuredmedia":[{"embeddable":true,"href":"https:\/\/enolife.com.ar\/es\/wp-json\/wp\/v2\/media\/46529"}],"wp:attachment":[{"href":"https:\/\/enolife.com.ar\/es\/wp-json\/wp\/v2\/media?parent=46509"}],"wp:term":[{"taxonomy":"category","embeddable":true,"href":"https:\/\/enolife.com.ar\/es\/wp-json\/wp\/v2\/categories?post=46509"},{"taxonomy":"post_tag","embeddable":true,"href":"https:\/\/enolife.com.ar\/es\/wp-json\/wp\/v2\/tags?post=46509"}],"curies":[{"name":"wp","href":"https:\/\/api.w.org\/{rel}","templated":true}]}}