{"id":46307,"date":"2021-10-12T02:16:06","date_gmt":"2021-10-12T02:16:06","guid":{"rendered":"http:\/\/enolife.com.ar\/es\/?p=46307"},"modified":"2021-10-12T23:03:45","modified_gmt":"2021-10-12T23:03:45","slug":"contra-la-sequia-acovi-inta-y-coviar-aportan-ideas-sobre-la-distribucion-eficiente-del-agua-de-riego","status":"publish","type":"post","link":"https:\/\/enolife.com.ar\/es\/contra-la-sequia-acovi-inta-y-coviar-aportan-ideas-sobre-la-distribucion-eficiente-del-agua-de-riego\/","title":{"rendered":"Contra la sequ\u00eda, Acovi, INTA y Coviar aportan ideas sobre la distribuci\u00f3n eficiente del agua de riego"},"content":{"rendered":"\n<h4 class=\"wp-block-heading\"><em><strong>Desde abril de 2021 la Asociaci\u00f3n de Cooperativas Vitivin\u00edcolas (Acovi) preside el Foro Argentino del Agua, entidad que representa al pa\u00eds en la&nbsp;Asociaci\u00f3n Mundial para el Agua&nbsp;(en ingl\u00e9s, GWP). Tanto en Mendoza como en el pa\u00eds y el mundo, frente a los efectos del aumento de la temperatura por el cambio clim\u00e1tico, se hace necesaria una gesti\u00f3n integrada y sustentable de los recursos h\u00eddricos, para lo cual est\u00e1n en la mira los sistemas de distribuci\u00f3n del agua en las zonas agr\u00edcolas. Sobre estos temas clave para la vitivinicultura, el pr\u00f3ximo martes 12 de octubre a las 19 hs de Argentina se realizar\u00e1 webinar presentando distintas experiencias consideradas exitosas respecto a la flexibilizaci\u00f3n en la asignaci\u00f3n del agua.<\/strong><\/em><\/h4>\n\n\n\n<hr class=\"wp-block-separator\"\/>\n\n\n\n<h4 class=\"wp-block-heading\"><em><strong>En nuestra provincia, a la par de los esfuerzos de estas tres entidades, el Departamento General de Irrigaci\u00f3n ya ha puesto en marcha sistemas piloto de reparto de agua m\u00e1s flexibles frente a las demandas de los cultivos: riego acordado y riego a la demanda, seg\u00fan las necesidades y el tama\u00f1o de los cultivos. <\/strong><\/em><\/h4>\n\n\n\n<div style=\"height:20px\" aria-hidden=\"true\" class=\"wp-block-spacer\"><\/div>\n\n\n\n\n\n<div style=\"height:59px\" aria-hidden=\"true\" class=\"wp-block-spacer\"><\/div>\n\n\n\n<p>El 6\/10 pasado la Comisi\u00f3n de asuntos H\u00eddricos de la <strong>Asociaci\u00f3n de Cooperativas Vitivin\u00edcolas (Acovi)<\/strong>,  present\u00f3 el documento: \u00ab<strong>Regulaci\u00f3n de los Sistemas de Distribuci\u00f3n de agua\u00bb<\/strong>, en el que analiza la situaci\u00f3n h\u00eddrica actual de Mendoza, y propone soluciones para afrontar la sequ\u00eda pronosticada, brindando herramientas para organizar eficientemente el uso del agua, sin cambiar el modelo o matriz productiva de la provincia. <\/p>\n\n\n\n<div style=\"height:20px\" aria-hidden=\"true\" class=\"wp-block-spacer\"><\/div>\n\n\n\n<p class=\"has-background has-very-light-gray-background-color\"><strong>Descargar el documento Regulaci\u00f3n de los Sistemas de Distribuci\u00f3n del Agua:  <a href=\"https:\/\/enolife.com.ar\/es\/wp-content\/uploads\/2021\/10\/Proyecto-de-Regulaci\u00f3n-de-los-Sistemas-de-Distribuci\u00f3n_Documento.pdf\">AQU\u00cd<\/a><\/strong><\/p>\n\n\n\n<div style=\"height:20px\" aria-hidden=\"true\" class=\"wp-block-spacer\"><\/div>\n\n\n\n<p>En este marco y con el objetivo de dar visibilizaci\u00f3n a una cultura de riego flexibilizada, el<strong> Foro Argentino Del Agua (FADA)<\/strong>, Acovi, el Instituto Nacional de Tecnolog\u00eda Agropecuaria (INTA) y la <strong>Asociaci\u00f3n Mundial para el Agua&nbsp;(en ingl\u00e9s, GWP)<\/strong>, invitan al congreso virtual \u00abExposici\u00f3n de las experiencias en flexibilizaci\u00f3n de las entregas de agua\u00bb, a realizarse el martes 12\/10 a las 19 hs a trav\u00e9s de la plataforma Zoom.<\/p>\n\n\n\n<div style=\"height:20px\" aria-hidden=\"true\" class=\"wp-block-spacer\"><\/div>\n\n\n\n<div class=\"wp-block-image\"><figure class=\"alignleft size-large is-resized\"><img loading=\"lazy\" decoding=\"async\" src=\"https:\/\/enolife.com.ar\/es\/wp-content\/uploads\/2021\/10\/Imagen1-1.jpg\" alt=\"\" class=\"wp-image-46308\" width=\"354\" height=\"354\" srcset=\"https:\/\/enolife.com.ar\/es\/wp-content\/uploads\/2021\/10\/Imagen1-1.jpg 720w, https:\/\/enolife.com.ar\/es\/wp-content\/uploads\/2021\/10\/Imagen1-1-300x300.jpg 300w, https:\/\/enolife.com.ar\/es\/wp-content\/uploads\/2021\/10\/Imagen1-1-150x150.jpg 150w, https:\/\/enolife.com.ar\/es\/wp-content\/uploads\/2021\/10\/Imagen1-1-585x585.jpg 585w\" sizes=\"auto, (max-width: 354px) 100vw, 354px\" \/><\/figure><\/div>\n\n\n\n<p><strong>Durante el webinar se presentar\u00e1n:<\/strong><\/p>\n\n\n\n<ul class=\"wp-block-list\"><li>Recomendaciones del Consejo de la <strong>EEA INTA San Juan<\/strong> respecto del tema del riego, a cargo de <strong>Silvana Putelli<\/strong> y <strong>Pedro Mart\u00edn.<\/strong><\/li><li>Proyecto de parcelas demostrativas de riego mecanizado en la zona de <strong>La Guevarina<\/strong>, por la ingeniera<strong> Cecilia Pica.<\/strong><\/li><li>Modernizaci\u00f3n de la gesti\u00f3n del agua de la <strong>Asociaci\u00f3n Atuel Superior, <\/strong>por <strong>Pedro Sela<\/strong>.<\/li><li>Manejo de turnados y riego acordado de la<strong> Inspecci\u00f3n Canal Vila<\/strong> por <strong>Alejandro Cateura<\/strong>.<\/li><\/ul>\n\n\n\n<p class=\"has-background has-very-light-gray-background-color\"><strong>Unirse a la reuni\u00f3n Zoom: <a href=\"https:\/\/us02web.zoom.us\/j\/89085040886?pwd=eFlJOU1oV2hiZmQ2aVNxSGd0NkNwUT09\">AQU\u00cd<\/a><br><\/strong>ID de reuni\u00f3n: 890 8504 0886<br>C\u00f3digo de acceso: 078898<\/p>\n\n\n\n<div style=\"height:20px\" aria-hidden=\"true\" class=\"wp-block-spacer\"><\/div>\n\n\n\n<p class=\"has-medium-font-size\"><strong>Qu\u00e9 es el<\/strong> <strong>Foro Argentino del Agua<\/strong><\/p>\n\n\n\n<p>Esta organizaci\u00f3n se constituy\u00f3 el 6 de diciembre de 2017 en Buenos Aires, con la adhesi\u00f3n de 28 miembros fundadores, pertenecientes a diferentes sectores involucrados en la problem\u00e1tica h\u00eddrica: gobierno, empresas, investigaci\u00f3n, asociaciones de usuarios y otras organizaciones de la sociedad civil, localizados en diferentes \u00e1reas geogr\u00e1ficas del pa\u00eds.<\/p>\n\n\n\n<p>La entidad representa a Argentina en la<strong>&nbsp;<\/strong>Asociaci\u00f3n Mundial para el Agua&nbsp;(en ingl\u00e9s, GWP) con la finalidad de promover la Gesti\u00f3n Integrada de los Recursos H\u00eddricos (GIRH) como enfoque estrat\u00e9gico para garantizar la seguridad h\u00eddrica, estableciendo canales de comunicaci\u00f3n y coordinaci\u00f3n con otros actores sociales, instituciones, programas y redes, tanto en el pa\u00eds como en la regi\u00f3n.<\/p>\n\n\n\n<p>Desde el mes de abril de 2021, <strong>la presidencia del FADA es ocupada por Acovi, en la persona de Hugo Albrieu.<\/strong><\/p>\n\n\n\n<div style=\"height:20px\" aria-hidden=\"true\" class=\"wp-block-spacer\"><\/div>\n\n\n\n<p class=\"has-background has-very-light-gray-background-color\"><strong>Los objetivos de FADA son:<\/strong><\/p>\n\n\n\n<ul class=\"wp-block-list\"><li>Promover la Gesti\u00f3n Integrada de los Recursos H\u00eddricos (GIRH) a fin de asegurar su disponibilidad para las generaciones presentes y venideras.<\/li><li>Promover la creaci\u00f3n de espacios de di\u00e1logo, participaci\u00f3n, reflexi\u00f3n y debate.<\/li><li>Abordar y brindar opciones y propuestas a las distintas situaciones y problem\u00e1ticas planteadas a nivel nacional que tengan que ver con el recurso.<\/li><li>Fomentar alianzas estrat\u00e9gicas con otras entidades, nacionales o extranjeras, para el mejor desempe\u00f1o de sus actividades.<\/li><li>Promover la incorporaci\u00f3n de nuevos miembros a la Entidad.<\/li><li>Contribuir con las autoridades encargadas del dise\u00f1o, aplicaci\u00f3n y gesti\u00f3n de pol\u00edticas, legislaci\u00f3n y normativa relacionada con el recurso h\u00eddrico, apelando a los principios de participaci\u00f3n, responsabilidad, equidad y transparencia.<\/li><li>Promover una \u00abcultura del agua\u00bb basada en el respecto de la diversidad y difundir la tem\u00e1tica h\u00eddrica en la comunidad nacional en todos sus niveles.<\/li><li>Impulsar la conservaci\u00f3n del recurso h\u00eddrico como un elemento importante en nuestra identidad nacional a trav\u00e9s de actividades de toma de conciencia dirigidas a la comunidad.<\/li><li>Facilitar y promover la investigaci\u00f3n y la generaci\u00f3n del conocimiento cient\u00edfico, tecnol\u00f3gico, intercambio de informaci\u00f3n y experiencias, capacitaci\u00f3n, movilizaci\u00f3n de recursos y toda otra actividad necesaria para abarcar de manera cabal la tem\u00e1tica h\u00eddrica de nuestro pa\u00eds.<\/li><li>Atender aquellos aspectos de g\u00e9nero y pobreza en los que la gesti\u00f3n del agua tiene una incidencia fundamental y cr\u00edtica.<\/li><\/ul>\n\n\n\n<div style=\"height:53px\" aria-hidden=\"true\" class=\"wp-block-spacer\"><\/div>\n","protected":false},"excerpt":{"rendered":"<p>Desde abril de 2021 la Asociaci\u00f3n de Cooperativas Vitivin\u00edcolas (Acovi) preside el Foro Argentino del&hellip;<\/p>\n","protected":false},"author":3,"featured_media":46349,"comment_status":"open","ping_status":"open","sticky":false,"template":"","format":"standard","meta":{"footnotes":""},"categories":[47],"tags":[],"class_list":["post-46307","post","type-post","status-publish","format-standard","has-post-thumbnail","hentry","category-agenda"],"_links":{"self":[{"href":"https:\/\/enolife.com.ar\/es\/wp-json\/wp\/v2\/posts\/46307","targetHints":{"allow":["GET"]}}],"collection":[{"href":"https:\/\/enolife.com.ar\/es\/wp-json\/wp\/v2\/posts"}],"about":[{"href":"https:\/\/enolife.com.ar\/es\/wp-json\/wp\/v2\/types\/post"}],"author":[{"embeddable":true,"href":"https:\/\/enolife.com.ar\/es\/wp-json\/wp\/v2\/users\/3"}],"replies":[{"embeddable":true,"href":"https:\/\/enolife.com.ar\/es\/wp-json\/wp\/v2\/comments?post=46307"}],"version-history":[{"count":0,"href":"https:\/\/enolife.com.ar\/es\/wp-json\/wp\/v2\/posts\/46307\/revisions"}],"wp:featuredmedia":[{"embeddable":true,"href":"https:\/\/enolife.com.ar\/es\/wp-json\/wp\/v2\/media\/46349"}],"wp:attachment":[{"href":"https:\/\/enolife.com.ar\/es\/wp-json\/wp\/v2\/media?parent=46307"}],"wp:term":[{"taxonomy":"category","embeddable":true,"href":"https:\/\/enolife.com.ar\/es\/wp-json\/wp\/v2\/categories?post=46307"},{"taxonomy":"post_tag","embeddable":true,"href":"https:\/\/enolife.com.ar\/es\/wp-json\/wp\/v2\/tags?post=46307"}],"curies":[{"name":"wp","href":"https:\/\/api.w.org\/{rel}","templated":true}]}}