{"id":46262,"date":"2021-10-08T02:44:41","date_gmt":"2021-10-08T02:44:41","guid":{"rendered":"http:\/\/enolife.com.ar\/es\/?p=46262"},"modified":"2021-10-08T02:44:42","modified_gmt":"2021-10-08T02:44:42","slug":"paseo-para-vecinos-y-turistas-de-mendoza-la-feria-natural-el-8-y-9-10-en-plazoleta-vergara","status":"publish","type":"post","link":"https:\/\/enolife.com.ar\/es\/paseo-para-vecinos-y-turistas-de-mendoza-la-feria-natural-el-8-y-9-10-en-plazoleta-vergara\/","title":{"rendered":"Paseo para vecinos y turistas de Mendoza: la Feria Natural, el 8 y 9\/10 en Plazoleta Vergara"},"content":{"rendered":"\n<h4 class=\"wp-block-heading\"><em><strong>La ya cl\u00e1sica exposici\u00f3n y venta de artesan\u00edas y productos naturales, libres de pl\u00e1stico, se viene realizando desde 2012 en plazas y espacios p\u00fablicos de toda la provincia de Mendoza. All\u00ed se pueden adquirir piezas \u00fanicas, variados art\u00edculos de dise\u00f1o y regalos a precios accesibles. La idea de los organizadores -Encuentro INDI y Misi\u00f3n Verde Soluciones Sustentables, con apoyo de la Municipalidad de Mendoza y el Ente Mendoza Turismo- es promover el consumo responsable y poner en valor la tarea de dise\u00f1adores y artesanos.<\/strong><\/em><\/h4>\n\n\n\n<div style=\"height:38px\" aria-hidden=\"true\" class=\"wp-block-spacer\"><\/div>\n\n\n\n\n\n<div style=\"height:54px\" aria-hidden=\"true\" class=\"wp-block-spacer\"><\/div>\n\n\n\n<p>Estos pr\u00f3ximos d\u00edas <strong>viernes 8 y s\u00e1bado 9 de octubre<\/strong>, de 12 a 21 horas en Plazoleta Vergara (Rufino Ortega y Tiburcio Benegas de la Capital de Mendoza), con acceso libre y gratuito, vuelve la <strong>Feria Natural de Arte y Dise\u00f1o de Plazoleta Vergara<\/strong>, que tiene como objetivo mostrar los productos libres de pl\u00e1stico y promover el consumo conciente. <\/p>\n\n\n\n<p>A la vez, seg\u00fan manifiestan sus organizadores, \u00abbusca hacer un aporte para que el p\u00fablico consumidor desterre los h\u00e1bitos cotidianos no saludables y mantenga una relaci\u00f3n amigable con el ambiente\u00bb.<\/p>\n\n\n\n<div style=\"height:20px\" aria-hidden=\"true\" class=\"wp-block-spacer\"><\/div>\n\n\n\n<figure class=\"wp-block-gallery aligncenter columns-2 is-cropped wp-block-gallery-1 is-layout-flex wp-block-gallery-is-layout-flex\"><ul class=\"blocks-gallery-grid\"><li class=\"blocks-gallery-item\"><figure><img loading=\"lazy\" decoding=\"async\" width=\"538\" height=\"720\" src=\"https:\/\/enolife.com.ar\/es\/wp-content\/uploads\/2021\/10\/Imagen1feria.jpg\" alt=\"\" data-id=\"46271\" data-link=\"https:\/\/enolife.com.ar\/es\/?attachment_id=46271\" class=\"wp-image-46271\" srcset=\"https:\/\/enolife.com.ar\/es\/wp-content\/uploads\/2021\/10\/Imagen1feria.jpg 538w, https:\/\/enolife.com.ar\/es\/wp-content\/uploads\/2021\/10\/Imagen1feria-224x300.jpg 224w\" sizes=\"auto, (max-width: 538px) 100vw, 538px\" \/><\/figure><\/li><li class=\"blocks-gallery-item\"><figure><img loading=\"lazy\" decoding=\"async\" width=\"540\" height=\"720\" src=\"https:\/\/enolife.com.ar\/es\/wp-content\/uploads\/2021\/10\/Imagen1.jpg\" alt=\"\" data-id=\"46272\" data-full-url=\"https:\/\/enolife.com.ar\/es\/wp-content\/uploads\/2021\/10\/Imagen1.jpg\" data-link=\"https:\/\/enolife.com.ar\/es\/?attachment_id=46272\" class=\"wp-image-46272\" srcset=\"https:\/\/enolife.com.ar\/es\/wp-content\/uploads\/2021\/10\/Imagen1.jpg 540w, https:\/\/enolife.com.ar\/es\/wp-content\/uploads\/2021\/10\/Imagen1-225x300.jpg 225w\" sizes=\"auto, (max-width: 540px) 100vw, 540px\" \/><\/figure><\/li><\/ul><\/figure>\n\n\n\n<div style=\"height:20px\" aria-hidden=\"true\" class=\"wp-block-spacer\"><\/div>\n\n\n\n<p>En los <strong>25 stands<\/strong> que se montar\u00e1n este fin de semana, los visitantes puede encontrar una diversidad de productos de emprendedores, artistas y dise\u00f1adores pensados para mejorar la calidad de vida del consumidor local.<\/p>\n\n\n\n<p>El espacio p\u00fablico elegido, Plazoleta Vergara, se proyecta como un sitio de reuni\u00f3n y paseo para las familias de la ciudad. El acceso al espacio es libre y gratuito, y <em>pet friendly<\/em>, destacan los organizadores.<\/p>\n\n\n\n<div style=\"height:20px\" aria-hidden=\"true\" class=\"wp-block-spacer\"><\/div>\n\n\n\n<figure class=\"wp-block-gallery aligncenter columns-2 is-cropped wp-block-gallery-2 is-layout-flex wp-block-gallery-is-layout-flex\"><ul class=\"blocks-gallery-grid\"><li class=\"blocks-gallery-item\"><figure><img loading=\"lazy\" decoding=\"async\" width=\"720\" height=\"720\" src=\"https:\/\/enolife.com.ar\/es\/wp-content\/uploads\/2021\/10\/Imagen2.jpg\" alt=\"\" data-id=\"46273\" class=\"wp-image-46273\" srcset=\"https:\/\/enolife.com.ar\/es\/wp-content\/uploads\/2021\/10\/Imagen2.jpg 720w, https:\/\/enolife.com.ar\/es\/wp-content\/uploads\/2021\/10\/Imagen2-300x300.jpg 300w, https:\/\/enolife.com.ar\/es\/wp-content\/uploads\/2021\/10\/Imagen2-150x150.jpg 150w, https:\/\/enolife.com.ar\/es\/wp-content\/uploads\/2021\/10\/Imagen2-585x585.jpg 585w\" sizes=\"auto, (max-width: 720px) 100vw, 720px\" \/><\/figure><\/li><li class=\"blocks-gallery-item\"><figure><img loading=\"lazy\" decoding=\"async\" width=\"960\" height=\"720\" src=\"https:\/\/enolife.com.ar\/es\/wp-content\/uploads\/2021\/10\/Imagen2feria.jpg\" alt=\"\" data-id=\"46274\" class=\"wp-image-46274\" srcset=\"https:\/\/enolife.com.ar\/es\/wp-content\/uploads\/2021\/10\/Imagen2feria.jpg 960w, https:\/\/enolife.com.ar\/es\/wp-content\/uploads\/2021\/10\/Imagen2feria-300x225.jpg 300w, https:\/\/enolife.com.ar\/es\/wp-content\/uploads\/2021\/10\/Imagen2feria-768x576.jpg 768w, https:\/\/enolife.com.ar\/es\/wp-content\/uploads\/2021\/10\/Imagen2feria-585x439.jpg 585w\" sizes=\"auto, (max-width: 960px) 100vw, 960px\" \/><\/figure><\/li><\/ul><\/figure>\n\n\n\n<div style=\"height:20px\" aria-hidden=\"true\" class=\"wp-block-spacer\"><\/div>\n\n\n\n<p>Cada emprendedor que forma parte de estos eventos itinerantes realiza un significativo aporte a &nbsp;la producci\u00f3n de la econom\u00eda regional. Nucleados en peque\u00f1as unidades productivas, estos creadores son fuente de trabajo que requiere mano de obra especializada. Los objetos de arte y dise\u00f1o expuestos y a la venta en esta feria poseen un alto valor agregado, por tratarse de piezas y creaciones \u00fanicas.<\/p>\n\n\n\n<div style=\"height:20px\" aria-hidden=\"true\" class=\"wp-block-spacer\"><\/div>\n\n\n\n<figure class=\"wp-block-gallery aligncenter columns-2 is-cropped wp-block-gallery-3 is-layout-flex wp-block-gallery-is-layout-flex\"><ul class=\"blocks-gallery-grid\"><li class=\"blocks-gallery-item\"><figure><img loading=\"lazy\" decoding=\"async\" width=\"720\" height=\"686\" src=\"https:\/\/enolife.com.ar\/es\/wp-content\/uploads\/2021\/10\/Imagen3.jpg\" alt=\"\" data-id=\"46275\" class=\"wp-image-46275\" srcset=\"https:\/\/enolife.com.ar\/es\/wp-content\/uploads\/2021\/10\/Imagen3.jpg 720w, https:\/\/enolife.com.ar\/es\/wp-content\/uploads\/2021\/10\/Imagen3-300x286.jpg 300w, https:\/\/enolife.com.ar\/es\/wp-content\/uploads\/2021\/10\/Imagen3-585x557.jpg 585w\" sizes=\"auto, (max-width: 720px) 100vw, 720px\" \/><\/figure><\/li><li class=\"blocks-gallery-item\"><figure><img loading=\"lazy\" decoding=\"async\" width=\"720\" height=\"720\" src=\"https:\/\/enolife.com.ar\/es\/wp-content\/uploads\/2021\/10\/Imagen4.jpg\" alt=\"\" data-id=\"46277\" class=\"wp-image-46277\" srcset=\"https:\/\/enolife.com.ar\/es\/wp-content\/uploads\/2021\/10\/Imagen4.jpg 720w, https:\/\/enolife.com.ar\/es\/wp-content\/uploads\/2021\/10\/Imagen4-300x300.jpg 300w, https:\/\/enolife.com.ar\/es\/wp-content\/uploads\/2021\/10\/Imagen4-150x150.jpg 150w, https:\/\/enolife.com.ar\/es\/wp-content\/uploads\/2021\/10\/Imagen4-585x585.jpg 585w\" sizes=\"auto, (max-width: 720px) 100vw, 720px\" \/><\/figure><\/li><\/ul><\/figure>\n\n\n\n<div style=\"height:20px\" aria-hidden=\"true\" class=\"wp-block-spacer\"><\/div>\n\n\n\n<p>Estos eventos se vienen realizando <strong>desde 2012<\/strong> en centros culturales, museos y espacios no convencionales (clubes, parques, paseos p\u00fablicos, hoteles). Con m\u00e1s de 70 puestas en escena, el Encuentro INDI ha recorrido San Rafael, San Mart\u00edn, Las Heras, Ciudad de Mendoza, Guaymall\u00e9n, Godoy Cruz, Luj\u00e1n y Maip\u00fa.<\/p>\n\n\n\n<div style=\"height:34px\" aria-hidden=\"true\" class=\"wp-block-spacer\"><\/div>\n","protected":false},"excerpt":{"rendered":"<p>La ya cl\u00e1sica exposici\u00f3n y venta de artesan\u00edas y productos naturales, libres de pl\u00e1stico, se&hellip;<\/p>\n","protected":false},"author":3,"featured_media":46279,"comment_status":"open","ping_status":"open","sticky":false,"template":"","format":"standard","meta":{"footnotes":""},"categories":[47],"tags":[],"class_list":["post-46262","post","type-post","status-publish","format-standard","has-post-thumbnail","hentry","category-agenda"],"_links":{"self":[{"href":"https:\/\/enolife.com.ar\/es\/wp-json\/wp\/v2\/posts\/46262","targetHints":{"allow":["GET"]}}],"collection":[{"href":"https:\/\/enolife.com.ar\/es\/wp-json\/wp\/v2\/posts"}],"about":[{"href":"https:\/\/enolife.com.ar\/es\/wp-json\/wp\/v2\/types\/post"}],"author":[{"embeddable":true,"href":"https:\/\/enolife.com.ar\/es\/wp-json\/wp\/v2\/users\/3"}],"replies":[{"embeddable":true,"href":"https:\/\/enolife.com.ar\/es\/wp-json\/wp\/v2\/comments?post=46262"}],"version-history":[{"count":0,"href":"https:\/\/enolife.com.ar\/es\/wp-json\/wp\/v2\/posts\/46262\/revisions"}],"wp:featuredmedia":[{"embeddable":true,"href":"https:\/\/enolife.com.ar\/es\/wp-json\/wp\/v2\/media\/46279"}],"wp:attachment":[{"href":"https:\/\/enolife.com.ar\/es\/wp-json\/wp\/v2\/media?parent=46262"}],"wp:term":[{"taxonomy":"category","embeddable":true,"href":"https:\/\/enolife.com.ar\/es\/wp-json\/wp\/v2\/categories?post=46262"},{"taxonomy":"post_tag","embeddable":true,"href":"https:\/\/enolife.com.ar\/es\/wp-json\/wp\/v2\/tags?post=46262"}],"curies":[{"name":"wp","href":"https:\/\/api.w.org\/{rel}","templated":true}]}}