{"id":46218,"date":"2021-10-07T23:16:22","date_gmt":"2021-10-07T23:16:22","guid":{"rendered":"http:\/\/enolife.com.ar\/es\/?p=46218"},"modified":"2021-10-12T02:16:45","modified_gmt":"2021-10-12T02:16:45","slug":"el-estado-mendocino-ayuda-para-que-las-bodegas-importen-botellas-de-espana-china-y-tunez","status":"publish","type":"post","link":"https:\/\/enolife.com.ar\/es\/el-estado-mendocino-ayuda-para-que-las-bodegas-importen-botellas-de-espana-china-y-tunez\/","title":{"rendered":"El Estado mendocino ayuda para que las bodegas importen botellas de Espa\u00f1a, China y T\u00fanez"},"content":{"rendered":"\n<h4 class=\"wp-block-heading\"><em><strong>Funcionarios del gobierno de la provincia y directivos de ProMendoza se reunieron con representantes de la vitivinicultura para analizar muestras de botellas llegadas a esta provincia desde Espa\u00f1a, las que podr\u00edan ser una soluci\u00f3n ante el faltante de envases provocado por una crisis en la industria del vidrio, escasez de contenedores y, recientemente, el incendio de un horno en la cristalera Verallia de Mendoza.<\/strong><\/em><\/h4>\n\n\n\n<div style=\"height:20px\" aria-hidden=\"true\" class=\"wp-block-spacer\"><\/div>\n\n\n<a href=\"https:\/\/instagram.com\/labelsolutions?igshid=YmMyMTA2M2Y=\" aria-label=\"Banner Palero 1700&#215;500\"><img loading=\"lazy\" decoding=\"async\" src=\"https:\/\/enolife.com.ar\/es\/wp-content\/uploads\/2021\/09\/Banner-Palero-1700x500-1.gif\" alt=\"\"  width=\"1700\" height=\"500\"   \/><\/a>\n\n\n<div style=\"height:64px\" aria-hidden=\"true\" class=\"wp-block-spacer\"><\/div>\n\n\n\n<p>Las limitaciones impuestas por la pandemia, el colapso de los puertos internacionales de carga y el faltante de contenedores de transporte de mercader\u00edas contribuyeron a que se produjera un faltante global de botellas. Adem\u00e1s, en Mendoza, un incendio en la planta de Verallia, una de las dos f\u00e1bricas de vidrio de la provincia, agrav\u00f3 la situaci\u00f3n y encendi\u00f3 todas las alarmas.&nbsp;<\/p>\n\n\n\n<p>Al respecto, el subsecretario de Agricultura y Ganader\u00eda de Mendoza, <strong>Sergio Moralejo<\/strong>, expres\u00f3: \u00abHa habido un enorme esfuerzo por parte de&nbsp;<strong>ProMendoza<\/strong>&nbsp;para obtener muestras y fuentes que garanticen un flujo de botellas a trav\u00e9s de la importaci\u00f3n, por eso estamos charlando con representantes del sector vitivin\u00edcola para analizar las muestras, y si cierran en t\u00e9rminos comerciales y tambi\u00e9n de cadena de producci\u00f3n. Mendoza Fiduciaria en coordinaci\u00f3n con ProMendoza, har\u00edan la importaci\u00f3n desde T\u00fanez que nos ofrece un stock y un flujo hacia adelante garantizado. Adem\u00e1s, estamos esperando las muestras de China, que tambi\u00e9n gestion\u00f3 ProMendoza y que llegar\u00edan en las pr\u00f3ximas semanas. La idea es armar un pool de compras en funci\u00f3n de las demandas de las bodegas hasta tanto uno de los proveedores de las dos empresas que tenemos en la provincia pueda garantizar el flujo habitual de botellas al sector\u00bb.<\/p>\n\n\n\n<p>En esa l\u00ednea, el ministro de Econom\u00eda de Mendoza, <strong>Enrique Vaqui\u00e9,<\/strong> se reuni\u00f3 recientemente con el secretario de Agricultura de la Naci\u00f3n, Jorge Solmi, para solicitar la eliminaci\u00f3n el 10% de arancel de importaci\u00f3n, y tambi\u00e9n la tasa estad\u00edstica del 3%, de modo tal que frente a esta emergencia las bodegas puedan importar con un 13% menos y puedan mantener cierta competitividad en el exterior.<\/p>\n\n\n\n<div style=\"height:20px\" aria-hidden=\"true\" class=\"wp-block-spacer\"><\/div>\n\n\n\n<div class=\"wp-block-image\"><figure class=\"aligncenter size-large\"><img loading=\"lazy\" decoding=\"async\" width=\"1024\" height=\"478\" src=\"https:\/\/enolife.com.ar\/es\/wp-content\/uploads\/2021\/10\/65320890-5883-da88-45bc-cd95e7b8c439-1024x478.jpg\" alt=\"\" class=\"wp-image-46230\" srcset=\"https:\/\/enolife.com.ar\/es\/wp-content\/uploads\/2021\/10\/65320890-5883-da88-45bc-cd95e7b8c439-1024x478.jpg 1024w, https:\/\/enolife.com.ar\/es\/wp-content\/uploads\/2021\/10\/65320890-5883-da88-45bc-cd95e7b8c439-300x140.jpg 300w, https:\/\/enolife.com.ar\/es\/wp-content\/uploads\/2021\/10\/65320890-5883-da88-45bc-cd95e7b8c439-768x358.jpg 768w, https:\/\/enolife.com.ar\/es\/wp-content\/uploads\/2021\/10\/65320890-5883-da88-45bc-cd95e7b8c439-1170x546.jpg 1170w, https:\/\/enolife.com.ar\/es\/wp-content\/uploads\/2021\/10\/65320890-5883-da88-45bc-cd95e7b8c439-585x273.jpg 585w, https:\/\/enolife.com.ar\/es\/wp-content\/uploads\/2021\/10\/65320890-5883-da88-45bc-cd95e7b8c439.jpg 1279w\" sizes=\"auto, (max-width: 1024px) 100vw, 1024px\" \/><figcaption><em><strong>Durante la reuni\u00f3n en las oficinas de ProMendoza<\/strong><\/em><\/figcaption><\/figure><\/div>\n\n\n\n<div style=\"height:20px\" aria-hidden=\"true\" class=\"wp-block-spacer\"><\/div>\n\n\n\n<p>Al respecto, el director de <strong>Bodegas de Argentina<\/strong>, <strong>Milton Kuret<\/strong>, consider\u00f3 que -la propuesta de importaci\u00f3n de botellas desde Espa\u00f1a- \u00abpuede ser una opci\u00f3n frente a esta coyuntura, cuyo impacto final todav\u00eda no conocemos. Aportar soluciones diversas a esta situaci\u00f3n del vidrio en Mendoza ayuda para paliar el problema\u201d. Adem\u00e1s, agreg\u00f3 que \u00abla calidad y el precio pueden funcionar, seguramente tendremos que renunciar a modelos de botellas especiales, nos estamos concentrando en pocas opciones que sirvan a la mayor\u00eda, y estamos verificando las dimensiones, porque la industria ya tiene cajas y otros insumos que tienen que ensamblarse con estas botellas. Con respecto a los precios que se est\u00e1n barajando son costos m\u00e1s altos que los locales, pero adecuados ante esta situaci\u00f3n de importaci\u00f3n\u00bb.<\/p>\n\n\n\n<p>Por su parte, <strong>Carlos Fantelli<\/strong>, propietario de la bodega que lleva su apellido y representante del Centro de Vi\u00f1ateros y Bodegueros del Este, asegur\u00f3 que \u00abla calidad de las botellas es \u00f3ptima y los modelos son similares a los que se trabajan en Mendoza, por lo que creemos que la importaci\u00f3n puede ser una soluci\u00f3n. Los precios son m\u00e1s altos que los que tenemos en el mercado interno, pero pueden ser competitivos para salvar este momento\u00bb.<\/p>\n\n\n\n<div style=\"height:20px\" aria-hidden=\"true\" class=\"wp-block-spacer\"><\/div>\n\n\n\n<p class=\"has-medium-font-size\"><strong>La opini\u00f3n de los t\u00e9cnicos de grandes empresas<\/strong><\/p>\n\n\n\n<p>Por su parte, grandes empresas de la provincia como <strong>Fecovita, RPV Baggio, Pe\u00f1aflor y Bodegas Zuccardi<\/strong>, optaron por enviar a sus especialistas para gestionar la adquisici\u00f3n de insumos, y \u00e9stos vieron viable la soluci\u00f3n alternativa.<\/p>\n\n\n\n<p><strong>Tom\u00e1s Borgo, <\/strong>Gerente de Operaciones de Fecovita, dijo: \u00abCreo que es un trabajo muy interesante porque la industria est\u00e1 frente a un riesgo muy importante de desabastecimiento de botellas, que podr\u00eda pegar muy fuerte en el consumo final de a\u00f1o, y es muy valioso el aporte que se est\u00e1 haciendo desde el gobierno. Nos centramos en definir 4 o 5 botellas que son los caballitos de batalla de cada uno de los segmentos; Super-alto, Premium, Alto, Medio, Bajo, Espumante y alguna variante en 500 cm3, abarcando toda la gama que usan el 95% de toda la industria de Mendoza para el mercado interno y externo\u00bb.<\/p>\n\n\n\n<p>Por su parte, <strong>Manuel Carmona<\/strong>, jefe de Desarrollo de Productos de Bodega Zuccardi expres\u00f3: \u00abHemos visto que hay opciones de botellas que pueden servir al mercado, la calidad es buena, eso es importante porque se puede proveer un envase seguro a las bodegas que lo necesitan y vemos que hay opciones para trabajar. Los modelos y los precios hemos visto que parecen ser convenientes y que se pueden ajustar a las necesidades generales de las bodegas, los tiempos de aprovisionamiento parecen ser adecuados. Creemos que se puede ayudar bastante al mercado a colocar los envases que est\u00e1n en falta\u00bb.<\/p>\n\n\n\n<p> tA su turno, <strong>Carina G\u00f3mez,<\/strong> responsable del \u00c1rea de Gesti\u00f3n y Desarrollo de Proveedores de <strong>Bodegas Pe\u00f1aflor<\/strong>, coment\u00f3: \u00abLas soluciones que plantea la provincia son positivas, hay modelos que pueden funcionar; estamos ahondando en los materiales como el vidrio blanco y la tapa a rosca, que estar\u00eda disponible y que para nosotros es una necesidad muy importante para cubrir\u00bb.<\/p>\n\n\n\n<p>Por su parte, los t\u00e9cnicos representantes de <strong>RPV Baggio <\/strong>manifestaron su conformidad ante la propuesta desde el Estado para brindar ayuda a la industria frente a esta crisis. Sobre la calidad y el precio de las botellas, dijeron: \u00abEs adecuado y competitivo frente a la crisis, y la rapidez de entrega es lo que podr\u00eda marcar la diferencia\u00bb.<\/p>\n\n\n\n<div style=\"height:20px\" aria-hidden=\"true\" class=\"wp-block-spacer\"><\/div>\n\n\n\n<p class=\"has-small-font-size\"><em><strong>Fuente: Gobierno de Mendoza<\/strong><\/em><\/p>\n\n\n\n<div style=\"height:20px\" aria-hidden=\"true\" class=\"wp-block-spacer\"><\/div>\n","protected":false},"excerpt":{"rendered":"<p>Funcionarios del gobierno de la provincia y directivos de ProMendoza se reunieron con representantes de&hellip;<\/p>\n","protected":false},"author":3,"featured_media":46232,"comment_status":"open","ping_status":"open","sticky":false,"template":"","format":"standard","meta":{"footnotes":""},"categories":[14],"tags":[],"class_list":["post-46218","post","type-post","status-publish","format-standard","has-post-thumbnail","hentry","category-news"],"_links":{"self":[{"href":"https:\/\/enolife.com.ar\/es\/wp-json\/wp\/v2\/posts\/46218","targetHints":{"allow":["GET"]}}],"collection":[{"href":"https:\/\/enolife.com.ar\/es\/wp-json\/wp\/v2\/posts"}],"about":[{"href":"https:\/\/enolife.com.ar\/es\/wp-json\/wp\/v2\/types\/post"}],"author":[{"embeddable":true,"href":"https:\/\/enolife.com.ar\/es\/wp-json\/wp\/v2\/users\/3"}],"replies":[{"embeddable":true,"href":"https:\/\/enolife.com.ar\/es\/wp-json\/wp\/v2\/comments?post=46218"}],"version-history":[{"count":0,"href":"https:\/\/enolife.com.ar\/es\/wp-json\/wp\/v2\/posts\/46218\/revisions"}],"wp:featuredmedia":[{"embeddable":true,"href":"https:\/\/enolife.com.ar\/es\/wp-json\/wp\/v2\/media\/46232"}],"wp:attachment":[{"href":"https:\/\/enolife.com.ar\/es\/wp-json\/wp\/v2\/media?parent=46218"}],"wp:term":[{"taxonomy":"category","embeddable":true,"href":"https:\/\/enolife.com.ar\/es\/wp-json\/wp\/v2\/categories?post=46218"},{"taxonomy":"post_tag","embeddable":true,"href":"https:\/\/enolife.com.ar\/es\/wp-json\/wp\/v2\/tags?post=46218"}],"curies":[{"name":"wp","href":"https:\/\/api.w.org\/{rel}","templated":true}]}}