{"id":46045,"date":"2021-10-06T18:24:57","date_gmt":"2021-10-06T18:24:57","guid":{"rendered":"http:\/\/enolife.com.ar\/es\/?p=46045"},"modified":"2021-10-08T02:30:33","modified_gmt":"2021-10-08T02:30:33","slug":"jubilacion-anticipada-y-sueldos-de-contratistas-postergados-por-falta-de-quorum-en-el-congreso","status":"publish","type":"post","link":"https:\/\/enolife.com.ar\/es\/jubilacion-anticipada-y-sueldos-de-contratistas-postergados-por-falta-de-quorum-en-el-congreso\/","title":{"rendered":"Jubilaci\u00f3n anticipada y sueldos de contratistas, postergados por falta de quorum en el Congreso"},"content":{"rendered":"\n<h4 class=\"wp-block-heading\"><em><strong>Ayer 5\/10\/21, en lo que deb\u00eda ser la primera sesi\u00f3n \u00abpresencial\u00bb de la C\u00e1mara de Diputados de Argentina tras las restricciones por el covid, fracas\u00f3 el tratamiento de una ley largamente esperada por los trabajadores y contratistas de vi\u00f1a, que modificar\u00e1 el r\u00e9gimen de haberes de 10 a 12 meses para los primeros y permitir\u00e1 la jubilaci\u00f3n a los 57 a\u00f1os para los contratistas. <\/strong><\/em><\/h4>\n\n\n\n<hr class=\"wp-block-separator\"\/>\n\n\n\n<h4 class=\"wp-block-heading\"><em><strong>El motivo fue que algunos legisladores de la alianza opositora Juntos por el Cambio (JxC) no \u00abbajaron\u00bb a sus bancas e impidieron llegar a los 129 presentes necesarios para debatir. Sin embargo, pese a las chicanas y maniobras pol\u00edticas en el trasfondo de esa actitud, la presidenta del PRO, Patricia Bulrich, y otros l\u00edderes de JxC aseguraron que el proyecto impulsado por los legisladores mendocinos Anabel Fern\u00e1ndez Sagasti (peronista) y Julio Cobo (radical), el cual ya tiene media sanci\u00f3n de Senadores, ser\u00e1 tratado la semana que viene, entre el 12 y el 16\/10.<\/strong><\/em>   <\/h4>\n\n\n\n<div style=\"height:20px\" aria-hidden=\"true\" class=\"wp-block-spacer\"><\/div>\n\n\n<a href=\"https:\/\/www.facebook.com\/SindicatoContratitas\/\" aria-label=\"banner contratistas 1700&#215;500\"><img loading=\"lazy\" decoding=\"async\" src=\"https:\/\/enolife.com.ar\/es\/wp-content\/uploads\/2020\/08\/banner-contratistas-1700x500-1.jpg\" alt=\"\"  srcset=\"https:\/\/enolife.com.ar\/es\/wp-content\/uploads\/2020\/08\/banner-contratistas-1700x500-1.jpg 1700w, https:\/\/enolife.com.ar\/es\/wp-content\/uploads\/2020\/08\/banner-contratistas-1700x500-1-300x88.jpg 300w, https:\/\/enolife.com.ar\/es\/wp-content\/uploads\/2020\/08\/banner-contratistas-1700x500-1-1024x301.jpg 1024w, https:\/\/enolife.com.ar\/es\/wp-content\/uploads\/2020\/08\/banner-contratistas-1700x500-1-768x226.jpg 768w, https:\/\/enolife.com.ar\/es\/wp-content\/uploads\/2020\/08\/banner-contratistas-1700x500-1-1536x452.jpg 1536w, https:\/\/enolife.com.ar\/es\/wp-content\/uploads\/2020\/08\/banner-contratistas-1700x500-1-1170x344.jpg 1170w, https:\/\/enolife.com.ar\/es\/wp-content\/uploads\/2020\/08\/banner-contratistas-1700x500-1-585x172.jpg 585w\" sizes=\"auto, (max-width: 1700px) 100vw, 1700px\" width=\"1700\" height=\"500\"   \/><\/a>\n\n\n<div style=\"height:47px\" aria-hidden=\"true\" class=\"wp-block-spacer\"><\/div>\n\n\n\n<p>La <strong>C\u00e1mara de Diputados de la Naci\u00f3n<\/strong> no pudo debatir ayer martes 5\/10 el proyecto de ley de un <strong>nuevo r\u00e9gimen previsional para los trabajadores de vi\u00f1as y frutales<\/strong>, as\u00ed como el <strong>cambio en el sistema de haberes para los constratistas de vi\u00f1as,<\/strong> que les permitir\u00e1 cobrar 12 sueldos mensuales al a\u00f1o en lugar de los 10 sueldos que perciben actualmente. <\/p>\n\n\n\n<div style=\"height:20px\" aria-hidden=\"true\" class=\"wp-block-spacer\"><\/div>\n\n\n\n<p class=\"has-background has-very-light-gray-background-color\"><strong>Ver nota Enolife del 6\/7\/2021: <a href=\"https:\/\/enolife.com.ar\/es\/jubilacion-a-los-57-con-25-anos-de-aporte-y-12-sueldos-al-ano-para-obreros-del-vino-cerca-de-ser-ley\/\">Jubilaci\u00f3n a los 57 con 25 a\u00f1os de aporte y 12 sueldos al a\u00f1o para obreros del vino, cerca de ser ley<\/a><\/strong><\/p>\n\n\n\n<div style=\"height:20px\" aria-hidden=\"true\" class=\"wp-block-spacer\"><\/div>\n\n\n\n<p>En el mismo \u00abpaquete\u00bb  de leyes estaban incluidos los proyectos sobre etiquetado frontal de alimentos y sobre las garant\u00edas de derechos humanos para las personas en situaci\u00f3n de calle. <\/p>\n\n\n\n<p>El motivo de la suspensi\u00f3n del debate fue que <strong>Juntos por el Cambio (JxC)<\/strong> no dio quorum para realizar la sesi\u00f3n especial impulsada por el <strong>Frente de Todos (FdT),<\/strong> pero tras las acusaciones cruzadas entre el oficialismo y la oposici\u00f3n se avanza en un acuerdo para tratar la pr\u00f3xima semana un temario consensuado.<\/p>\n\n\n\n<div style=\"height:20px\" aria-hidden=\"true\" class=\"wp-block-spacer\"><\/div>\n\n\n\n<div class=\"wp-block-image\"><figure class=\"aligncenter is-resized\"><img loading=\"lazy\" decoding=\"async\" src=\"https:\/\/media.ambito.com\/p\/73362d3851b410eeb6370cad8ebd2f92\/adjuntos\/239\/imagenes\/039\/373\/0039373800\/730x0\/smart\/etiquetado-frontal-diputados-quorum.jpeg\" alt=\"Falta de qu\u00f3rum: qui\u00e9nes son los cinco diputados del Frente de Todos que faltaron a la sesi\u00f3n por Etiquetado Frontal de Alimentos\" width=\"574\" height=\"382\"\/><\/figure><\/div>\n\n\n\n<div style=\"height:20px\" aria-hidden=\"true\" class=\"wp-block-spacer\"><\/div>\n\n\n\n<p>Fuentes parlamentarias se\u00f1alaron que&nbsp;el objetivo es poder concretar una sesi\u00f3n especial el pr\u00f3ximo mi\u00e9rcoles 13\/10, con la inclusi\u00f3n de los proyectos de r\u00e9gimen previsional para los vi\u00f1ateros, r\u00e9gimen de haberes para contratistas de vi\u00f1as, etiquetado frontal de alimentos&nbsp;-iniciativa considerada clave para educar a la poblaci\u00f3n sobre los efectos negativos de los excesos de grasas, sodio y az\u00facares- y garant\u00edas de derechos humanos de las personas en situaci\u00f3n de calle&nbsp;de la Argentina.<\/p>\n\n\n\n<p>Entre los legisladores de JxC que no se presentaron en el recinto de sesiones, impidiendo llegar a la cifra de 129 presentes necesaria para el debate, estuvo el diputado radical mendocino <strong>Alfredo Cornejo<\/strong>, desde cuyo entorno explicaron a <strong>Enolife<\/strong>: <em>\u00abEl tema del quorum, en materia de lograrlo, es de acuerdo a quien haga el pedido de sesionar&#8230; Esta vez el oficialismo convoc\u00f3 sin acuerdos, y no quiso agregar otras iniciativas al temario&#8230; Igualmente, Alfredo (Cornejo) iba a sentarse en el recinto pero su avi\u00f3n se demor\u00f3 y no lleg\u00f3 a tiempo\u00bb.<\/em><\/p>\n\n\n\n<p>Quienes dieron la nota dentro del bloque opositor, \u00abrebel\u00e1ndose\u00bb contra la actitud de sus pares, figuraron los tambi\u00e9n diputados mendocinos de JxC <strong>Claudia Najul<\/strong> y <strong>Federico Zamarbide<\/strong>, que se vieron en todas las fotos sentados juntos y solitarios en sus bancas. <\/p>\n\n\n\n<div style=\"height:20px\" aria-hidden=\"true\" class=\"wp-block-spacer\"><\/div>\n\n\n\n<div class=\"wp-block-image\"><figure class=\"aligncenter size-large is-resized\"><img loading=\"lazy\" decoding=\"async\" src=\"https:\/\/enolife.com.ar\/es\/wp-content\/uploads\/2021\/10\/1633516231175Zamarbide-Najul.jpg\" alt=\"\" class=\"wp-image-46132\" width=\"572\" height=\"429\" srcset=\"https:\/\/enolife.com.ar\/es\/wp-content\/uploads\/2021\/10\/1633516231175Zamarbide-Najul.jpg 1024w, https:\/\/enolife.com.ar\/es\/wp-content\/uploads\/2021\/10\/1633516231175Zamarbide-Najul-300x225.jpg 300w, https:\/\/enolife.com.ar\/es\/wp-content\/uploads\/2021\/10\/1633516231175Zamarbide-Najul-768x576.jpg 768w, https:\/\/enolife.com.ar\/es\/wp-content\/uploads\/2021\/10\/1633516231175Zamarbide-Najul-585x439.jpg 585w\" sizes=\"auto, (max-width: 572px) 100vw, 572px\" \/><figcaption><em><strong>Claudia Najul y Federico Zamarbide<\/strong><\/em><\/figcaption><\/figure><\/div>\n\n\n\n<div style=\"height:20px\" aria-hidden=\"true\" class=\"wp-block-spacer\"><\/div>\n\n\n\n<p>Por otra parte, el tambi\u00e9n senador nacional mendocino Julio Cobos, radical, expres\u00f3 su desacuerdo con el faltazo de sus pares, ya que \u00e9l mismo trabaj\u00f3 junto a los peronistas <strong>Anabel Fern\u00e1ndez Sagasti<\/strong> y <strong>Adolfo Bermejo<\/strong> en el dise\u00f1o del proyecto de ley que mejorar\u00e1 la situaci\u00f3n de vi\u00f1ateros y contratistas de Mendoza.<\/p>\n\n\n\n<div style=\"height:20px\" aria-hidden=\"true\" class=\"wp-block-spacer\"><\/div>\n\n\n\n<p class=\"has-background has-very-light-gray-background-color\"><strong>Ver nota Enolife 6\/11\/2020: <a href=\"https:\/\/enolife.com.ar\/es\/la-jubilacion-a-los-57-y-los-12-salarios-al-ano-para-los-contratistas-de-vina-camino-a-ser-ley\/\">La jubilaci\u00f3n a los 57 y los 12 salarios al a\u00f1o para los contratistas de vi\u00f1a, camino a ser ley<\/a><\/strong><\/p>\n\n\n\n<div style=\"height:20px\" aria-hidden=\"true\" class=\"wp-block-spacer\"><\/div>\n\n\n\n<p>Cobos pidi\u00f3 al&nbsp;jefe del Interbloque de su frente, <strong>Mario Negri<\/strong>, que reconsiderara la posici\u00f3n y que dieran qu\u00f3rum para tratar las leyes que mejoran las condiciones laborales y jubilatorias de trabajadores de vi\u00f1as. En di\u00e1logo con&nbsp;radio Aurora Argentina, Cobos destac\u00f3 que \u00abhay mucho malestar en la UCR\u00bb&nbsp;por esta posici\u00f3n de&nbsp;Juntos por el Cambio.&nbsp;\u00abVenimos trabajando mucho tiempo en esto como para que no haya qu\u00f3rum. En&nbsp;Mendoza&nbsp;trabajamos sensatamente y juntos, recib\u00ed el apoyo de Adolfo Bermejo y con Anabel Fern\u00e1ndez Sagasti tambi\u00e9n lo hemos hecho\u00bb.<\/p>\n\n\n\n<p>A su turno, el jefe del bloque del Frente de Todos (FdT),<strong> M\u00e1ximo Kirchner<\/strong>,&nbsp;acus\u00f3 a la oposici\u00f3n de buscar \u00abhacernos actuar bajo extorsi\u00f3n\u00bb y asever\u00f3: \u00abHan vuelto a comportarse como siempre fueron cuando les toc\u00f3 ser gobierno: suprimir a quienes pensaban diferentes, perseguirlos. No soportan la democracia a veces porque esta ley, por ejemplo, lo que hace no es ni siquiera prohibir el az\u00facar, sino poder ser conscientes de qu\u00e9 consumimos, de c\u00f3mo nos alimentamos\u00bb.<\/p>\n\n\n\n<p>Desde la oposici\u00f3n, el jefe del Interbloque de JxC,&nbsp;<strong>Mario Negri<\/strong>,&nbsp;aclar\u00f3 que \u00abquiero desmitificar que no bajamos por la ley de etiquetado, esa es una chicana, es una ley que se va a aprobar porque tiene consenso amplio.&nbsp;Hoy no se trat\u00f3 porque el kirchnerismo no quiso acordar los temas con la oposici\u00f3n. Esperemos que la semana que viene sea otra historia\u00bb.<\/p>\n\n\n\n<div style=\"height:20px\" aria-hidden=\"true\" class=\"wp-block-spacer\"><\/div>\n\n\n\n<p class=\"has-small-font-size\"><strong><em>Fuentes: Sindicato de Contratistas de Vi\u00f1as y Frutales de Mendoza, Prensa Alfredo Cornejo y Agencia T\u00e9lam<\/em><br><em>Foto principal: Guillermo Aracena (Concurso Tiempo de Cosecha, de Enolife y AVM)<\/em><\/strong><\/p>\n\n\n\n<div style=\"height:62px\" aria-hidden=\"true\" class=\"wp-block-spacer\"><\/div>\n","protected":false},"excerpt":{"rendered":"<p>Ayer 5\/10\/21, en lo que deb\u00eda ser la primera sesi\u00f3n \u00abpresencial\u00bb de la C\u00e1mara de&hellip;<\/p>\n","protected":false},"author":3,"featured_media":46134,"comment_status":"open","ping_status":"open","sticky":false,"template":"","format":"standard","meta":{"footnotes":""},"categories":[14],"tags":[],"class_list":["post-46045","post","type-post","status-publish","format-standard","has-post-thumbnail","hentry","category-news"],"_links":{"self":[{"href":"https:\/\/enolife.com.ar\/es\/wp-json\/wp\/v2\/posts\/46045","targetHints":{"allow":["GET"]}}],"collection":[{"href":"https:\/\/enolife.com.ar\/es\/wp-json\/wp\/v2\/posts"}],"about":[{"href":"https:\/\/enolife.com.ar\/es\/wp-json\/wp\/v2\/types\/post"}],"author":[{"embeddable":true,"href":"https:\/\/enolife.com.ar\/es\/wp-json\/wp\/v2\/users\/3"}],"replies":[{"embeddable":true,"href":"https:\/\/enolife.com.ar\/es\/wp-json\/wp\/v2\/comments?post=46045"}],"version-history":[{"count":0,"href":"https:\/\/enolife.com.ar\/es\/wp-json\/wp\/v2\/posts\/46045\/revisions"}],"wp:featuredmedia":[{"embeddable":true,"href":"https:\/\/enolife.com.ar\/es\/wp-json\/wp\/v2\/media\/46134"}],"wp:attachment":[{"href":"https:\/\/enolife.com.ar\/es\/wp-json\/wp\/v2\/media?parent=46045"}],"wp:term":[{"taxonomy":"category","embeddable":true,"href":"https:\/\/enolife.com.ar\/es\/wp-json\/wp\/v2\/categories?post=46045"},{"taxonomy":"post_tag","embeddable":true,"href":"https:\/\/enolife.com.ar\/es\/wp-json\/wp\/v2\/tags?post=46045"}],"curies":[{"name":"wp","href":"https:\/\/api.w.org\/{rel}","templated":true}]}}