{"id":45882,"date":"2021-10-06T01:09:53","date_gmt":"2021-10-06T01:09:53","guid":{"rendered":"http:\/\/enolife.com.ar\/es\/?p=45882"},"modified":"2021-10-07T17:11:25","modified_gmt":"2021-10-07T17:11:25","slug":"inta-y-coviar-abren-en-san-juan-el-14-centro-de-desarrollo-viticola-del-pais-para-1-800-productores","status":"publish","type":"post","link":"https:\/\/enolife.com.ar\/es\/inta-y-coviar-abren-en-san-juan-el-14-centro-de-desarrollo-viticola-del-pais-para-1-800-productores\/","title":{"rendered":"INTA y Coviar abren en San Juan el 14\u00b0 Centro de Desarrollo Vit\u00edcola del pa\u00eds, para 1.800 productores"},"content":{"rendered":"\n<h4 class=\"wp-block-heading\"><em><strong>Es el tercero en San Juan, y comprende all\u00ed a vi\u00f1ateros con  9.118 hect\u00e1reas a cargo, distribuidas en 2.956 vi\u00f1edos de los municipios de Albard\u00f3n, Angaco y San Mart\u00edn. Desde estos Centro de Desarrollo Vit\u00edcola (CDV), en un trabajo de articulaci\u00f3n p\u00fablico-privada, se brinda asistencia t\u00e9cnica, capacitaciones, y transferencia de tecnolog\u00eda a 3.500 productores de 6 provincias y 10 regiones vitivin\u00edcolas.<\/strong><\/em><\/h4>\n\n\n\n<div style=\"height:20px\" aria-hidden=\"true\" class=\"wp-block-spacer\"><\/div>\n\n\n\n\n\n<div style=\"height:30px\" aria-hidden=\"true\" class=\"wp-block-spacer\"><\/div>\n\n\n\n<p>Los Centros de Desarrollo Vit\u00edcola (CDV) surgen de un acuerdo de articulaci\u00f3n y trabajo conjunto entre la Corporaci\u00f3n Vitivin\u00edcola Argentina (Coviar) y el Instituto Nacional de Tecnolog\u00eda Agropecuaria (INTA) para darle apoyo y asistencia a la producci\u00f3n primaria vitivin\u00edcola de Argentina.&nbsp;Hasta ahora hab\u00edan <strong>13 CDV activos<\/strong>&nbsp;en <strong>6 <\/strong>provincias vitivin\u00edcolas (Salta, Catamarca, La Rioja, San Juan, Mendoza y R\u00edo Negro) pero <strong>con influencia territorial en 10 jurisdicciones,<\/strong> si se tiene en cuenta que su alcance llega a Jujuy, C\u00f3rdoba, Tucum\u00e1n y Chubut.<\/p>\n\n\n\n<p>En total a nivel pa\u00eds son m\u00e1s de&nbsp;<strong>3.500 productores vit\u00edcolas<\/strong>&nbsp;que peri\u00f3dicamente son asistidos con visitas t\u00e9cnicas, capacitaciones, asesoramiento y transferencia de tecnolog\u00eda, en un trabajo de articulaci\u00f3n p\u00fablico-privado que involucra a <strong>78 instituciones y c\u00e1maras que se integran en cada uno de los Consejos Locales Asesores que le dan sustento a cada CDV.<\/strong><\/p>\n\n\n\n<p>En San Juan ya funcionaban 2 CDV, uno en Caucete y otro en Sarmiento, y ahora contar\u00e1n con este tercero que se inaugur\u00f3 y que tiene una particularidad, ya que estar\u00e1 conducido por un triunvirato de productores en representaci\u00f3n cada uno de los departamentos y con presencia femenina en la conducci\u00f3n.<\/p>\n\n\n\n<div style=\"height:20px\" aria-hidden=\"true\" class=\"wp-block-spacer\"><\/div>\n\n\n\n<h4 class=\"has-vivid-red-color has-text-color wp-block-heading\"><strong>Este nuevo Centro dar\u00e1 asistencia a unos 1.800 productores que tienen a su cargo 9.118 hect\u00e1reas distribuidas en 2.956 vi\u00f1edos, en su gran mayor\u00eda (2.684) propiedades de menos de 20 hect\u00e1reas, ubicados en los departamentos mencionados.<\/strong><\/h4>\n\n\n\n<div style=\"height:25px\" aria-hidden=\"true\" class=\"wp-block-spacer\"><\/div>\n\n\n\n<p>El acto de apertura oficial y la conformaci\u00f3n del Consejo Local Asesor del Centro de Desarrollo Vit\u00edcola se llev\u00f3 a cabo el pasado&nbsp;<strong>lunes 27 de setiembre <\/strong>en la Casa de la Historia y la Cultura del Departamento San Mart\u00edn. Asistieron el ministro de la Producci\u00f3n y Desarrollo Econ\u00f3mico de San Juan,&nbsp;<strong>Andr\u00e9s D\u00edaz Cano<\/strong>, los intendentes de Albard\u00f3n,&nbsp;<strong>Jorge Palmero<\/strong>, su par de San Mart\u00edn,&nbsp;<strong>Cristian Andino<\/strong>, y el director de Producci\u00f3n del municipio de Angaco,&nbsp;<strong>Alejandro Garc\u00eda.&nbsp;<\/strong>Por Coviar asistieron los directores&nbsp;<strong>Jos\u00e9 Molina&nbsp;<\/strong>e<strong>&nbsp;Hilda Wilhelm de Vaieretti<\/strong>, junto con&nbsp;<strong>Claudio Galmarini<\/strong>, director regional del INTA para Mendoza y San Juan, y&nbsp;<strong>M\u00f3nica Ruiz<\/strong>, responsable del INTA en San Juan. Estuvo presente tambi\u00e9n el vicepresidente del INV,<strong> Hugo Carmona Torres.<\/strong><\/p>\n\n\n\n<div style=\"height:20px\" aria-hidden=\"true\" class=\"wp-block-spacer\"><\/div>\n\n\n\n<div class=\"wp-block-image\"><figure class=\"aligncenter size-large\"><img loading=\"lazy\" decoding=\"async\" width=\"1019\" height=\"635\" src=\"https:\/\/enolife.com.ar\/es\/wp-content\/uploads\/2021\/10\/Inauguracion-Centro-Desarrollo-Viticola-COVIAR-San-Juan-productores-1024x737-1.jpg\" alt=\"\" class=\"wp-image-45895\" srcset=\"https:\/\/enolife.com.ar\/es\/wp-content\/uploads\/2021\/10\/Inauguracion-Centro-Desarrollo-Viticola-COVIAR-San-Juan-productores-1024x737-1.jpg 1019w, https:\/\/enolife.com.ar\/es\/wp-content\/uploads\/2021\/10\/Inauguracion-Centro-Desarrollo-Viticola-COVIAR-San-Juan-productores-1024x737-1-300x187.jpg 300w, https:\/\/enolife.com.ar\/es\/wp-content\/uploads\/2021\/10\/Inauguracion-Centro-Desarrollo-Viticola-COVIAR-San-Juan-productores-1024x737-1-768x479.jpg 768w, https:\/\/enolife.com.ar\/es\/wp-content\/uploads\/2021\/10\/Inauguracion-Centro-Desarrollo-Viticola-COVIAR-San-Juan-productores-1024x737-1-585x365.jpg 585w\" sizes=\"auto, (max-width: 1019px) 100vw, 1019px\" \/><figcaption><em><strong>El acto de inauguraci\u00f3n del nuevo CDV en San Mart\u00edn, San Juan.<\/strong><\/em><\/figcaption><\/figure><\/div>\n\n\n\n<div style=\"height:20px\" aria-hidden=\"true\" class=\"wp-block-spacer\"><\/div>\n\n\n\n<p><em>\u201cCreo que es el momento justo para inaugurar y que funcione un CDV en esta zona, por la crisis del agua, y estamos dispuestos a trabajar con todos los sectores y productores para que a nadie le falta agua, para que podamos llevar adelante una estrategia efectiva contra la Lobesia Botrana y para que sigamos acompa\u00f1ando a quienes lo necesiten, productores y bodegas, con cr\u00e9ditos para cosecha y acarreo. Gracias al aporte del INTA y COVIAR por que siguen trabajando activamente en pos del fortalecimiento institucional y la asistencia a productores\u201d,<\/em>&nbsp;destac\u00f3 el ministro de la Producci\u00f3n de San Juan,&nbsp;<strong>Andr\u00e9s D\u00edaz Cano<\/strong>.<\/p>\n\n\n\n<p><em>\u201cEs un d\u00eda significativo para todos. La cooperaci\u00f3n del sector privado y el p\u00fablico para la transferencia de tecnolog\u00eda y conocimiento al sector productivo no es com\u00fan, por eso quiero destacar este proceso de articulaci\u00f3n para el desarrollo de los peque\u00f1os productores vit\u00edcolas.&nbsp; Los CDV son un veh\u00edculo, un instrumento para mejorarle la vida a los productores\u201d,<\/em>&nbsp;agreg\u00f3&nbsp;<strong>Claudio Galmarini<\/strong>, director regional del INTA.<\/p>\n\n\n\n<p>El<strong>&nbsp;CDV de San Juan es el primero<\/strong>&nbsp;en crearse a nivel pa\u00eds en el marco del Plan Estrat\u00e9gico Vitivin\u00edcola (PEVI) 2030, cuyos ejes son la sostenibilidad social, econ\u00f3mica y medioambiental,  la transferencia de tecnolog\u00eda y la mejora continua en la calidad y competitividad de la producci\u00f3n primaria de vid.<\/p>\n\n\n\n<p>En este sentido, la directora de Coviar a cargo de la unidad ejecutora de Producci\u00f3n Primaria, <strong>Hilda Wilhelm&nbsp;<\/strong>, afirm\u00f3:<em>&nbsp;\u201cCon Coviar, en su origen el sector p\u00fablico y el privado se reunieron en una misma mesa para pensar la vitivinicultura que quer\u00edamos e imaginamos para los pr\u00f3ximos a\u00f1os. Este es el faro que nos orienta para tratar de hacer todo lo posible para llegar a esa vitivinicultura que imaginamos, una vitivinicultura con tecnolog\u00eda y tecnificaci\u00f3n para darle sostenibilidad a nuestros productores y este nuevo CDV es la herramienta para lograrlo\u201d.<\/em><\/p>\n\n\n\n<p>Por su parte, <strong>Jos\u00e9 Molina<\/strong>, director de Coviar sostuvo:&nbsp;<em>\u201cLos logros de hoy son los sue\u00f1os y utop\u00edas del pasado. En la coyuntura todos nos peleamos pero en el largo plazo es donde todos estamos de acuerdo. San Mart\u00edn, Angaco y Albard\u00f3n ten\u00edan y tienen el mayor capital social de la vitivinicultura y es por eso que felicito a todos los que hicieron posible la constituci\u00f3n de este nuevo CDV en San Juan\u201d.<\/em><\/p>\n\n\n\n<p><em>\u201cAgradecemos la responsabilidad y la oportunidad de poner sobre la mesa nuestros desaf\u00edos y problemas a resolver. Como autoridades del CDV vamos a ser el nexo con la parte estatal y las instituciones del sector para darle visibilidad a nuestra realidad como producci\u00f3n primaria\u201d,&nbsp;<\/em>dijo <strong>Erica Neder<\/strong>, productora y representante por San Mart\u00edn.<\/p>\n\n\n\n<div style=\"height:20px\" aria-hidden=\"true\" class=\"wp-block-spacer\"><\/div>\n\n\n\n<p class=\"has-small-font-size\"><em><strong>Fuente: Corporaci\u00f3n Vitivin\u00edcola Argentina (Coviar)<\/strong><\/em><\/p>\n","protected":false},"excerpt":{"rendered":"<p>Es el tercero en San Juan, y comprende all\u00ed a vi\u00f1ateros con 9.118 hect\u00e1reas a&hellip;<\/p>\n","protected":false},"author":3,"featured_media":46077,"comment_status":"open","ping_status":"open","sticky":false,"template":"","format":"standard","meta":{"footnotes":""},"categories":[14],"tags":[],"class_list":["post-45882","post","type-post","status-publish","format-standard","has-post-thumbnail","hentry","category-news"],"_links":{"self":[{"href":"https:\/\/enolife.com.ar\/es\/wp-json\/wp\/v2\/posts\/45882","targetHints":{"allow":["GET"]}}],"collection":[{"href":"https:\/\/enolife.com.ar\/es\/wp-json\/wp\/v2\/posts"}],"about":[{"href":"https:\/\/enolife.com.ar\/es\/wp-json\/wp\/v2\/types\/post"}],"author":[{"embeddable":true,"href":"https:\/\/enolife.com.ar\/es\/wp-json\/wp\/v2\/users\/3"}],"replies":[{"embeddable":true,"href":"https:\/\/enolife.com.ar\/es\/wp-json\/wp\/v2\/comments?post=45882"}],"version-history":[{"count":0,"href":"https:\/\/enolife.com.ar\/es\/wp-json\/wp\/v2\/posts\/45882\/revisions"}],"wp:featuredmedia":[{"embeddable":true,"href":"https:\/\/enolife.com.ar\/es\/wp-json\/wp\/v2\/media\/46077"}],"wp:attachment":[{"href":"https:\/\/enolife.com.ar\/es\/wp-json\/wp\/v2\/media?parent=45882"}],"wp:term":[{"taxonomy":"category","embeddable":true,"href":"https:\/\/enolife.com.ar\/es\/wp-json\/wp\/v2\/categories?post=45882"},{"taxonomy":"post_tag","embeddable":true,"href":"https:\/\/enolife.com.ar\/es\/wp-json\/wp\/v2\/tags?post=45882"}],"curies":[{"name":"wp","href":"https:\/\/api.w.org\/{rel}","templated":true}]}}