{"id":4577,"date":"2019-10-28T19:44:29","date_gmt":"2019-10-28T19:44:29","guid":{"rendered":"http:\/\/enolife.com.ar\/es\/?p=4577"},"modified":"2019-11-02T14:55:05","modified_gmt":"2019-11-02T14:55:05","slug":"por-el-cambio-climatico-los-aviones-que-disparan-cartuchos-contra-el-granizo-estan-mas-activos","status":"publish","type":"post","link":"https:\/\/enolife.com.ar\/es\/por-el-cambio-climatico-los-aviones-que-disparan-cartuchos-contra-el-granizo-estan-mas-activos\/","title":{"rendered":"Por el cambio clim\u00e1tico, los aviones que disparan cartuchos contra el granizo est\u00e1n m\u00e1s activos"},"content":{"rendered":"\n<h4 class=\"wp-block-heading\"><em><strong>El sistema de lucha antigranizo de la provincia de Mendoza adelant\u00f3 su inicio al 15 de setiembre pasado, en lugar de la fecha habitual del 1 de octubre. Es que, seg\u00fan los meteor\u00f3logos, se pueden producir tormentas graniceras de modo imprevisto, como efecto del calentamiento global.<\/strong><\/em><\/h4>\n\n\n\n<hr class=\"wp-block-separator\"\/>\n\n\n\n<h4 class=\"wp-block-heading\"><em><strong>Los 4 aviones Piper Cheyenne II que siembran yoduro de plata (AgI) en las nubes para disolver el granizo mediante bengalas y cartuchos, as\u00ed como los generadores de superficie que emiten esa sustancia desde tierra y la red de radares que detecta las tormentas, se encuentran alerta y realizando numerosos operativos en estos \u00faltimos d\u00edas de octubre.<\/strong><\/em><\/h4>\n\n\n\n<div style=\"height:39px\" aria-hidden=\"true\" class=\"wp-block-spacer\"><\/div>\n\n\n\n<p>El objetivo del adelanto del inicio de campa\u00f1a 2019-2020 &#8211;<strong>del 1 de octubre habitual al 15 de setiembre<\/strong>&#8211; ha sido prevenir los efectos que podr\u00edan causar fen\u00f3menos inesperados, los que han sido frecuentes en los \u00faltimos a\u00f1os. En ese sentido, los informes meteorol\u00f3gicos de los pr\u00f3ximos meses justifican la modificaci\u00f3n y generan un alerta que mantiene en guardia a todo el sistema de lucha antigranizo de Mendoza.<\/p>\n\n\n\n<div style=\"height:20px\" aria-hidden=\"true\" class=\"wp-block-spacer\"><\/div>\n\n\n\n<p class=\"has-medium-font-size\"><strong>Los \u00faltimos operativos<\/strong><\/p>\n\n\n\n<div style=\"height:20px\" aria-hidden=\"true\" class=\"wp-block-spacer\"><\/div>\n\n\n\n<p>Precisamente, en los \u00faltimos d\u00edas se realizaron varios operativos con los aviones sobre extensas zonas de San Rafael y La Paz. En esos departamentos hubo fuertes precipitaci\u00f3n, pero no afectaron zonas cultivadas.<\/p>\n\n\n\n<div style=\"height:20px\" aria-hidden=\"true\" class=\"wp-block-spacer\"><\/div>\n\n\n\n<ul class=\"wp-block-gallery columns-2 is-cropped wp-block-gallery-1 is-layout-flex wp-block-gallery-is-layout-flex\"><li class=\"blocks-gallery-item\"><figure><img loading=\"lazy\" decoding=\"async\" width=\"1024\" height=\"768\" src=\"https:\/\/enolife.com.ar\/es\/wp-content\/uploads\/2019\/10\/radarista-1024x768.jpg\" alt=\"\" data-id=\"4591\" data-link=\"https:\/\/enolife.com.ar\/es\/?attachment_id=4591\" class=\"wp-image-4591\" srcset=\"https:\/\/enolife.com.ar\/es\/wp-content\/uploads\/2019\/10\/radarista-1024x768.jpg 1024w, https:\/\/enolife.com.ar\/es\/wp-content\/uploads\/2019\/10\/radarista-300x225.jpg 300w, https:\/\/enolife.com.ar\/es\/wp-content\/uploads\/2019\/10\/radarista-768x576.jpg 768w, https:\/\/enolife.com.ar\/es\/wp-content\/uploads\/2019\/10\/radarista-1170x878.jpg 1170w, https:\/\/enolife.com.ar\/es\/wp-content\/uploads\/2019\/10\/radarista-585x439.jpg 585w\" sizes=\"auto, (max-width: 1024px) 100vw, 1024px\" \/><\/figure><\/li><li class=\"blocks-gallery-item\"><figure><img loading=\"lazy\" decoding=\"async\" width=\"1024\" height=\"576\" src=\"https:\/\/enolife.com.ar\/es\/wp-content\/uploads\/2019\/10\/ANTIGRANIZO2-1-1024x576.jpg\" alt=\"\" data-id=\"4592\" data-link=\"https:\/\/enolife.com.ar\/es\/?attachment_id=4592\" class=\"wp-image-4592\" srcset=\"https:\/\/enolife.com.ar\/es\/wp-content\/uploads\/2019\/10\/ANTIGRANIZO2-1-1024x576.jpg 1024w, https:\/\/enolife.com.ar\/es\/wp-content\/uploads\/2019\/10\/ANTIGRANIZO2-1-300x169.jpg 300w, https:\/\/enolife.com.ar\/es\/wp-content\/uploads\/2019\/10\/ANTIGRANIZO2-1-768x432.jpg 768w, https:\/\/enolife.com.ar\/es\/wp-content\/uploads\/2019\/10\/ANTIGRANIZO2-1-1170x658.jpg 1170w, https:\/\/enolife.com.ar\/es\/wp-content\/uploads\/2019\/10\/ANTIGRANIZO2-1-585x329.jpg 585w\" sizes=\"auto, (max-width: 1024px) 100vw, 1024px\" \/><\/figure><\/li><\/ul>\n\n\n\n<div style=\"height:20px\" aria-hidden=\"true\" class=\"wp-block-spacer\"><\/div>\n\n\n\n<p>Por el avance de focos de tormentas, que en principio amenazaba zonas cultivadas del Noreste y Sur de la provincia, el Sistema de Mitigaci\u00f3n de Granizo trabaj\u00f3 con aeronaves en la jornada del jueves 24 de octubre.<\/p>\n\n\n\n<p>En el oasis Sur, ese d\u00eda se realiz\u00f3 un operativo, de 15 a 16.45, que se concentr\u00f3 en el oeste de San Rafael. M\u00e1s tarde, tambi\u00e9n del 24\/10, entre las 18 y las 19.45, se realiz\u00f3 otro operativo con aeronave sobre el sur de La Paz.<\/p>\n\n\n\n<p>En ambos casos, el desplazamiento de las tormentas vir\u00f3 hacia zonas no cultivadas, por lo cual no se realiz\u00f3 siembra de nubes con yoduro de plata. Los vuelos s\u00f3lo fueron de patrulla.<\/p>\n\n\n\n<ul class=\"wp-block-gallery columns-2 is-cropped wp-block-gallery-2 is-layout-flex wp-block-gallery-is-layout-flex\"><li class=\"blocks-gallery-item\"><figure><img loading=\"lazy\" decoding=\"async\" width=\"768\" height=\"432\" src=\"https:\/\/enolife.com.ar\/es\/wp-content\/uploads\/2019\/10\/pilotos.jpg\" alt=\"\" data-id=\"4597\" data-link=\"https:\/\/enolife.com.ar\/es\/?attachment_id=4597\" class=\"wp-image-4597\" srcset=\"https:\/\/enolife.com.ar\/es\/wp-content\/uploads\/2019\/10\/pilotos.jpg 768w, https:\/\/enolife.com.ar\/es\/wp-content\/uploads\/2019\/10\/pilotos-300x169.jpg 300w, https:\/\/enolife.com.ar\/es\/wp-content\/uploads\/2019\/10\/pilotos-585x329.jpg 585w\" sizes=\"auto, (max-width: 768px) 100vw, 768px\" \/><\/figure><\/li><li class=\"blocks-gallery-item\"><figure><img loading=\"lazy\" decoding=\"async\" width=\"768\" height=\"576\" src=\"https:\/\/enolife.com.ar\/es\/wp-content\/uploads\/2019\/10\/cielo.jpeg\" alt=\"\" data-id=\"4598\" data-link=\"https:\/\/enolife.com.ar\/es\/?attachment_id=4598\" class=\"wp-image-4598\" srcset=\"https:\/\/enolife.com.ar\/es\/wp-content\/uploads\/2019\/10\/cielo.jpeg 768w, https:\/\/enolife.com.ar\/es\/wp-content\/uploads\/2019\/10\/cielo-300x225.jpeg 300w, https:\/\/enolife.com.ar\/es\/wp-content\/uploads\/2019\/10\/cielo-585x439.jpeg 585w\" sizes=\"auto, (max-width: 768px) 100vw, 768px\" \/><\/figure><\/li><\/ul>\n\n\n\n<div style=\"height:20px\" aria-hidden=\"true\" class=\"wp-block-spacer\"><\/div>\n\n\n\n<p>Las observaciones de los radares del sistema habi\u00e1n indicado lluvias fuertes en \u00e1reas sin cultivar de San Rafael (25 de Mayo, Las Paredes, El Cerrito y Monte Com\u00e1n). En tanto, en el Noreste de la provincia, tambi\u00e9n se observaron lluvias fuertes y granizo en las \u00e1reas sin cultivar de La Paz y lluvias d\u00e9biles en \u00e1reas cultivadas de Santa Rosa y La Paz.<\/p>\n\n\n\n<p>Antes del 24\/10, los d\u00edas 20, 21 y 22\/10 se hab\u00eda producido tambi\u00e9n un intenso despliegue de recursos. Debido al desarrollo convectivo en el oasis Sur (37 celdas graniceras observadas por el radar), se realizaron vuelos de patrulla sobre Las Malvinas, Calle Larga y Jaime Prats (San Rafael), entre las 22 y las 24 del 20\/10. Tambi\u00e9n se hab\u00eda patrullado en el Noreste de la provincia: entre la 0.30 y las 2 del lunes 21, los aviones trabajaron sobre Phillips y Santa Mar\u00eda de Oro, Jun\u00edn. En ninguno de los casos se generaron celdas graniceras.<\/p>\n\n\n\n<p>En tanto, el martes 22, los radares detectaron 27 celdas de tormentas y en consecuencia se realizaron vuelos de patrulla sobre El Carrizal, Rivadavia. No obstante, las nubes observadas se disiparon r\u00e1pidamente.<\/p>\n\n\n\n<div style=\"height:20px\" aria-hidden=\"true\" class=\"wp-block-spacer\"><\/div>\n\n\n\n<p class=\"has-medium-font-size\"><strong>Un arsenal contra el granizo<\/strong><\/p>\n\n\n\n<div style=\"height:20px\" aria-hidden=\"true\" class=\"wp-block-spacer\"><\/div>\n\n\n\n<p>Durante el lanzamiento de la presente campa\u00f1a, a fines de agosto pasado, el gobernador de la provincia, Alfredo Cornejo, hab\u00eda destacado: \u201cHemos tenido importantes logros, haciendo funcionar bien el servicio, con los cuatro aviones trabajando a pleno. Los n\u00fameros del a\u00f1o pasado as\u00ed lo muestran\u201d. Cornejo sostuvo que \u201ctradicionalmente, tenemos un promedio de unas 21.000 hect\u00e1reas afectadas por granizo por a\u00f1o. En la temporada 2018-2019  a\u00f1o pasado tuvimos 16.000, siendo que el 2018 fue un a\u00f1o muy granicero. La baja se debi\u00f3 a que ha funcionado bien la empresa Aeron\u00e1utica Mendoza, que creamos en nuestro gobierno\u201d.<\/p>\n\n\n\n<p>El mandatario, en la ocasi\u00f3n, se\u00f1al\u00f3 que \u201cla empresa est\u00e1 teniendo progresos sustantivos tras poner a funcionar los cuatro aviones, y contar con la dosis de cartuchos y bengalas suficientes. No obstante, vamos a comprar, en una licitaci\u00f3n que se abre en setiembre, 10 mil m\u00e1s\u201d. Dicha licitaci\u00f3n, adelantada por Cornejo, a la fecha ya est\u00e1 en marcha.<\/p>\n\n\n\n<div style=\"height:20px\" aria-hidden=\"true\" class=\"wp-block-spacer\"><\/div>\n\n\n\n<figure class=\"wp-block-image\"><img loading=\"lazy\" decoding=\"async\" width=\"768\" height=\"576\" src=\"https:\/\/enolife.com.ar\/es\/wp-content\/uploads\/2019\/10\/image-128.png\" alt=\"\" class=\"wp-image-4595\" srcset=\"https:\/\/enolife.com.ar\/es\/wp-content\/uploads\/2019\/10\/image-128.png 768w, https:\/\/enolife.com.ar\/es\/wp-content\/uploads\/2019\/10\/image-128-300x225.png 300w, https:\/\/enolife.com.ar\/es\/wp-content\/uploads\/2019\/10\/image-128-585x439.png 585w\" sizes=\"auto, (max-width: 768px) 100vw, 768px\" \/><\/figure>\n\n\n\n<div style=\"height:20px\" aria-hidden=\"true\" class=\"wp-block-spacer\"><\/div>\n\n\n\n<p>Actualmente, el sistema de Lucha Antigranizo cuenta con <strong>4 aviones Piper Cheyenne II<\/strong> (ver recuadro aparte); <strong>una red de 4 radares meteorol\u00f3gicos ubicados en San Mart\u00edn, Tunuy\u00e1n, San Rafael y General Alvear<\/strong>; <strong>2 centros de operaciones<\/strong> apostados con modernos equipos de comunicaci\u00f3n en la IV Brigada A\u00e9rea (Las Heras) y en el Aeroclub de San Rafael, y una red de <strong>10 generadores de superficie<\/strong>, situada en los departamentos del Valle de Uco.<\/p>\n\n\n\n<div style=\"height:20px\" aria-hidden=\"true\" class=\"wp-block-spacer\"><\/div>\n\n\n\n<figure class=\"wp-block-image\"><img decoding=\"async\" src=\"http:\/\/fenix951.com.ar\/Nuevo_2013\/imagenes\/126498_1549155173.jpg\" alt=\"Resultado de imagen para aviones que disparan cartuchos contra el granizo\"\/><\/figure>\n\n\n\n<div style=\"height:20px\" aria-hidden=\"true\" class=\"wp-block-spacer\"><\/div>\n\n\n\n<p>Por otro lado, para esta temporada 2019-2020 ya est\u00e1 asegurada la suficiente cantidad de material pirot\u00e9cnico para los operativos de mitigaci\u00f3n. Al d\u00eda de la fecha se cuenta con&nbsp; <strong>9.800 bengalas y 18.000 cartuchos<\/strong> y, como se consign\u00f3 m\u00e1s arriba, se espera por la compra de un lote de <strong>10.000 bengalas m\u00e1s<\/strong>.<\/p>\n\n\n\n<div style=\"height:20px\" aria-hidden=\"true\" class=\"wp-block-spacer\"><\/div>\n\n\n\n<p class=\"has-medium-font-size\"><strong>El r\u00e9dito de la inversi\u00f3n<\/strong><\/p>\n\n\n\n<div style=\"height:20px\" aria-hidden=\"true\" class=\"wp-block-spacer\"><\/div>\n\n\n\n<p>La meta del Sistema de Mitigaci\u00f3n de Granizo es disminuir los da\u00f1os en la producci\u00f3n agr\u00edcola de Mendoza, que registra alrededor de <strong>292.000 hect\u00e1reas cultivadas<\/strong> con vid, frutales, olivos, hortalizas y forrajeras. De ese total, <strong>los cultivos de vid representan el 48%<\/strong>, frutales el 20%, hortalizas el 16%, mientras que 16% restante est\u00e1 cultivado con olivos y forrajeras.<\/p>\n\n\n\n<p>La temporada 2018\/19 se present\u00f3 compleja desde lo climatol\u00f3gico: entre setiembre y mayo se detectaron m\u00e1s d\u00edas con tormentas severas que lo habitual. No obstante, con la intervenci\u00f3n del Sistema de Mitigaci\u00f3n se logr\u00f3 una reducci\u00f3n notable de los da\u00f1os. De acuerdo con las tasaciones realizadas por la Direcci\u00f3n de Agricultura y Contingencias Clim\u00e1ticas, el total de las hect\u00e1reas da\u00f1adas al 100% lleg\u00f3 a 15.982 hect\u00e1reas, alrededor del 22% menos que el promedio hist\u00f3rico de Mendoza, que es de 20.528 hect\u00e1reas.<\/p>\n\n\n\n<p>\u201cEn promedio, en cada temporada ocurren 116 d\u00edas con tormentas, de los cuales 54 corresponden a d\u00edas con tormentas severas sobre \u00e1reas cultivadas\u201d explica el Ing. Pablo Stalloca, Director de la DACC.&nbsp; \u201cLa vid es el cultivo m\u00e1s afectado porque representa el 50% de la superficie cultivada en los tres oasis de la Provincia y el 50% restante se compone de frutas de carozo, verduras y hortalizas\u201d, detalla.<\/p>\n\n\n\n<p>Evidentemente, las tormentas graniceras representan una seria amenaza para la econom\u00eda local.&nbsp; Por eso, Mendoza ha desarrollado un Sistema de Mitigaci\u00f3n por Da\u00f1os de Granizo que incluye la&nbsp;<strong>lucha pasiva y la lucha activa&nbsp;<\/strong>y est\u00e1 basado en el conocimiento de la microf\u00edsica de las nubes y de los procesos que ocurren en un sistema convectivo.<\/p>\n\n\n\n<div style=\"height:20px\" aria-hidden=\"true\" class=\"wp-block-spacer\"><\/div>\n\n\n\n<figure><iframe loading=\"lazy\" width=\"850\" height=\"315\" src=\"https:\/\/www.youtube.com\/embed\/BevEcJGKglU\" allowfullscreen=\"\"><\/iframe><\/figure>\n\n\n\n<div style=\"height:20px\" aria-hidden=\"true\" class=\"wp-block-spacer\"><\/div>\n\n\n\n<p class=\"has-background has-medium-font-size has-pale-cyan-blue-background-color\"><strong>Los Piper Cheyenne II, \u00e1giles y confiables<\/strong><\/p>\n\n\n\n<p class=\"has-background has-pale-cyan-blue-background-color\">El Sistema de Lucha Antigranizo cuenta con una flota de 4 aviones Piper Cheyenne II, 2 con base en el Aeropuerto \u201cEl Plumerillo\u201d de Mendoza y 2 en el Aeropuerto \u201cSantiago Germano\u201d de San Rafael. <br><br>El Piper Cheyenne II es el mejor avi\u00f3n disponible en el mercado para efectuar operaciones de lucha antigranizo. Cuenta con dos motores Pratt &amp; Whitney PT6-A28 de 625 caballos de fuerza cada uno, que le confieren prestaciones \u00fatiles y efectivas. El avi\u00f3n vuela -en crucero- a la mitad de la velocidad el sonido (unos 600 km por hora), trepa a casi 1.000 metros por minuto, y puede llegar a una altura m\u00e1xima de 9.600 metros. <br><br>Cada Cheyenne cuenta con sistema de presurizaci\u00f3n, piloto autom\u00e1tico, avi\u00f3nica integral y sistemas de comando duales para piloto y copiloto.<br><br>Cabe destacar que las turbinas PT6 que impulsan a los Piper Cheyenne II son las m\u00e1s exitosas y confiables del mundo, debido principalmente a su bajo costo operativo, confiabilidad y alta potencia. Los Cheyenne del Departamento de Aeron\u00e1utica de Mendoza est\u00e1n equipados para su espec\u00edfico rol antigranizo con dispositivos de lanzamiento de cartuchos eyectables en el vientre, \u201cpeines\u201d para quemado de bengalas de punto fijo en las alas, sistemas de control telem\u00e9trico, sistemas de disparo, equipos deshieladores y radar meteorol\u00f3gico integrado.<br><br>Desde los aeropuertos de Mendoza y San Rafael, los aviones son guiados hacia las nubes graniceras por el Centro de Operaciones ubicado en el departamento Tunuy\u00e1n. Esta estaci\u00f3n de mando concentra la informaci\u00f3n de la red de radares de alerta del Departamento de Agrometeorolog\u00eda de la Direcci\u00f3n de Agricultura y Contingencias Clim\u00e1ticas, compuesta por tres estaciones principales ubicadas en La Llave (San Rafael), San Mart\u00edn y Cruz Negra (Tunuy\u00e1n), m\u00e1s dos estaciones m\u00f3viles de refuerzo.<br><br><strong>Ficha T\u00e9cnica Aeronave Piper Cheyenne II<\/strong><br><br><strong>N\u00famero de Motores: 2<\/strong><br><strong>Tipo:<\/strong>&nbsp;Turbo h\u00e9lice PT6A28 &#8211; 620Hp. c\/u<br><strong>RPM: H\u00e9lices max.:<\/strong>&nbsp;2200 rpm.<br><strong>Combustible capacidad total:<\/strong>&nbsp;374 U.S.gal. | 1415,59 Lts.<br><strong>Capacidad usable:<\/strong>&nbsp;366 U.S.gal. | 1385.31 Lts.<br><strong>Peso m\u00e1ximos<\/strong> <strong>de despegue Mtow.:<\/strong>&nbsp;9000 Lbs. | 4082 Kg.<br><strong>Peso m\u00e1ximo de aterrizaje Mlw.:<\/strong>&nbsp;9000 Lbs. | 4082 Kg.<br><strong>Techo operativo<\/strong> c<strong>on dos motores:<\/strong>&nbsp;29000 Ft. | 8839.2 mts.<br><strong>Techo operativo con un motor:&nbsp;<\/strong>14600 Ft. | 4450.1 mts.<br><strong>Velocidades<\/strong> m<strong>\u00e1xima operativa. Vmo.:<\/strong>&nbsp;242 Kn | 448.18 Km\/h<br><strong>Velocidad de p\u00e9rdida de sustentabilidad. Vs.:&nbsp;<\/strong>075 Kn | 138.90 Km\/h<\/p>\n\n\n\n<div style=\"height:20px\" aria-hidden=\"true\" class=\"wp-block-spacer\"><\/div>\n\n\n\n<p class=\"has-medium-font-size\"><strong>Una lucha de larga data contra la furia de la naturaleza<\/strong><\/p>\n\n\n\n<div style=\"height:20px\" aria-hidden=\"true\" class=\"wp-block-spacer\"><\/div>\n\n\n\n<div class=\"wp-block-image\"><figure class=\"alignleft is-resized\"><img loading=\"lazy\" decoding=\"async\" src=\"https:\/\/www.smn.gob.ar\/sites\/default\/files\/ANTIGRANIZO4.jpg\" alt=\"\" width=\"390\" height=\"234\"\/><\/figure><\/div>\n\n\n\n<p>La historia de la lucha antigranizo en la provincia de Mendoza ha atravesado diferentes etapas. As\u00ed lo consigna en detalle el sitio web contingencias.mendoza.gov.ar, de donde transcribimos los p\u00e1rrafos introductorios, desde los comienzos del plan en 1958 hasta la sanci\u00f3n, en 1984, de una ley que estableci\u00f3, desde el Estado, la metodolog\u00eda, regulaci\u00f3n y presupuesto para el Sistema de Lucha Antigranizo. Para seguir la cr\u00f3nica de este combate sin tregua, a\u00f1o a a\u00f1o, los interesados podr\u00e1n consultar el citado sitio web del gobierno de Mendoza.<\/p>\n\n\n\n<p class=\"has-background has-very-light-gray-background-color\"><a href=\"http:\/\/www.contingencias.mendoza.gov.ar\/web1\/lucha_antigranizo\/historia_lucha.html\">http:\/\/www.contingencias.mendoza.gov.ar\/web1\/lucha_antigranizo\/historia_lucha.html<\/a><\/p>\n\n\n\n<p>\u00abLas primeras actuaciones comenzaron a realizarse como una alternativa al seguro Agrario, ya que el d\u00e9ficit acumulado por \u00e9ste lo hizo inviable. En 1958 se iniciaron una serie de experiencias con el sistema de siembra utilizado en ese momento en el Sur de Francia. Para ello se instalaron 120 generadores que quemaban carb\u00f3n al que se impregnaba de una disoluci\u00f3n acet\u00f3nica de Yoduro de Plata (AgI).<\/p>\n\n\n\n<p>\u00abM\u00e1s tarde, en 1974 se cre\u00f3 el Programa Nacional de Lucha Antigranizo, fijando tres etapas para el desarrollo del sistema: <br><strong>-de 1974 a 1978<\/strong> para el desarrollo de sistemas de observaci\u00f3n y an\u00e1lisis de las ca\u00eddas de granizo y de los da\u00f1os ocasionados en la agricultura;<br><strong>&#8211; de 1979 a 1981<\/strong> para la creaci\u00f3n de la organizaci\u00f3n, la construcci\u00f3n de los sistemas de siembra por medio de cohetes que conten\u00edan ioduro de plomo;<br><strong>&#8211; de 1982 a 1983<\/strong>, etapa en la que se dispuso el cambio de material nucleante, pasando a emplear Ioduro de Plata (AgI);<br><strong>&#8211; en 1983<\/strong> la falta de presupuesto y la escasa confianza en los cohetes de fabricaci\u00f3n nacional utilizados en ese momento, hizo que se detuvieran las experiencias; <br><strong>-en 1984<\/strong> el gobierno de la Provincia de Mendoza acord\u00f3 con la URSS la provisi\u00f3n de equipos, la asistencia t\u00e9cnica y la transferencia de tecnolog\u00eda. Todo ello dio lugar a que por Ley se iniciaran las actuaciones de lucha antigranizo en tres \u00e1reas centradas alrededor de Tunuy\u00e1n, San Mart\u00edn y San Rafael. En cada una se instalaron radares MRL-5 y diversos puestos de lanzamiento de cohetes Alaz\u00e1n de fabricaci\u00f3n rusa\u00bb.<\/p>\n\n\n\n<div style=\"height:20px\" aria-hidden=\"true\" class=\"wp-block-spacer\"><\/div>\n\n\n\n<p class=\"has-background has-medium-font-size has-very-light-gray-background-color\"><strong>Tipos de tormentas<\/strong><\/p>\n\n\n\n<figure class=\"wp-block-image\"><img decoding=\"async\" src=\"https:\/\/www.smn.gob.ar\/sites\/default\/files\/antigranizo%20INFO%20TORMENTA%205.jpg\" alt=\"\"\/><\/figure>\n\n\n\n<p class=\"has-background has-very-light-gray-background-color\">Las tormentas pueden ser unicelulares, multicelulares o supercelulares.&nbsp; Las multicelulares y las supercelulares pueden llegar a organizarse de manera de configurar un sistema convectivo de mesoescala.<br><br>La&nbsp;<strong>tormenta unicelular<\/strong>&nbsp;est\u00e1 formada por una \u00fanica celda y generalmente es de corta duraci\u00f3n. Las&nbsp;<strong>tormentas multicelulares<\/strong>&nbsp;est\u00e1n formadas por varias celdas. Se trata de varias celdas de tormentas en distintos estados de desarrollo que interact\u00faan entre s\u00ed. La duraci\u00f3n de cada celda individual suele ser de alrededor de 30 o 40 minutos, pero todo el proceso puede durar varias horas.<br><br>Las&nbsp;<strong>superc\u00e9lulas<\/strong>&nbsp;son estructuras tormentosas caracterizadas por una fuerte rotaci\u00f3n de las corrientes ascendentes (mesociclones). La duraci\u00f3n de una tormenta de este tipo es superior a una hora y suelen recorrer varias decenas de kil\u00f3metros. Pueden formar parte de un sistema de tormentas multicelulares.<br><br>Por \u00faltimo, los sistemas&nbsp;<strong>mesoscalares&nbsp;<\/strong>se definen como un \u00e1rea continua de precipitaci\u00f3n en superficie con una extensi\u00f3n horizontal m\u00ednima de 100 km en alguna direcci\u00f3n. Puede dar lugar a todo tipo de tormentas, aunque mayormente son sistemas multicelulares.<\/p>\n\n\n\n<div style=\"height:20px\" aria-hidden=\"true\" class=\"wp-block-spacer\"><\/div>\n\n\n\n<p class=\"has-small-font-size\"><strong><em>Fuentes: Gobierno de Mendoza ,  www.infocampo.com.ar<\/em><\/strong> <strong><em>y Servicio Meteorologico Nacional<\/em><\/strong><em><strong> (Mariela De Diego)<\/strong><\/em>, <strong><em>desdeelpatio.com.ar (fotos)<\/em><\/strong><\/p>\n","protected":false},"excerpt":{"rendered":"<p>El sistema de lucha antigranizo de la provincia de Mendoza adelant\u00f3 su inicio al 15&hellip;<\/p>\n","protected":false},"author":3,"featured_media":4594,"comment_status":"open","ping_status":"open","sticky":false,"template":"","format":"standard","meta":{"footnotes":""},"categories":[5],"tags":[],"class_list":["post-4577","post","type-post","status-publish","format-standard","has-post-thumbnail","hentry","category-fincas"],"_links":{"self":[{"href":"https:\/\/enolife.com.ar\/es\/wp-json\/wp\/v2\/posts\/4577","targetHints":{"allow":["GET"]}}],"collection":[{"href":"https:\/\/enolife.com.ar\/es\/wp-json\/wp\/v2\/posts"}],"about":[{"href":"https:\/\/enolife.com.ar\/es\/wp-json\/wp\/v2\/types\/post"}],"author":[{"embeddable":true,"href":"https:\/\/enolife.com.ar\/es\/wp-json\/wp\/v2\/users\/3"}],"replies":[{"embeddable":true,"href":"https:\/\/enolife.com.ar\/es\/wp-json\/wp\/v2\/comments?post=4577"}],"version-history":[{"count":0,"href":"https:\/\/enolife.com.ar\/es\/wp-json\/wp\/v2\/posts\/4577\/revisions"}],"wp:featuredmedia":[{"embeddable":true,"href":"https:\/\/enolife.com.ar\/es\/wp-json\/wp\/v2\/media\/4594"}],"wp:attachment":[{"href":"https:\/\/enolife.com.ar\/es\/wp-json\/wp\/v2\/media?parent=4577"}],"wp:term":[{"taxonomy":"category","embeddable":true,"href":"https:\/\/enolife.com.ar\/es\/wp-json\/wp\/v2\/categories?post=4577"},{"taxonomy":"post_tag","embeddable":true,"href":"https:\/\/enolife.com.ar\/es\/wp-json\/wp\/v2\/tags?post=4577"}],"curies":[{"name":"wp","href":"https:\/\/api.w.org\/{rel}","templated":true}]}}