{"id":45732,"date":"2021-09-30T16:32:48","date_gmt":"2021-09-30T16:32:48","guid":{"rendered":"http:\/\/enolife.com.ar\/es\/?p=45732"},"modified":"2021-10-02T02:47:31","modified_gmt":"2021-10-02T02:47:31","slug":"concurso-de-irrigacion-estudiantes-pueden-aportar-ideas-para-cuidar-el-agua-y-ganar-tablets","status":"publish","type":"post","link":"https:\/\/enolife.com.ar\/es\/concurso-de-irrigacion-estudiantes-pueden-aportar-ideas-para-cuidar-el-agua-y-ganar-tablets\/","title":{"rendered":"Concurso de Irrigaci\u00f3n: estudiantes pueden aportar ideas para cuidar el agua y ganar tablets"},"content":{"rendered":"\n<h4 class=\"wp-block-heading\"><em><strong>El gobernador de la provincia de Mendoza, Rodolfo \u00abRody\u00bb Su\u00e1rez, y el superintendente de Irrigaci\u00f3n, Sergio Marinelli, lanzaron ayer 29\/9 en el Dique Valle de Uco de Tunuy\u00e1n el concurso \u00abIdeagua\u00bb, en el que los j\u00f3venes de 5to. a\u00f1o de las escuelas secundarias locales podr\u00e1n presentar ideas, proyectos o modelos innovadores sobre el uso eficiente del agua y la preservaci\u00f3n su calidad, con una impronta en la perspectiva de g\u00e9nero. <\/strong><\/em><\/h4>\n\n\n\n<hr class=\"wp-block-separator\"\/>\n\n\n\n<h4 class=\"wp-block-heading\"><em><strong>En su primera etapa, el concurso est\u00e1 abierto para chicos de los departamentos de San Carlos, Tunuy\u00e1n y Tupungato. Hay tiempo para inscribirse y presentar los proyectos hasta el 29 de octubre de 2021. Los equipos ganadores del certamen obtendr\u00e1n una tablet para cada integrante y otra para el colegio. <\/strong><\/em><\/h4>\n\n\n\n<div style=\"height:20px\" aria-hidden=\"true\" class=\"wp-block-spacer\"><\/div>\n\n\n<a href=\"https:\/\/www.irrigacion.gov.ar\/web\/\" aria-label=\"irrigaci\u00f3n-1700X500\"><img loading=\"lazy\" decoding=\"async\" src=\"https:\/\/enolife.com.ar\/es\/wp-content\/uploads\/2021\/02\/irrigacion-1700X500.gif\" alt=\"\"  width=\"1700\" height=\"500\"   \/><\/a>\n\n\n<div style=\"height:49px\" aria-hidden=\"true\" class=\"wp-block-spacer\"><\/div>\n\n\n\n<p>El gobernador <strong>Rodolfo \u00abRody\u00bb Su\u00e1rez<\/strong> y el superintendente general de Irrigaci\u00f3n, <strong>Sergio Marinelli<\/strong>, participaron del lanzamiento del concurso provincial <strong>\u00abIdeagua\u00bb<\/strong>, destinado a estudiantes de toda la provincia. La actividad se realiz\u00f3 en Dique Valle de Uco, Campo Los Andes, Tunuy\u00e1n.<\/p>\n\n\n\n<p>Estuvieron presentes en el acto de convocatoria el vicegobernador <strong>Mario Abed<\/strong>; los intendentes de Tupungato, <strong>Gustavo Soto<\/strong>; San Carlos, <strong>Rolando Scanio<\/strong>; Tunuy\u00e1n, <strong>Mart\u00edn Aveiro<\/strong>; la ministra de Cultura y Turismo, <strong>Mariana Juri<\/strong>; el vicepresidente del EPAS, <strong>Mario Draque<\/strong>; los presidentes del EPRE, <strong>Andrea Molina<\/strong>; del Instituto Provincial de Juegos y Casinos, <strong>Ida L\u00f3pez<\/strong>, y de Aysam, <strong>Alejandro Gallego<\/strong>; la directora de Hidr\u00e1ulica, <strong>Yamila Arnosti<\/strong>, adem\u00e1s de docentes, directivos y alumnos de colegios secundarios de la zona.<\/p>\n\n\n\n<p>El concurso provincial \u00abIdeagua\u00bb es una convocatoria que parte del <strong>Departamento General de Irrigaci\u00f3<\/strong>n junto a la <strong>Direcci\u00f3n General de Escuelas<\/strong> y al mismo tiempo es acompa\u00f1ada por el Gobierno de Mendoza, Aguas Mendocinas, EPRE y EPAS. Este concurso prev\u00e9 un amplio recorrido de temas y de territorios, y comenz\u00f3 ayer 29\/9 en la cuenca del R\u00edo Tunuy\u00e1n Superior.<\/p>\n\n\n\n<div style=\"height:32px\" aria-hidden=\"true\" class=\"wp-block-spacer\"><\/div>\n\n\n\n<figure class=\"wp-block-embed-youtube aligncenter wp-block-embed is-type-video is-provider-youtube wp-embed-aspect-16-9 wp-has-aspect-ratio\"><div class=\"wp-block-embed__wrapper\">\n<iframe loading=\"lazy\" title=\"Concurso provincial Ideagua: \u00a1sumate y sum\u00e1 a tu escuela!\" width=\"1170\" height=\"658\" src=\"https:\/\/www.youtube.com\/embed\/wVPwZIUG1Ac?feature=oembed\" frameborder=\"0\" allow=\"accelerometer; autoplay; clipboard-write; encrypted-media; gyroscope; picture-in-picture\" allowfullscreen><\/iframe>\n<\/div><\/figure>\n\n\n\n<div style=\"height:60px\" aria-hidden=\"true\" class=\"wp-block-spacer\"><\/div>\n\n\n\n<p>Durante la presentaci\u00f3n de la iniciativa se explicaron sus objetivos y alcances y se hizo hincapi\u00e9 en la necesidad de tomar conciencia sobre el cuidado de agua, en su cantidad y en su calidad. Tambi\u00e9n se invit\u00f3 a participar a docentes y alumnos de escuelas de <strong>San Carlos, Tupungato y Tunuy\u00e1n<\/strong> en la presentaci\u00f3n de propuestas innovadoras para el desarrollo sostenible.<\/p>\n\n\n\n<p>En este primer concurso \u00abIdeagua, propuestas innovadoras para el desarrollo sustentable\u00bb, los chicos y docentes de escuelas de las seis cuencas de la provincia presentar\u00e1n ideas, proyectos o modelos innovadores sobre uso eficiente y preservaci\u00f3n de la calidad del agua, con una impronta en la perspectiva de g\u00e9nero.<\/p>\n\n\n\n<div style=\"height:20px\" aria-hidden=\"true\" class=\"wp-block-spacer\"><\/div>\n\n\n\n<p class=\"has-background has-very-light-gray-background-color\"><strong>Los interesados en participar del concurso pueden acceder a toda la informaci\u00f3n necesaria: <a href=\"https:\/\/www.irrigacion.gov.ar\/web\/educacion-cultura\">AQU\u00cd <\/a><\/strong><\/p>\n\n\n\n<div style=\"height:20px\" aria-hidden=\"true\" class=\"wp-block-spacer\"><\/div>\n\n\n\n<p class=\"has-medium-font-size\"><strong>El agua que todo lo toca<\/strong><\/p>\n\n\n\n<p>\u00abFelicito a todo el equipo de Irrigaci\u00f3n y a todos los intendentes que han trabajo en este proyecto que tiene que ver con algo fundamental para el desarrollo de Mendoza, que es la administraci\u00f3n del agua. Nuestra historia es as\u00ed, el agua es algo transversal a todos los organismos\u00bb, asegur\u00f3 Su\u00e1rez.<\/p>\n\n\n\n<div style=\"height:20px\" aria-hidden=\"true\" class=\"wp-block-spacer\"><\/div>\n\n\n\n<blockquote class=\"wp-block-quote is-layout-flow wp-block-quote-is-layout-flow\"><p>Los j\u00f3venes, que por naturaleza son innovadores, van a hacer aportes valiosos para el uso y la calidad del agua\u00bb.<\/p><cite>Rodolfo \u00abRody\u00bb Su\u00e1rez, gobernador de Mendoza<\/cite><\/blockquote>\n\n\n\n<div style=\"height:20px\" aria-hidden=\"true\" class=\"wp-block-spacer\"><\/div>\n\n\n\n<p>\u00abMe parece bueno que haya un concurso, ya que en el mundo hay muchas innovaciones respecto al cuidado del agua. Siempre los j\u00f3venes, que por naturaleza son innovadores, van a hacer aportes novedosos para trabajar el agua con calidad, cantidad y todos sus usos. Como gobierno ponemos todas las herramientas y datos a disposici\u00f3n. Los interpelo a que participen, ya que est\u00e1n generando futuro para las pr\u00f3ximas generaciones\u00bb, cerr\u00f3 el gobernador.<\/p>\n\n\n\n<div style=\"height:20px\" aria-hidden=\"true\" class=\"wp-block-spacer\"><\/div>\n\n\n\n<p class=\"has-medium-font-size\"><strong>La emergencia h\u00eddrica lleg\u00f3 para quedarse<\/strong><\/p>\n\n\n\n<p>A su turno, Sergio Marinelli agradeci\u00f3 a todo su equipo por hacer posible este concurso y destac\u00f3: \u00abEs la primera salida oficial que pueden hacer las escuelas y esto une a todos los mendocinos en medio del cambio clim\u00e1tico y destacamos la importancia del cuidado del agua\u00bb.<\/p>\n\n\n\n<p>\u00abLa emergencia h\u00eddrica lleg\u00f3 para quedarse en Mendoza y el trabajo en equipo hace que todos conozcan los diversos usos del agua, el humano, el de riego en espacios p\u00fablicos, el agr\u00edcola, que es el que se lleva el 40% del uso del agua\u00bb, se\u00f1al\u00f3 el funcionario.<\/p>\n\n\n\n<div style=\"height:20px\" aria-hidden=\"true\" class=\"wp-block-spacer\"><\/div>\n\n\n\n<blockquote class=\"wp-block-quote is-layout-flow wp-block-quote-is-layout-flow\"><p>Nosotros administramos el agua y es muy importante cuidarla, pero tambi\u00e9n no hay que descuidar el aspecto social y cultural\u00bb.<\/p><cite>Sergio Marinelli, superintendente general de Irrigaci\u00f3n.<\/cite><\/blockquote>\n\n\n\n<div style=\"height:20px\" aria-hidden=\"true\" class=\"wp-block-spacer\"><\/div>\n\n\n\n<p>\u00abEsto es una oportunidad para que como sociedad reflexionemos. Este concurso busca que los chicos est\u00e9n informados e intercambien ideas con los profesores y con los organismos de gobierno y que sepamos entre todos analizar nuestro comportamiento hacia el uso y la calidad del agua\u00bb, finaliz\u00f3 Marinelli.<\/p>\n\n\n\n<div style=\"height:20px\" aria-hidden=\"true\" class=\"wp-block-spacer\"><\/div>\n\n\n\n<p class=\"has-medium-font-size\"><strong>Mendoza se prepara para enfrentar el cambio clim\u00e1tico<\/strong><\/p>\n\n\n\n<p>El cuidado del agua en el territorio de la provincia de Mendoza, en Argentina y en el mundo se hace cada d\u00eda m\u00e1s imprescindible. Los efectos del cambio clim\u00e1tico a nivel global y la bajante del r\u00edo Paran\u00e1 en el espectro nacional, han condicionado las actividades humanas, que s\u00f3lo pueden sostenerse si est\u00e1 presente el agua. En Mendoza, la situaci\u00f3n de escasez y las pocas nevadas que se han producido en la cordillera de los Andes en esta \u00e9poca invernal nos obligan a prepararnos para un futuro donde deben prevalecer las ideas y la conciencia.<\/p>\n\n\n\n<div style=\"height:20px\" aria-hidden=\"true\" class=\"wp-block-spacer\"><\/div>\n\n\n\n<div class=\"wp-block-image\"><figure class=\"aligncenter size-large is-resized\"><img loading=\"lazy\" decoding=\"async\" src=\"https:\/\/enolife.com.ar\/es\/wp-content\/uploads\/2021\/09\/MG_7860-2-1024x683-1.jpg\" alt=\"\" class=\"wp-image-45762\" width=\"542\" height=\"361\" srcset=\"https:\/\/enolife.com.ar\/es\/wp-content\/uploads\/2021\/09\/MG_7860-2-1024x683-1.jpg 1024w, https:\/\/enolife.com.ar\/es\/wp-content\/uploads\/2021\/09\/MG_7860-2-1024x683-1-300x200.jpg 300w, https:\/\/enolife.com.ar\/es\/wp-content\/uploads\/2021\/09\/MG_7860-2-1024x683-1-768x512.jpg 768w, https:\/\/enolife.com.ar\/es\/wp-content\/uploads\/2021\/09\/MG_7860-2-1024x683-1-585x390.jpg 585w\" sizes=\"auto, (max-width: 542px) 100vw, 542px\" \/><figcaption><strong><em>Sergio Marinelli<\/em><\/strong><\/figcaption><\/figure><\/div>\n\n\n\n<div style=\"height:20px\" aria-hidden=\"true\" class=\"wp-block-spacer\"><\/div>\n\n\n\n<p>Frente al problema, el Departamento General de Irrigaci\u00f3n desarrolla su actual plan de gesti\u00f3n centrado en la educaci\u00f3n y generaci\u00f3n de ciudadan\u00eda, lo cual insta a un cambio cultural adaptado a los efectos que el cambio clim\u00e1tico tiene sobre los recursos h\u00eddricos. En este marco, se dispuso por resoluci\u00f3n de Superintendencia reglamentar y convocar, de manera progresiva, a una serie de concursos de proyectos llamados \u00abComunicadores de la cultura de la preservaci\u00f3n del agua\u00bb.<\/p>\n\n\n\n<p>Los efectos de la pandemia de COVID-19 impidieron lanzar la primera convocatoria durante 2020, por lo que se inicia este a\u00f1o por la cuenca del r\u00edo Tunuy\u00e1n Superior.<\/p>\n\n\n\n<p>Marinelli se refiri\u00f3 a ese proyecto: \u00abEl cuidado del agua junto a una visi\u00f3n superadora en la tem\u00e1tica de g\u00e9nero es el sustento que tenemos en mente para el futuro. Nosotros administramos el agua y es muy importante cuidarla, pero tambi\u00e9n no hay que descuidar el aspecto social y cultural. Hace dos a\u00f1os decidimos prescindir de la elecci\u00f3n de la reina provincial del Agua, que se desarrollaba todos los a\u00f1os durante la celebraci\u00f3n del D\u00eda Provincial del Agua y el Trabajador de Irrigaci\u00f3n, para centrarnos en una perspectiva m\u00e1s inclusiva del agua\u00bb.<\/p>\n\n\n\n<div style=\"height:66px\" aria-hidden=\"true\" class=\"wp-block-spacer\"><\/div>\n","protected":false},"excerpt":{"rendered":"<p>El gobernador de la provincia de Mendoza, Rodolfo \u00abRody\u00bb Su\u00e1rez, y el superintendente de Irrigaci\u00f3n,&hellip;<\/p>\n","protected":false},"author":3,"featured_media":45764,"comment_status":"open","ping_status":"open","sticky":false,"template":"","format":"standard","meta":{"footnotes":""},"categories":[14],"tags":[],"class_list":["post-45732","post","type-post","status-publish","format-standard","has-post-thumbnail","hentry","category-news"],"_links":{"self":[{"href":"https:\/\/enolife.com.ar\/es\/wp-json\/wp\/v2\/posts\/45732","targetHints":{"allow":["GET"]}}],"collection":[{"href":"https:\/\/enolife.com.ar\/es\/wp-json\/wp\/v2\/posts"}],"about":[{"href":"https:\/\/enolife.com.ar\/es\/wp-json\/wp\/v2\/types\/post"}],"author":[{"embeddable":true,"href":"https:\/\/enolife.com.ar\/es\/wp-json\/wp\/v2\/users\/3"}],"replies":[{"embeddable":true,"href":"https:\/\/enolife.com.ar\/es\/wp-json\/wp\/v2\/comments?post=45732"}],"version-history":[{"count":0,"href":"https:\/\/enolife.com.ar\/es\/wp-json\/wp\/v2\/posts\/45732\/revisions"}],"wp:featuredmedia":[{"embeddable":true,"href":"https:\/\/enolife.com.ar\/es\/wp-json\/wp\/v2\/media\/45764"}],"wp:attachment":[{"href":"https:\/\/enolife.com.ar\/es\/wp-json\/wp\/v2\/media?parent=45732"}],"wp:term":[{"taxonomy":"category","embeddable":true,"href":"https:\/\/enolife.com.ar\/es\/wp-json\/wp\/v2\/categories?post=45732"},{"taxonomy":"post_tag","embeddable":true,"href":"https:\/\/enolife.com.ar\/es\/wp-json\/wp\/v2\/tags?post=45732"}],"curies":[{"name":"wp","href":"https:\/\/api.w.org\/{rel}","templated":true}]}}