{"id":45722,"date":"2021-10-05T02:02:17","date_gmt":"2021-10-05T02:02:17","guid":{"rendered":"http:\/\/enolife.com.ar\/es\/?p=45722"},"modified":"2021-10-06T23:20:04","modified_gmt":"2021-10-06T23:20:04","slug":"la-uncuyo-busca-probar-que-el-aceite-de-oliva-mendocino-es-unico-en-el-mundo-para-lograr-su-ig","status":"publish","type":"post","link":"https:\/\/enolife.com.ar\/es\/la-uncuyo-busca-probar-que-el-aceite-de-oliva-mendocino-es-unico-en-el-mundo-para-lograr-su-ig\/","title":{"rendered":"La UNCuyo busca probar que el aceite de oliva mendocino es \u00fanico en el mundo para lograr su IG"},"content":{"rendered":"\n<h4 class=\"wp-block-heading\"><em><strong>Investigaciones realizadas por un equipo de la Facultad de Ciencias Agrarias (FCA) de la Universidad Nacional de Cuyo (UNCuyo) buscan respaldar el pedido de la Asociaci\u00f3n Oliv\u00edcola de Mendoza (Asolmen) ante el Ministerio de Agricultura de la Naci\u00f3n, para as\u00ed obtener la Identificaci\u00f3n Geogr\u00e1fica (IG) del \u00aboro verde\u00bb mendocino. Con este sello de calidad, luego ser\u00eda posible gestionar la IG a nivel global. Adem\u00e1s, con esa herramienta, el aceite de oliva virgen extra (AOVE) local aumentar\u00eda su potencial para ganar nuevos mercados y alentar la recuperaci\u00f3n del sector, que sufre falta de inversi\u00f3n y tala de olivos.<\/strong><\/em><\/h4>\n\n\n\n<div style=\"height:56px\" aria-hidden=\"true\" class=\"wp-block-spacer\"><\/div>\n\n\n<a href=\"https:\/\/www.instagram.com\/agroconciencia_\" aria-label=\"BANNER AGROCONCIENCIA 400X400\"><img loading=\"lazy\" decoding=\"async\" src=\"https:\/\/enolife.com.ar\/es\/wp-content\/uploads\/2020\/06\/BANNER-AGROCONCIENCIA-400X400-1.jpg\" alt=\"\"  srcset=\"https:\/\/enolife.com.ar\/es\/wp-content\/uploads\/2020\/06\/BANNER-AGROCONCIENCIA-400X400-1.jpg 400w, https:\/\/enolife.com.ar\/es\/wp-content\/uploads\/2020\/06\/BANNER-AGROCONCIENCIA-400X400-1-300x300.jpg 300w, https:\/\/enolife.com.ar\/es\/wp-content\/uploads\/2020\/06\/BANNER-AGROCONCIENCIA-400X400-1-150x150.jpg 150w\" sizes=\"auto, (max-width: 400px) 100vw, 400px\" width=\"400\" height=\"400\"   \/><\/a>\n\n\n<div style=\"height:60px\" aria-hidden=\"true\" class=\"wp-block-spacer\"><\/div>\n\n\n\n<p>Comprometida con las necesidades de los&nbsp;productores oliv\u00edcolas de Mendoza, la&nbsp;<strong>Facultad de Ciencias Agrarias&nbsp;de la&nbsp;UNCuyo<\/strong>&nbsp;-a trav\u00e9s de su <strong>F\u00e1brica Experimental y Panel de Cata<\/strong>&#8211; participa en una serie de investigaciones que buscan&nbsp;respaldar la tipicidad \u00fanica del <strong>aceite de oliva virgen extra (AOVE)<\/strong> del norte de esta provincia, con miras a lograr el certificado de&nbsp;<strong>Indicaci\u00f3n Geogr\u00e1fica (IG)<\/strong>, en principio a nivel nacional.&nbsp;<\/p>\n\n\n\n<p>\u00abEntend\u00edamos y pod\u00edamos comprobar, por medio de&nbsp;an\u00e1lisis f\u00edsico-qu\u00edmicos y sensoriales, las&nbsp;caracter\u00edsticas diferenciales&nbsp;del aceite de oliva producido en Mendoza\u00bb, explic\u00f3 la licenciada en Bromatolog\u00eda,&nbsp;<strong>M\u00f3nica Mir\u00e1bile<\/strong>, en relaci\u00f3n al aporte concreto de la UNCuyo. Junto a la ingeniera agr\u00f3noma&nbsp;<strong>Ver\u00f3nica Araniti<\/strong>, Mir\u00e1bile&nbsp;trabaja en&nbsp;un&nbsp;proyecto de investigaci\u00f3n&nbsp;centrado en evaluar la calidad diferencial de estos aceites, con el&nbsp;objetivo de&nbsp;sumar informaci\u00f3n que respalde el&nbsp;pedido ante Naci\u00f3n.<\/p>\n\n\n\n<div style=\"height:20px\" aria-hidden=\"true\" class=\"wp-block-spacer\"><\/div>\n\n\n\n<p style=\"background-color:#b0db84\" class=\"has-text-color has-background has-very-dark-gray-color\"><strong>Es un trabajo que realizan primero en la&nbsp;F\u00e1brica Experimental de la Facultad, donde se reciben las&nbsp;aceitunas&nbsp;y&nbsp;se determina&nbsp;variedad&nbsp;e&nbsp;\u00edndice de madurez. Luego, se toman muestras de los aceites obtenidos para evaluarlos fisicoqu\u00edmica&nbsp;y sensorialmente en&nbsp;los laboratorios del IBAM y del&nbsp;Panel de Cata de Aceite de Oliva,&nbsp;\u00fanico laboratorio sensorial de Mendoza homologado&nbsp;por el&nbsp;Consejo Ole\u00edcola Internacional&nbsp;(COI).<\/strong>&nbsp;<\/p>\n\n\n\n<div style=\"height:20px\" aria-hidden=\"true\" class=\"wp-block-spacer\"><\/div>\n\n\n\n<p>\u00abContamos con&nbsp;an\u00e1lisis f\u00edsico-qu\u00edmicos sensoriales de muestras trazables, es decir, de muestras de las que conocemos perfectamente el origen, la zona de la cual proviene esa materia prima, el&nbsp;\u00edndice de madurez con el cual se cosecharon,&nbsp;el sistema de molienda&nbsp;y el producto final que obtuvimos\u00bb, subray\u00f3 Mir\u00e1bile, codirectora de este trabajo que, a su vez, dirige Araniti, y que obtuvo&nbsp;financiamiento&nbsp;de la&nbsp;<strong>Secretar\u00eda de Investigaci\u00f3n, Internacionales y Posgrado&nbsp;(SIIP).<\/strong>&nbsp;<\/p>\n\n\n\n<div style=\"height:20px\" aria-hidden=\"true\" class=\"wp-block-spacer\"><\/div>\n\n\n\n<div class=\"wp-block-image\"><figure class=\"aligncenter size-large\"><img loading=\"lazy\" decoding=\"async\" width=\"676\" height=\"500\" src=\"https:\/\/enolife.com.ar\/es\/wp-content\/uploads\/2021\/10\/dsc8221-1_500_765.jpg\" alt=\"\" class=\"wp-image-45990\" srcset=\"https:\/\/enolife.com.ar\/es\/wp-content\/uploads\/2021\/10\/dsc8221-1_500_765.jpg 676w, https:\/\/enolife.com.ar\/es\/wp-content\/uploads\/2021\/10\/dsc8221-1_500_765-300x222.jpg 300w, https:\/\/enolife.com.ar\/es\/wp-content\/uploads\/2021\/10\/dsc8221-1_500_765-585x433.jpg 585w\" sizes=\"auto, (max-width: 676px) 100vw, 676px\" \/><figcaption><em><strong>AOVE de la Facultad de Ciencias Agrarias de la UNCuyo<\/strong><\/em><\/figcaption><\/figure><\/div>\n\n\n\n<div style=\"height:20px\" aria-hidden=\"true\" class=\"wp-block-spacer\"><\/div>\n\n\n\n<p>Las muestras en estudio&nbsp;no s\u00f3lo provienen de aceites de oliva v\u00edrgenes de la F\u00e1brica de la Facultad, sino que tambi\u00e9n se utilizan muestras de socios de la&nbsp;Asociaci\u00f3n Oliv\u00edcola de Mendoza&nbsp;(Asolmen). \u00abA estos aceites, de los cuales conocemos las variedades empleadas, la zona de procedencia, el m\u00e9todo&nbsp;de extracci\u00f3n y condiciones de conservaci\u00f3n, les evaluamos su calidad a trav\u00e9s de los atributos sensoriales, obtenemos sus perfiles y posteriormente se realizan los an\u00e1lisis f\u00edsico-qu\u00edmicos que permitan diferenciarlos\u00bb, relat\u00f3 Araniti.&nbsp;<\/p>\n\n\n\n<div style=\"height:20px\" aria-hidden=\"true\" class=\"wp-block-spacer\"><\/div>\n\n\n\n<p class=\"has-medium-font-size\"> <strong>IG: car\u00e1cter distintivo y sello de calidad<\/strong><\/p>\n\n\n\n<p>Desde la UNCuyo est\u00e1n convencidos que poder&nbsp;acceder a&nbsp;la IG&nbsp;va a ser muy positivo para el sector. Entienden que&nbsp;puede servir como&nbsp;herramienta comercial para ganar nuevos mercados, para&nbsp;revertir la tala de olivos, la&nbsp;reconversi\u00f3n&nbsp;o el&nbsp;abandono de la olivicultura por negocios inmobiliarios. \u00abEs empezar a&nbsp;beneficiar al productor oliv\u00edcola mendocino, para que tenga un&nbsp;valor agregado, un&nbsp;diferencial, es&nbsp;apoyar a la olivicultura&nbsp;que ha sido una actividad de a\u00f1os en nuestro pa\u00eds y nuestra provincia\u00bb, enfatiz\u00f3 Mir\u00e1bile.<\/p>\n\n\n\n<div style=\"height:20px\" aria-hidden=\"true\" class=\"wp-block-spacer\"><\/div>\n\n\n\n<p class=\"has-background has-very-light-gray-background-color\"><strong>Ver nota Enolife: <a href=\"https:\/\/enolife.com.ar\/es\/el-inv-ayuda-con-analisis-de-laboratorio-para-lograr-la-ig-aceite-de-oliva-virgen-extra-norte-mendoza\/\">El INV ayuda con an\u00e1lisis de laboratorio para lograr la IG Aceite de Oliva Virgen Extra Norte Mendoza<\/a><\/strong><\/p>\n\n\n\n<div style=\"height:20px\" aria-hidden=\"true\" class=\"wp-block-spacer\"><\/div>\n\n\n\n<p>Lograr la&nbsp;identificaci\u00f3n&nbsp;del aceite de oliva&nbsp;como originario de un lugar, cuyo entorno geogr\u00e1fico hace que desarrolle cualidades espec\u00edficas,&nbsp;le confiere un car\u00e1cter distintivo y un sello de calidad. \u00abLa combinaci\u00f3n de nuestro clima con todo lo que hace al manejo del olivar y a las variedades de oliva que hoy tenemos en Mendoza, nos permite obtener aceites de muy buena calidad, con algunas caracter\u00edsticas distintas a los obtenidos en otras zonas del pa\u00eds\u00bb, aseguraron las investigadoras.<\/p>\n\n\n\n<div style=\"height:20px\" aria-hidden=\"true\" class=\"wp-block-spacer\"><\/div>\n\n\n\n<div class=\"wp-block-image\"><figure class=\"aligncenter size-large is-resized\"><img loading=\"lazy\" decoding=\"async\" src=\"https:\/\/enolife.com.ar\/es\/wp-content\/uploads\/2021\/10\/dsc8181_500_765.jpg\" alt=\"\" class=\"wp-image-45987\" width=\"647\" height=\"430\" srcset=\"https:\/\/enolife.com.ar\/es\/wp-content\/uploads\/2021\/10\/dsc8181_500_765.jpg 750w, https:\/\/enolife.com.ar\/es\/wp-content\/uploads\/2021\/10\/dsc8181_500_765-300x200.jpg 300w, https:\/\/enolife.com.ar\/es\/wp-content\/uploads\/2021\/10\/dsc8181_500_765-585x390.jpg 585w\" sizes=\"auto, (max-width: 647px) 100vw, 647px\" \/><figcaption><em><strong>Elaboraci\u00f3n de AOVE en la f\u00e1brica  de la Facultad de Ciencias Agrarias de la UNCuyo.<\/strong><\/em><\/figcaption><\/figure><\/div>\n\n\n\n<div style=\"height:20px\" aria-hidden=\"true\" class=\"wp-block-spacer\"><\/div>\n\n\n\n<p>Cuando en el 2018&nbsp;Asolmen inici\u00f3 el&nbsp;tr\u00e1mite de solicitud de IG, junto con el sector p\u00fablico, se conform\u00f3 un&nbsp;equipo interdisciplinario&nbsp;integrado por miembros de esta entidad y&nbsp;del&nbsp;IDR, la&nbsp;Facultad de Ciencias Agrarias, la&nbsp;Facultad Don Bosco, el&nbsp;INTI&nbsp;y el&nbsp;INTA, entre otras instituciones que han colaborado estos a\u00f1os.&nbsp;&nbsp;<\/p>\n\n\n\n<div style=\"height:20px\" aria-hidden=\"true\" class=\"wp-block-spacer\"><\/div>\n\n\n\n<p class=\"has-medium-font-size\"><strong>Mendoza, relegada a 2da. provincia en superficie con olivos<\/strong><\/p>\n\n\n\n<p>Durante muchos a\u00f1os,&nbsp;Mendoza supo ser la primera provincia oliv\u00edcola del pa\u00eds, tanto por la superficie que ten\u00eda cultivada por olivos, como por el volumen de producci\u00f3n de aceitunas en conserva y de aceite de oliva.&nbsp;Resultados del Censo Nacional Agropecuario 2018 indican que&nbsp;en la provincia quedan 15.984 has de olivo, solo superada por La Rioja con 26.169. Catamarca queda en tercer lugar con 15.484 has y San Juan en cuarto con 13.211.<\/p>\n\n\n\n<div style=\"height:20px\" aria-hidden=\"true\" class=\"wp-block-spacer\"><\/div>\n\n\n\n<h4 class=\"has-vivid-red-color has-text-color wp-block-heading\">Seg\u00fan el Censo Nacional Agropecuario 2018, en Mendoza hay 15.984 has de olivos, lo que la ubica en la 2da. posici\u00f3n en este rubro, s\u00f3lo superada por La Rioja con 26.169 has. <\/h4>\n\n\n\n<div style=\"height:20px\" aria-hidden=\"true\" class=\"wp-block-spacer\"><\/div>\n\n\n\n<p>\u00abEl sector oliv\u00edcola est\u00e1 lamentablemente muy descuidado.&nbsp;Mendoza ha disminuido el volumen de producci\u00f3n porque no se pudo hacer reconversi\u00f3n o no se volvieron a plantar olivos, con una estructura donde se pudiera hacer cosecha mec\u00e1nica, no cosecha manual, para aumentar los kilos cosechados y minimizar la mano de obra, para que la ecuaci\u00f3n d\u00e9\u00bb, infiri\u00f3 Mir\u00e1bile.&nbsp;<\/p>\n\n\n\n<div style=\"height:20px\" aria-hidden=\"true\" class=\"wp-block-spacer\"><\/div>\n\n\n\n<div class=\"wp-block-image\"><figure class=\"aligncenter is-resized\"><img loading=\"lazy\" decoding=\"async\" src=\"https:\/\/www.contactopropiedades.com\/image\/watermark\/3934\/hash_3df5fa4f8a2b5a66a5d5950ab3b86368?v\" alt=\"Venta de Finca en 5 Has de Olivos en Pescara s\/\\n | Inmobiliaria Contacto\" width=\"609\" height=\"457\"\/><figcaption><em><strong>Fincas de olivos abandonadas y a la venta en Maip\u00fa<\/strong><\/em><\/figcaption><\/figure><\/div>\n\n\n\n<div style=\"height:20px\" aria-hidden=\"true\" class=\"wp-block-spacer\"><\/div>\n\n\n\n<p>\u00abA ello -continu\u00f3- se agrega la&nbsp;venta de fincas con olivos para negocios inmobiliarios. Es un sector que tiempo atr\u00e1s no ten\u00eda tanta rentabilidad y donde la mayor parte de los productores son a\u00f1osos. El productor oliv\u00edcola tiene un amor hacia la olivicultura que justamente no va de la mano con la rentabilidad y las ganancias que genera. A estas alturas, en Mendoza el desarrollo inmobiliario le gan\u00f3 claramente al desarrollo oliv\u00edcola\u201d.&nbsp;<\/p>\n\n\n\n<div style=\"height:20px\" aria-hidden=\"true\" class=\"wp-block-spacer\"><\/div>\n\n\n\n<blockquote class=\"wp-block-quote is-layout-flow wp-block-quote-is-layout-flow\"><p>El sector oliv\u00edcola est\u00e1 muy descuidado. A ello se agrega la venta de fincas con olivos para negocios inmobiliarios. El desarrollo inmobiliario le gan\u00f3 claramente al desarrollo oliv\u00edcola\u00bb<\/p><cite>M\u00f3nica Mir\u00e1bile, experta en Bromatolog\u00eda e integrante del equipo de investigaci\u00b4\u00f3n.<\/cite><\/blockquote>\n\n\n\n<div style=\"height:20px\" aria-hidden=\"true\" class=\"wp-block-spacer\"><\/div>\n\n\n\n<p>A su vez, dentro de la producci\u00f3n oliv\u00edcola local,&nbsp;la variedad por excelencia es la aceituna arauco, que es al sector oliv\u00edcola lo que el malbec es a la vitivinicultura. \u00abEs el&nbsp;fruto representativo&nbsp;y, al paso que vamos, corremos el riesgo de perderlo porque va disminuyendo el volumen cosechado. En la Facultad, antiguamente, se recib\u00eda pr\u00e1cticamente un 70% &#8211; 80% de aceituna arauco y el resto era de variedades aceiteras. Hoy por hoy, tenemos un 50% &#8211; 60% de arauco\u00bb, estim\u00f3 la investigadora.&nbsp; &nbsp;<\/p>\n\n\n\n<div style=\"height:20px\" aria-hidden=\"true\" class=\"wp-block-spacer\"><\/div>\n\n\n\n<p class=\"has-medium-font-size\"><strong>El trabajo codo a codo con los productores<\/strong><\/p>\n\n\n\n<p>A la par de la producci\u00f3n propia, que obtiene de los olivos de la Facultad, en las instalaciones de la F\u00e1brica se recibe esta materia prima de productores externos. Se mantiene este&nbsp;v\u00ednculo con un grupo de entre 80 a 100 productores locales, bajo una modalidad de trabajo conocida como \u00e0 fa\u00e7on (a porcentaje, en franc\u00e9s). \u00abRecibimos aceitunas de esos productores, obtenemos el aceite, y luego les devolvemos un porcentaje de aceite, qued\u00e1ndose&nbsp;la Facultad&nbsp;con un porcentaje a modo de contraprestaci\u00f3n\u00bb, indic\u00f3 Mir\u00e1bile.&nbsp;<\/p>\n\n\n\n<div style=\"height:20px\" aria-hidden=\"true\" class=\"wp-block-spacer\"><\/div>\n\n\n\n<p class=\"has-background has-very-light-gray-background-color\"><strong>Quienes est\u00e9n interesados en adquirir los productos de la Facultad <\/strong>tienen que concurrir a la sede&nbsp;ubicada en Almirante Brown 500, Chacras de Coria,&nbsp;de lunes a viernes de 8 a 17. <strong>Por&nbsp;consultas o encargos, comunicarse al correo-e:&nbsp;<a href=\"mailto:ventas@fca.uncu.edu.ar\">ventas@fca.uncu.edu.ar<\/a>&nbsp;o al&nbsp;tel\u00e9fono 4054809, interno 61121.<\/strong><\/p>\n\n\n\n<div style=\"height:20px\" aria-hidden=\"true\" class=\"wp-block-spacer\"><\/div>\n\n\n\n<p>Adem\u00e1s de ofrecer este servicio, varios productores han logrado tramitar su&nbsp;<strong>Registro Nacional de Producto Alimenticio<\/strong>, utilizando el Registro de Establecimiento de la Facultad, lo que les permite comercializar el aceite de oliva en el canal formal.<\/p>\n\n\n\n<div style=\"height:20px\" aria-hidden=\"true\" class=\"wp-block-spacer\"><\/div>\n\n\n\n<p class=\"has-background has-very-light-gray-background-color\"><strong>Ver nota Enolife: <a href=\"https:\/\/enolife.com.ar\/es\/continua-la-produccion-y-venta-de-aceite-y-vino-en-la-fabrica-y-bodega-de-ciencias-agrarias-uncuyo\/\">Contin\u00faa la producci\u00f3n y venta de aceite y vino en la f\u00e1brica y bodega de Ciencias Agrarias UNCuyo<\/a><\/strong><\/p>\n\n\n\n<div style=\"height:20px\" aria-hidden=\"true\" class=\"wp-block-spacer\"><\/div>\n\n\n\n<p>A su vez,&nbsp;el sector oliv\u00edcola dispone del&nbsp;servicio&nbsp;de&nbsp;certificaci\u00f3n de calidad sensorial, ofrecido por el Panel de Cata&nbsp;para todos aquellos que lo necesiten.&nbsp;\u00abApoyamos al sector oliv\u00edcola, no solamente desde lo acad\u00e9mico y&nbsp;en los aspectos de investigaci\u00f3n, sino tambi\u00e9n desde los servicios que podemos ofrecer\u00bb, concluyeron las investigadoras.<\/p>\n\n\n\n<div style=\"height:20px\" aria-hidden=\"true\" class=\"wp-block-spacer\"><\/div>\n\n\n\n<p class=\"has-small-font-size\"><em><strong>Fuente: Prensa Universidad Nacional de Cuyo (UNCuyo)<\/strong><\/em><\/p>\n\n\n\n<div style=\"height:60px\" aria-hidden=\"true\" class=\"wp-block-spacer\"><\/div>\n","protected":false},"excerpt":{"rendered":"<p>Investigaciones realizadas por un equipo de la Facultad de Ciencias Agrarias (FCA) de la Universidad&hellip;<\/p>\n","protected":false},"author":3,"featured_media":45993,"comment_status":"open","ping_status":"open","sticky":false,"template":"","format":"standard","meta":{"footnotes":""},"categories":[14],"tags":[],"class_list":["post-45722","post","type-post","status-publish","format-standard","has-post-thumbnail","hentry","category-news"],"_links":{"self":[{"href":"https:\/\/enolife.com.ar\/es\/wp-json\/wp\/v2\/posts\/45722","targetHints":{"allow":["GET"]}}],"collection":[{"href":"https:\/\/enolife.com.ar\/es\/wp-json\/wp\/v2\/posts"}],"about":[{"href":"https:\/\/enolife.com.ar\/es\/wp-json\/wp\/v2\/types\/post"}],"author":[{"embeddable":true,"href":"https:\/\/enolife.com.ar\/es\/wp-json\/wp\/v2\/users\/3"}],"replies":[{"embeddable":true,"href":"https:\/\/enolife.com.ar\/es\/wp-json\/wp\/v2\/comments?post=45722"}],"version-history":[{"count":0,"href":"https:\/\/enolife.com.ar\/es\/wp-json\/wp\/v2\/posts\/45722\/revisions"}],"wp:featuredmedia":[{"embeddable":true,"href":"https:\/\/enolife.com.ar\/es\/wp-json\/wp\/v2\/media\/45993"}],"wp:attachment":[{"href":"https:\/\/enolife.com.ar\/es\/wp-json\/wp\/v2\/media?parent=45722"}],"wp:term":[{"taxonomy":"category","embeddable":true,"href":"https:\/\/enolife.com.ar\/es\/wp-json\/wp\/v2\/categories?post=45722"},{"taxonomy":"post_tag","embeddable":true,"href":"https:\/\/enolife.com.ar\/es\/wp-json\/wp\/v2\/tags?post=45722"}],"curies":[{"name":"wp","href":"https:\/\/api.w.org\/{rel}","templated":true}]}}