{"id":45538,"date":"2021-09-26T14:47:42","date_gmt":"2021-09-26T14:47:42","guid":{"rendered":"http:\/\/enolife.com.ar\/es\/?p=45538"},"modified":"2021-09-28T03:04:21","modified_gmt":"2021-09-28T03:04:21","slug":"la-comunidad-italiana-de-mendoza-celebro-a-dante-alighieri-a-700-anos-de-su-muerte","status":"publish","type":"post","link":"https:\/\/enolife.com.ar\/es\/la-comunidad-italiana-de-mendoza-celebro-a-dante-alighieri-a-700-anos-de-su-muerte\/","title":{"rendered":"La comunidad italiana de Mendoza celebr\u00f3 a Dante Alighieri a 700 a\u00f1os de su muerte"},"content":{"rendered":"\n<h4 class=\"wp-block-heading\"><em><strong>En 14 de setiembre de 1321 fallec\u00eda Dante Alighieri, autor de La Divina Comedia y padre de la cultura y la lengua italiana. En todo el mundo se honr\u00f3 su memoria y su legado con m\u00faltiples eventos, recitales de poes\u00eda, m\u00fasica y conferencias de especialistas. Y en esta provincia, con la organizaci\u00f3n del Consulado de Italia en Mendoza y la Fundaci\u00f3n Italiana de Ayuda a la Ni\u00f1ez (Fonditalia),&nbsp; hubo actividades culturales, art\u00edsticas y sociales todo el mes, que cerrar\u00e1n este pr\u00f3ximo jueves 30 de setiembre a las 11 horas con un acto en el Centro Patrimonial y Art\u00edstico Crist\u00f3foro Colombo, en Antonio Tomba 246 de Godoy Cruz, Mendoza.<\/strong><\/em><\/h4>\n\n\n\n<div style=\"height:64px\" aria-hidden=\"true\" class=\"wp-block-spacer\"><\/div>\n\n\n\n\n\n<div style=\"height:44px\" aria-hidden=\"true\" class=\"wp-block-spacer\"><\/div>\n\n\n\n<p>El martes<strong>&nbsp;14 de setiembre<\/strong>&nbsp;se cumplieron&nbsp;<strong>700 a\u00f1os del fallecimiento del venerado autor de la Divina Comedia, padre de la lengua y de la cultura de Italia. <\/strong>Como homenaje a su figura y su legado, el <strong>Consulado de Italia en Mendoza<\/strong>, junto a otros actores relacionados a la cultura italiana como la Fundaci\u00f3n Italiana de Ayuda a la Ni\u00f1ez (<strong>Fonditalia<\/strong>) y la <strong>Sociedad Dante Alighieri de Mendoza<\/strong>, con apoyo de la <strong>Municipalidad de Mendoza<\/strong>, la <strong>Legislatura<\/strong> provincial y el <strong>Hotel Park Hyatt<\/strong>, llevaron a cabo una nutrida agenda de&nbsp;actividades durante todo este mes de setiembre.<\/p>\n\n\n\n<div style=\"height:20px\" aria-hidden=\"true\" class=\"wp-block-spacer\"><\/div>\n\n\n\n<div class=\"wp-block-image\"><figure class=\"aligncenter is-resized\"><img loading=\"lazy\" decoding=\"async\" src=\"https:\/\/www.losandes.com.ar\/resizer\/UBm51D0M3YGv4ZuARry2UNt6NIs=\/2592x1456\/smart\/cloudfront-us-east-1.images.arcpublishing.com\/grupoclarin\/ME4TSNRYMEZWINJXMNRGMZBRGA.jpg\" alt=\"\" width=\"671\" height=\"375\"\/><figcaption><em><strong>El Consulado de Italia en Mendoza, fuerte impulsor de las actividades de homenaje al Dante, que contribuyen a estrechar el v\u00ednculo entre la provincia y la Pen\u00ednsula.<\/strong><\/em><\/figcaption><\/figure><\/div>\n\n\n\n<div style=\"height:20px\" aria-hidden=\"true\" class=\"wp-block-spacer\"><\/div>\n\n\n\n<p>En el cierre de los homenajes, habr\u00e1 una charla el jueves 30 de setiembre a las 11 hs. en uno de los sitios emblem\u00e1ticos de la comunidad peninsular, el Ce<strong>ntro Patrimonial y Art\u00edstico Crist\u00f3foro Colombo<\/strong>, sito en Antonio Tomba 246 de Godoy Cruz, Mendoza. <\/p>\n\n\n\n<div style=\"height:20px\" aria-hidden=\"true\" class=\"wp-block-spacer\"><\/div>\n\n\n\n<p class=\"has-medium-font-size\"><strong>El libro m\u00e1s le\u00eddo despu\u00e9s de la Biblia<\/strong><\/p>\n\n\n\n<p>El presidente de Fonditalia, <strong>Nicol\u00e1s Loconte<\/strong>, se refiri\u00f3 a la importancia de la obra del Dante: \u00abLa Divina Comedia es la base de la literatura, la cultura y del idioma italiano,&nbsp;es el&nbsp;libro m\u00e1s traducido&nbsp;en el mundo despu\u00e9s de la&nbsp;biblia. Es un aporte a la literatura, a la historia y al enfoque de la teolog\u00eda desde la \u00f3ptica del&nbsp;bien y del mal\u00bb.<\/p>\n\n\n\n<div style=\"height:20px\" aria-hidden=\"true\" class=\"wp-block-spacer\"><\/div>\n\n\n\n<div class=\"wp-block-image\"><figure class=\"aligncenter size-large is-resized\"><img loading=\"lazy\" decoding=\"async\" src=\"https:\/\/enolife.com.ar\/es\/wp-content\/uploads\/2021\/09\/LaDivinaComedia_AutorDomenicoDiMichelinoDominioPublico_050515.jpg\" alt=\"\" class=\"wp-image-45543\" width=\"665\" height=\"369\" srcset=\"https:\/\/enolife.com.ar\/es\/wp-content\/uploads\/2021\/09\/LaDivinaComedia_AutorDomenicoDiMichelinoDominioPublico_050515.jpg 900w, https:\/\/enolife.com.ar\/es\/wp-content\/uploads\/2021\/09\/LaDivinaComedia_AutorDomenicoDiMichelinoDominioPublico_050515-300x167.jpg 300w, https:\/\/enolife.com.ar\/es\/wp-content\/uploads\/2021\/09\/LaDivinaComedia_AutorDomenicoDiMichelinoDominioPublico_050515-768x427.jpg 768w, https:\/\/enolife.com.ar\/es\/wp-content\/uploads\/2021\/09\/LaDivinaComedia_AutorDomenicoDiMichelinoDominioPublico_050515-585x325.jpg 585w\" sizes=\"auto, (max-width: 665px) 100vw, 665px\" \/><figcaption><em><strong>El 14 de setiembre de 2021 se cumplieron 700 a\u00f1os del fallecimiento del gran poeta Dante Alighieri, padre de la cultura y la lengua italiana.<\/strong><\/em><\/figcaption><\/figure><\/div>\n\n\n\n<div style=\"height:20px\" aria-hidden=\"true\" class=\"wp-block-spacer\"><\/div>\n\n\n\n<p>Por su parte, el c\u00f3nsul de Italia en Mendoza, <strong>Piero Vaira<\/strong>, manifest\u00f3: \u00abEstamos aqu\u00ed para&nbsp;fortalecer los lazos entre Italia y Argentina, y los ciudadanos siempre estuvieron presentes. Por ello es que, a trav\u00e9s de celebraciones como esta, invitamos a la comunidad a descubrir nuestra&nbsp;cultura, idioma y tradiciones. Italia y Argentina tienen muchos elementos en com\u00fan, como son&nbsp;arte, cultura y deporte\u00bb.<\/p>\n\n\n\n<div style=\"height:20px\" aria-hidden=\"true\" class=\"wp-block-spacer\"><\/div>\n\n\n\n<p class=\"has-background has-cyan-bluish-gray-background-color\">La&nbsp;<strong>Divina Comedia<\/strong> es la creaci\u00f3n m\u00e1s importante del poeta italiano <strong>Dante Alighieri<\/strong>, y una de las obras fundamentales de la transici\u00f3n del pensamiento medieval (teocentrista) al renacentista (antropocentrista). Es considerada la obra maestra de la literatura italiana y una de las cumbres de la literatura universal. <strong>Fue escrita en el transcurso de los a\u00f1os 1304 a 1321<\/strong> y consta de tres partes fundamentales: <strong>Infierno, Purgatorio y Para\u00edso.<\/strong><\/p>\n\n\n\n<div style=\"height:58px\" aria-hidden=\"true\" class=\"wp-block-spacer\"><\/div>\n\n\n\n<p><\/p>\n","protected":false},"excerpt":{"rendered":"<p>En 14 de setiembre de 1321 fallec\u00eda Dante Alighieri, autor de La Divina Comedia y&hellip;<\/p>\n","protected":false},"author":3,"featured_media":45547,"comment_status":"open","ping_status":"open","sticky":false,"template":"","format":"standard","meta":{"footnotes":""},"categories":[47],"tags":[],"class_list":["post-45538","post","type-post","status-publish","format-standard","has-post-thumbnail","hentry","category-agenda"],"_links":{"self":[{"href":"https:\/\/enolife.com.ar\/es\/wp-json\/wp\/v2\/posts\/45538","targetHints":{"allow":["GET"]}}],"collection":[{"href":"https:\/\/enolife.com.ar\/es\/wp-json\/wp\/v2\/posts"}],"about":[{"href":"https:\/\/enolife.com.ar\/es\/wp-json\/wp\/v2\/types\/post"}],"author":[{"embeddable":true,"href":"https:\/\/enolife.com.ar\/es\/wp-json\/wp\/v2\/users\/3"}],"replies":[{"embeddable":true,"href":"https:\/\/enolife.com.ar\/es\/wp-json\/wp\/v2\/comments?post=45538"}],"version-history":[{"count":0,"href":"https:\/\/enolife.com.ar\/es\/wp-json\/wp\/v2\/posts\/45538\/revisions"}],"wp:featuredmedia":[{"embeddable":true,"href":"https:\/\/enolife.com.ar\/es\/wp-json\/wp\/v2\/media\/45547"}],"wp:attachment":[{"href":"https:\/\/enolife.com.ar\/es\/wp-json\/wp\/v2\/media?parent=45538"}],"wp:term":[{"taxonomy":"category","embeddable":true,"href":"https:\/\/enolife.com.ar\/es\/wp-json\/wp\/v2\/categories?post=45538"},{"taxonomy":"post_tag","embeddable":true,"href":"https:\/\/enolife.com.ar\/es\/wp-json\/wp\/v2\/tags?post=45538"}],"curies":[{"name":"wp","href":"https:\/\/api.w.org\/{rel}","templated":true}]}}