{"id":45473,"date":"2021-09-24T21:31:00","date_gmt":"2021-09-24T21:31:00","guid":{"rendered":"http:\/\/enolife.com.ar\/es\/?p=45473"},"modified":"2021-09-27T01:31:54","modified_gmt":"2021-09-27T01:31:54","slug":"con-4-aviones-4-radares-y-10-generadores-de-superficie-arranco-la-lucha-antigranizo-en-mendoza","status":"publish","type":"post","link":"https:\/\/enolife.com.ar\/es\/con-4-aviones-4-radares-y-10-generadores-de-superficie-arranco-la-lucha-antigranizo-en-mendoza\/","title":{"rendered":"Con 4 aviones, 4 radares y 10 generadores de superficie arranc\u00f3 la lucha antigranizo en Mendoza"},"content":{"rendered":"\n<h4 class=\"wp-block-heading\"><em><strong>Antes de la fecha prevista (el 1\/10) para el inicio oficial de la temporada de mitigaci\u00f3n de tormentas graniceras, y frente a la formaci\u00f3n de nubes con riesgo en Rivadavia y Luj\u00e1n, el 22\/9, se realizaron acciones para atenuar posibles da\u00f1os en \u00e1reas cultivadas cercanas al dique El Carrizal.<\/strong><\/em><\/h4>\n\n\n\n<div style=\"height:20px\" aria-hidden=\"true\" class=\"wp-block-spacer\"><\/div>\n\n\n\n\n\n<div style=\"height:63px\" aria-hidden=\"true\" class=\"wp-block-spacer\"><\/div>\n\n\n\n<p>El <strong>Sistema de Mitigaci\u00f3n de Graniz<\/strong>o, gestionado por el <strong>Gobierno de Mendoza<\/strong>, oper\u00f3 por primera vez en la temporada 2021-2022. Las tareas se desarrollaron en <strong>Luj\u00e1n de Cuyo<\/strong> y <strong>Rivadavia <\/strong>en la tarde-noche del mi\u00e9rcoles 22\/9.<\/p>\n\n\n\n<p>El operativo comenz\u00f3 a las 19 hs y finaliz\u00f3 a las 20.30 hs. Se trabaj\u00f3 con un avi\u00f3n que realiz\u00f3 vuelos de patrulla y siembra de ioduro de plata en nubes sobre <strong>Carrizal de Arriba<\/strong>, <strong>Ugarteche<\/strong> y <strong>Agrelo<\/strong>. De acuerdo con el informe de los radares, en las zonas cultivadas se registraron lluvias moderadas en <strong>Carrizal de Arriba, El Carrizal, Ugarteche, Agrelo, Barrancas y Lunlunta<\/strong>, y ca\u00edda de granizo peque\u00f1o en <strong>Carrizal del Medio<\/strong>.<\/p>\n\n\n\n<p>La Campa\u00f1a de Mitigaci\u00f3n de Granizo 2021-2022 se iniciar\u00e1 oficialmente el 1 de octubre, como marca el calendario, pero desde el 15 de setiembre radaristas, pilotos y mec\u00e1nicos mantienen guardias de emergencias en los centros operativos ubicados en la <strong>IV Brigada A\u00e9rea, en Las Heras<\/strong>, y en el <strong>Aeropuerto de San Rafael<\/strong>.<\/p>\n\n\n\n<p>El Sistema de Mitigaci\u00f3n en esta temporada contar\u00e1 con los <strong>4 aviones Piper Cheyenne<\/strong>, 4 radares meteorol\u00f3gicos y una red de 10 generadores de superficie en el <strong>Valle de Uco<\/strong>.<\/p>\n\n\n\n<p>Durante los meses de receso se hicieron mejoras significativas en los recursos tecnol\u00f3gicos del sistema. Adem\u00e1s del mantenimiento preventivo y correctivo en las 4 aeronaves, se digitalizaron las cabinas de dos ellas y se remplazaron componentes tecnol\u00f3gicos para operar los radares meteorol\u00f3gicos. Estos adelantos permitir\u00e1n mejorar la seguridad de los pilotos, bajar los costos de reparaci\u00f3n y actuar con mayor celeridad. En estas reformas se invirtieron m\u00e1s de <strong>100 millones de pesos<\/strong>.<\/p>\n\n\n\n<div style=\"height:25px\" aria-hidden=\"true\" class=\"wp-block-spacer\"><\/div>\n\n\n\n<p class=\"has-small-font-size\"><em><strong>Fuente: Gobierno de Mendoza<\/strong><\/em><\/p>\n\n\n\n<div style=\"height:31px\" aria-hidden=\"true\" class=\"wp-block-spacer\"><\/div>\n","protected":false},"excerpt":{"rendered":"<p>Antes de la fecha prevista (el 1\/10) para el inicio oficial de la temporada de&hellip;<\/p>\n","protected":false},"author":3,"featured_media":45488,"comment_status":"open","ping_status":"open","sticky":false,"template":"","format":"standard","meta":{"footnotes":""},"categories":[14],"tags":[],"class_list":["post-45473","post","type-post","status-publish","format-standard","has-post-thumbnail","hentry","category-news"],"_links":{"self":[{"href":"https:\/\/enolife.com.ar\/es\/wp-json\/wp\/v2\/posts\/45473","targetHints":{"allow":["GET"]}}],"collection":[{"href":"https:\/\/enolife.com.ar\/es\/wp-json\/wp\/v2\/posts"}],"about":[{"href":"https:\/\/enolife.com.ar\/es\/wp-json\/wp\/v2\/types\/post"}],"author":[{"embeddable":true,"href":"https:\/\/enolife.com.ar\/es\/wp-json\/wp\/v2\/users\/3"}],"replies":[{"embeddable":true,"href":"https:\/\/enolife.com.ar\/es\/wp-json\/wp\/v2\/comments?post=45473"}],"version-history":[{"count":0,"href":"https:\/\/enolife.com.ar\/es\/wp-json\/wp\/v2\/posts\/45473\/revisions"}],"wp:featuredmedia":[{"embeddable":true,"href":"https:\/\/enolife.com.ar\/es\/wp-json\/wp\/v2\/media\/45488"}],"wp:attachment":[{"href":"https:\/\/enolife.com.ar\/es\/wp-json\/wp\/v2\/media?parent=45473"}],"wp:term":[{"taxonomy":"category","embeddable":true,"href":"https:\/\/enolife.com.ar\/es\/wp-json\/wp\/v2\/categories?post=45473"},{"taxonomy":"post_tag","embeddable":true,"href":"https:\/\/enolife.com.ar\/es\/wp-json\/wp\/v2\/tags?post=45473"}],"curies":[{"name":"wp","href":"https:\/\/api.w.org\/{rel}","templated":true}]}}