{"id":45456,"date":"2021-09-24T20:04:07","date_gmt":"2021-09-24T20:04:07","guid":{"rendered":"http:\/\/enolife.com.ar\/es\/?p=45456"},"modified":"2021-09-26T14:49:59","modified_gmt":"2021-09-26T14:49:59","slug":"se-viene-tango-por-los-caminos-del-vino-del-7-al-17-de-octubre-con-los-mejores-artistas-de-mendoza","status":"publish","type":"post","link":"https:\/\/enolife.com.ar\/es\/se-viene-tango-por-los-caminos-del-vino-del-7-al-17-de-octubre-con-los-mejores-artistas-de-mendoza\/","title":{"rendered":"Se viene Tango por los Caminos del Vino, del 7 al 17 de octubre con los mejores artistas de Mendoza"},"content":{"rendered":"\n<h4 class=\"wp-block-heading\"><em><strong>Se divulg\u00f3 la lista completa de m\u00fasicos, bailarines y cantantes que interpretar\u00e1n la m\u00fasica argentina elegida por la Unesco como Patrimonio Cultural Inmaterial de la Humanidad. Un jurado de notables los seleccion\u00f3 para actuar entre vi\u00f1as y bodegas en la XII edici\u00f3n del Festival que atrae visitantes del pa\u00eds y el exterior. \u00a1Conoc\u00e9 a esta verdadera selecci\u00f3n del 2&#215;4 vern\u00e1culo! <\/strong><\/em><\/h4>\n\n\n\n<div style=\"height:20px\" aria-hidden=\"true\" class=\"wp-block-spacer\"><\/div>\n\n\n\n\n\n<div style=\"height:53px\" aria-hidden=\"true\" class=\"wp-block-spacer\"><\/div>\n\n\n\n<div style=\"height:20px\" aria-hidden=\"true\" class=\"wp-block-spacer\"><\/div>\n\n\n\n<p>Este encuentro, a lo largo de los a\u00f1os, se ha convertido en uno de los festivales m\u00e1s reconocidos de la provincia, tanto por la calidad de los artistas mendocinos que rinden culto al tango como por la enorme convocatoria de p\u00fablico que genera. Adem\u00e1s, constituye un im\u00e1n para los turistas locales y extranjeros. <\/p>\n\n\n\n<p>Entre los objetivos del <strong>Festival Tango por los Caminos del Vin<\/strong>o, que este a\u00f1o se realizar\u00e1 en distintas locaciones de todo el territorio provincial, se destacan la promoci\u00f3n y difusi\u00f3n de la m\u00fasica y la danza del g\u00e9nero que nos representa en el mundo, contemplando siempre la riqueza particular de sus diversas expresiones musicales y considerando que constituyen un bien patrimonial intangible de la humanidad, que pertenece a todos.<\/p>\n\n\n\n<p>Los artistas que participar\u00e1n en esta XII edici\u00f3n fueron convocados mediante concurso abierto y seleccionados por un jurado de referentes locales, integrado por los maestros Fernando Ballesteros, Iv\u00e1n Mart\u00ednez, Carola Sosa, Juan Ignacio Rojas y Facundo Lineros.<\/p>\n\n\n\n<p>Entre los criterios de evaluaci\u00f3n, el jurado consider\u00f3 la calidad art\u00edstica, la interpretaci\u00f3n, t\u00e9cnica, creatividad de la propuesta, musicalidad, estilo e interpretaci\u00f3n y antecedentes de los artistas o grupos.<\/p>\n\n\n\n<p>En los espect\u00e1culos participar\u00e1n bailarines, cantantes acompa\u00f1ados por m\u00fasicos en vivo, int\u00e9rpretes solistas, en diversos formatos de formaci\u00f3n, grupos u orquestas de c\u00e1mara, en todos los casos con m\u00fasica en vivo.<\/p>\n\n\n\n<div style=\"height:20px\" aria-hidden=\"true\" class=\"wp-block-spacer\"><\/div>\n\n\n\n<p class=\"has-background has-very-light-gray-background-color\"><strong>Seleccionados en categor\u00eda Danza:<br><\/strong><br>Javier Jofr\u00e9 y Paola Valdivia<br>Emanuel Mar\u00edn y Lola Guti\u00e9rrez<br>Carlos Chamorro y Damaris Aveiro<br>Franco Andrada y Ailin Rutchle<br>\u00c1gueda Mansilla y Joel Tempesti<br>Romina Moreno y Franco Sosa<br>Rosario Gim\u00e9nez y Juan Pablo Valdebenito<br>Juan Olave y \u00c1ngela Lineros<br>Carlos Trigo y Cecilia Herrera<br>Virginia P\u00e1ez y Dami\u00e1n Romera<br>Mar\u00eda Vieyto<br>Leandro Cazzanelli y Vanina M\u00e9ndez<br>Giovanna Tomba y Gabriel Sosa<br>Gustavo Corval\u00e1n y Caterina Videla<br>Cintia N\u00fa\u00f1ez<br>Luis Campos y Daniela \u00c1brego<br>Cecilia P\u00e9rez y Dami\u00e1n Romera<br>Katherina Guinez y Ram\u00f3n Villegas<br>Marcos Verdier<br>Ana Bel\u00e9n Corval\u00e1n y Franco Sosa<br>Carlos Nievas y Cecilia Arco<br>Yanina Cuello y Walter Cuello<br>D\u00e9bora Corval\u00e1n y Miguel Moyano<br>Camila Ortiz y Facundo Schaffer<\/p>\n\n\n\n<div style=\"height:20px\" aria-hidden=\"true\" class=\"wp-block-spacer\"><\/div>\n\n\n\n<p class=\"has-background has-very-light-gray-background-color\"><strong>Seleccionados en categor\u00eda M\u00fasica:<br><\/strong><br>Contramarca Tango<br>Astillero Tango<br>Tango Nuestro<br>Colombo-P\u00e9rez-Colombo<br>Tr\u00edo Dalla Torre-Puebla-Bruno<br>Enzo De Lucca y Los Negroni<br>Tr\u00edo Tanguero<br>\u00c9rica Ritman<br>Quinteto Ciudad<br>Cuarteto de Guitarras Eco<br>Cuarteto de Cuerdas Nuevo Mundo<br>Tr\u00edo de Tango Riolobo-Ibire-Riolobo<br>Arkus del Nuevo Mundo<br>Confurcios<br>D\u00fao Tapia-Mart\u00edn<br>Cuarteto Gauchos del Arrabal <br>Ensamble Arkus<br>Brasstor Quinteto<br>Ser\u00e9 Tango<br>El Rebusque<br>Piazzollazo Quinteto<br>Fabrizio Amicarelli Tango Ensamble<br>Tohme-Ibire-Galv\u00e1n Tr\u00edo<br>Ricardo Dimar\u00eda y la Orquesta de los Categ\u00f3ricos Diamantes<\/p>\n\n\n\n<div style=\"height:43px\" aria-hidden=\"true\" class=\"wp-block-spacer\"><\/div>\n","protected":false},"excerpt":{"rendered":"<p>Se divulg\u00f3 la lista completa de m\u00fasicos, bailarines y cantantes que interpretar\u00e1n la m\u00fasica argentina&hellip;<\/p>\n","protected":false},"author":3,"featured_media":45471,"comment_status":"open","ping_status":"open","sticky":false,"template":"","format":"standard","meta":{"footnotes":""},"categories":[34],"tags":[],"class_list":["post-45456","post","type-post","status-publish","format-standard","has-post-thumbnail","hentry","category-cultura1"],"_links":{"self":[{"href":"https:\/\/enolife.com.ar\/es\/wp-json\/wp\/v2\/posts\/45456","targetHints":{"allow":["GET"]}}],"collection":[{"href":"https:\/\/enolife.com.ar\/es\/wp-json\/wp\/v2\/posts"}],"about":[{"href":"https:\/\/enolife.com.ar\/es\/wp-json\/wp\/v2\/types\/post"}],"author":[{"embeddable":true,"href":"https:\/\/enolife.com.ar\/es\/wp-json\/wp\/v2\/users\/3"}],"replies":[{"embeddable":true,"href":"https:\/\/enolife.com.ar\/es\/wp-json\/wp\/v2\/comments?post=45456"}],"version-history":[{"count":0,"href":"https:\/\/enolife.com.ar\/es\/wp-json\/wp\/v2\/posts\/45456\/revisions"}],"wp:featuredmedia":[{"embeddable":true,"href":"https:\/\/enolife.com.ar\/es\/wp-json\/wp\/v2\/media\/45471"}],"wp:attachment":[{"href":"https:\/\/enolife.com.ar\/es\/wp-json\/wp\/v2\/media?parent=45456"}],"wp:term":[{"taxonomy":"category","embeddable":true,"href":"https:\/\/enolife.com.ar\/es\/wp-json\/wp\/v2\/categories?post=45456"},{"taxonomy":"post_tag","embeddable":true,"href":"https:\/\/enolife.com.ar\/es\/wp-json\/wp\/v2\/tags?post=45456"}],"curies":[{"name":"wp","href":"https:\/\/api.w.org\/{rel}","templated":true}]}}