{"id":45450,"date":"2021-09-27T02:41:11","date_gmt":"2021-09-27T02:41:11","guid":{"rendered":"http:\/\/enolife.com.ar\/es\/?p=45450"},"modified":"2021-09-28T03:52:54","modified_gmt":"2021-09-28T03:52:54","slug":"prosigue-el-ciclo-del-foro-diplomatico-con-una-charla-sobre-gestion-de-riesgo-de-desastres-en-pymes","status":"publish","type":"post","link":"https:\/\/enolife.com.ar\/es\/prosigue-el-ciclo-del-foro-diplomatico-con-una-charla-sobre-gestion-de-riesgo-de-desastres-en-pymes\/","title":{"rendered":"Prosigue el ciclo del Foro Diplom\u00e1tico con una charla sobre gesti\u00f3n de riesgo de desastres en pymes"},"content":{"rendered":"\n<h4 class=\"wp-block-heading\"><em><strong>La pandemia gener\u00f3 situaciones de crisis para muchas peque\u00f1as y medianas empresas en todo el mundo. Algunas colapsaron, otras apenas sobrevivieron y las menos aprovecharon la oportunidad y crecieron. Pero todas pasaron por terremotos que exigieron una gesti\u00f3n extrema para salir del problema. \u00bfC\u00f3mo hicieron las exitosas? \u00bfPor qu\u00e9 se hundieron las m\u00e1s fr\u00e1giles? Sobre este tema, el especialista guatemalteco Jorge D. Calvo Drago aportar\u00e1 su experiencia en la 10ma. charla del Ciclo 2021 Pymes que ofrece el Foro Diplom\u00e1tico en Mendoza (FDM). Ser\u00e1 el 28\/9\/21 a las 19 hora de Argentina, con libre acceso previa inscripci\u00f3n.<\/strong><\/em><\/h4>\n\n\n\n<div style=\"height:36px\" aria-hidden=\"true\" class=\"wp-block-spacer\"><\/div>\n\n\n<a href=\"https:\/\/www.instagram.com\/vinventions.sudamerica\/\" aria-label=\"Banner_Subr_1700x500\"><img loading=\"lazy\" decoding=\"async\" src=\"https:\/\/enolife.com.ar\/es\/wp-content\/uploads\/2019\/07\/Banner_Subr_1700x500.gif\" alt=\"\"  width=\"1700\" height=\"501\"   \/><\/a>\n\n\n<div style=\"height:57px\" aria-hidden=\"true\" class=\"wp-block-spacer\"><\/div>\n\n\n\n<p>Durante 2021, el Foro Diplom\u00e1tico en Mendoza (FDM) ha organizado un ciclo de charlas especialmente dedicado a las peque\u00f1as y medianas empresas (pymes), destinado a conocer las diversas experiencias internacionales relacionadas con estas organizaciones, y las pol\u00edticas de los gobiernos para mejorar su situaci\u00f3n con motivo de los confinamientos dispuestos para atenuar los efectos del covid 19. Tambi\u00e9n, la idea es ofrecer recomendaciones y buenas pr\u00e1cticas, aconsejadas por diversos expertos frente a las adversidades propias de tal situaci\u00f3n.<\/p>\n\n\n\n<div style=\"height:20px\" aria-hidden=\"true\" class=\"wp-block-spacer\"><\/div>\n\n\n\n<div class=\"wp-block-image\"><figure class=\"alignleft size-large is-resized\"><img loading=\"lazy\" decoding=\"async\" src=\"https:\/\/enolife.com.ar\/es\/wp-content\/uploads\/2021\/09\/Imagen1-13.jpg\" alt=\"\" class=\"wp-image-45561\" width=\"334\" height=\"407\" srcset=\"https:\/\/enolife.com.ar\/es\/wp-content\/uploads\/2021\/09\/Imagen1-13.jpg 590w, https:\/\/enolife.com.ar\/es\/wp-content\/uploads\/2021\/09\/Imagen1-13-246x300.jpg 246w, https:\/\/enolife.com.ar\/es\/wp-content\/uploads\/2021\/09\/Imagen1-13-585x714.jpg 585w\" sizes=\"auto, (max-width: 334px) 100vw, 334px\" \/><\/figure><\/div>\n\n\n\n<p>El ciclo se desarrolla con diversos conversatorios, en los que se invitan a uno o m\u00e1s oradores para que hablen sobre el tema.<\/p>\n\n\n\n<p>Los conversatorios son conducidos por Otto Loesener, quien es presidente y fundador de IQ S.A.; ha sido gerente de Programas y Proyectos en la Organizaci\u00f3n de las Naciones Unidas para el Desarrollo Industrial (Onudi) y es miembro del FDM.<\/p>\n\n\n\n<p>En esta oportunidad, el especialista Jorge D. Calvo Drago se referir\u00e1 al tema \u00abElementos de Gesti\u00f3n de Riesgo de desastres para Pymes\u00bb. Calvo Drago es consultor internacional senior en materia de pol\u00edticas p\u00fablicas, planificaci\u00f3n estrat\u00e9gica, gesti\u00f3n por resultados, gesti\u00f3n de riesgo de desastres y gesti\u00f3n de informaci\u00f3n y profesor investigador, coordinador acad\u00e9mico de la Flacso Sede Guatemala.<\/p>\n\n\n\n<p class=\"has-background has-very-light-gray-background-color\"><strong>Martes 28 de setiembre 2021 a las 19 horas de Argentina.<\/strong><br>Evento Online.<br><strong>Para reservas sin costo: <a href=\"https:\/\/www.eventbrite.com.ar\/e\/fdm-ciclo-2021-pymes-virtual-charla-10-tickets-176723162737\">AQU\u00cd<\/a><br><\/strong>Transmisi\u00f3n en vivo a trav\u00e9s de YouTube Live.<\/p>\n\n\n\n<div style=\"height:20px\" aria-hidden=\"true\" class=\"wp-block-spacer\"><\/div>\n\n\n\n<p>Las preguntas de los participantes podr\u00e1n enriquecer el debate, y a ese efecto se habilitar\u00e1 un chat durante la transmisi\u00f3n en vivo, de manera tal que al final de la charla el expositor responder\u00e1 las inquietudes.<\/p>\n\n\n\n<div style=\"height:47px\" aria-hidden=\"true\" class=\"wp-block-spacer\"><\/div>\n","protected":false},"excerpt":{"rendered":"<p>La pandemia gener\u00f3 situaciones de crisis para muchas peque\u00f1as y medianas empresas en todo el&hellip;<\/p>\n","protected":false},"author":3,"featured_media":45564,"comment_status":"open","ping_status":"open","sticky":false,"template":"","format":"standard","meta":{"footnotes":""},"categories":[47],"tags":[],"class_list":["post-45450","post","type-post","status-publish","format-standard","has-post-thumbnail","hentry","category-agenda"],"_links":{"self":[{"href":"https:\/\/enolife.com.ar\/es\/wp-json\/wp\/v2\/posts\/45450","targetHints":{"allow":["GET"]}}],"collection":[{"href":"https:\/\/enolife.com.ar\/es\/wp-json\/wp\/v2\/posts"}],"about":[{"href":"https:\/\/enolife.com.ar\/es\/wp-json\/wp\/v2\/types\/post"}],"author":[{"embeddable":true,"href":"https:\/\/enolife.com.ar\/es\/wp-json\/wp\/v2\/users\/3"}],"replies":[{"embeddable":true,"href":"https:\/\/enolife.com.ar\/es\/wp-json\/wp\/v2\/comments?post=45450"}],"version-history":[{"count":0,"href":"https:\/\/enolife.com.ar\/es\/wp-json\/wp\/v2\/posts\/45450\/revisions"}],"wp:featuredmedia":[{"embeddable":true,"href":"https:\/\/enolife.com.ar\/es\/wp-json\/wp\/v2\/media\/45564"}],"wp:attachment":[{"href":"https:\/\/enolife.com.ar\/es\/wp-json\/wp\/v2\/media?parent=45450"}],"wp:term":[{"taxonomy":"category","embeddable":true,"href":"https:\/\/enolife.com.ar\/es\/wp-json\/wp\/v2\/categories?post=45450"},{"taxonomy":"post_tag","embeddable":true,"href":"https:\/\/enolife.com.ar\/es\/wp-json\/wp\/v2\/tags?post=45450"}],"curies":[{"name":"wp","href":"https:\/\/api.w.org\/{rel}","templated":true}]}}