{"id":45417,"date":"2021-09-24T03:09:52","date_gmt":"2021-09-24T03:09:52","guid":{"rendered":"http:\/\/enolife.com.ar\/es\/?p=45417"},"modified":"2021-09-27T02:41:39","modified_gmt":"2021-09-27T02:41:39","slug":"el-gobernador-suarez-planto-una-cepa-mendocina-en-pleno-corazon-de-buenos-aires","status":"publish","type":"post","link":"https:\/\/enolife.com.ar\/es\/el-gobernador-suarez-planto-una-cepa-mendocina-en-pleno-corazon-de-buenos-aires\/","title":{"rendered":"El gobernador Su\u00e1rez plant\u00f3 una cepa mendocina en pleno coraz\u00f3n de Buenos Aires"},"content":{"rendered":"\n<h4 class=\"wp-block-heading\"><em><strong>El jueves 23\/9, el gobernador de Mendoza, Rodolfo \u00abRody\u00bb Su\u00e1rez, junto al jefe de Gobierno de la Ciudad de Buenos Aires, Horacio Rodr\u00edguez Larreta, inauguraron el Distrito del Vino en el porte\u00f1o barrio de Villa Devoto. All\u00ed se montar\u00e1 un Museo del Vino y muestras sobre la historia de la bebida nacional y del olivo, productos emblema de la provincia de Mendoza. En toda la zona habr\u00e1 locales gastron\u00f3micos tem\u00e1ticos, con inversiones p\u00fablicas y privadas y beneficios impositivos para los emprendedores que quieran instalarse all\u00ed. En la simb\u00f3lica apertura, ambos mandatarios plantaron una vid en el centro de la plaza Arenales.<\/strong><\/em><\/h4>\n\n\n\n<div style=\"height:41px\" aria-hidden=\"true\" class=\"wp-block-spacer\"><\/div>\n\n\n<a href=\"https:\/\/www.irrigacion.gov.ar\/web\/\" aria-label=\"irrigaci\u00f3n-1700X500\"><img loading=\"lazy\" decoding=\"async\" src=\"https:\/\/enolife.com.ar\/es\/wp-content\/uploads\/2021\/02\/irrigacion-1700X500.gif\" alt=\"\"  width=\"1700\" height=\"500\"   \/><\/a>\n\n\n<div style=\"height:64px\" aria-hidden=\"true\" class=\"wp-block-spacer\"><\/div>\n\n\n\n<p>El gobernador de <strong>Mendoza, Rodolfo \u00abRody\u00bb Su\u00e1rez<\/strong>, y el <strong>jefe de Gobierno porte\u00f1o, Horacio Rodr\u00edguez Larreta<\/strong>, lanzaron este jueves 23\/9 el <strong>Distrito del Vino desde la Plaza Arenales<\/strong>, ubicada en el coraz\u00f3n del barrio porte\u00f1o de Villa Devoto. Junto a representantes de bodegas, empresarios tur\u00edsticos y gastron\u00f3micos, proveedores de la industria vitivin\u00edcola y funcionarios de ambas ciudades, los mandatarios recorrieron el distrito y plantaron una vid, s\u00edmbolo de la industria vitivin\u00edcola.<\/p>\n\n\n\n<p>En el acto estuvieron presentes la ministra de Cultura y Turismo de Mendoza, <strong>Mariana Juri<\/strong>; el intendente de la Ciudad de Mendoza, <strong>Ulpiano Su\u00e1rez<\/strong>, y los funcionarios porte\u00f1os <strong>Fernando Straface<\/strong>, secretario general y de Relaciones Internacionales; <strong>Jos\u00e9 Luis Giusti<\/strong>, ministro de Desarrollo Econ\u00f3mico y Producci\u00f3n; <strong>Lucas Delfino<\/strong>, subsecretario de Cooperaci\u00f3n Urbana Federal, y<strong> H\u00e9ctor Gatto<\/strong>, subsecretario de Bienestar Ciudadano. Acompa\u00f1aron a los funcionarios mendocinos destacados empresarios de la provincia, como el bodeguero <strong>Jos\u00e9 \u00abPepe\u00bb Zuccardi<\/strong> -tambi\u00e9n titular de la Corporaci\u00f3n Vitivin\u00edcola Argentina (Coviar)-, <strong>Jorge Palero<\/strong> -propietario de Palero Impresores y Label Solutions- y <strong>Beatriz Barbera<\/strong> -empresaria gastron\u00f3mica y referente de ese sector en Mendoza.<\/p>\n\n\n\n<div style=\"height:39px\" aria-hidden=\"true\" class=\"wp-block-spacer\"><\/div>\n\n\n\n<figure class=\"wp-block-gallery columns-2 is-cropped wp-block-gallery-1 is-layout-flex wp-block-gallery-is-layout-flex\"><ul class=\"blocks-gallery-grid\"><li class=\"blocks-gallery-item\"><figure><img loading=\"lazy\" decoding=\"async\" width=\"537\" height=\"453\" src=\"https:\/\/enolife.com.ar\/es\/wp-content\/uploads\/2021\/09\/palero-1.jpg\" alt=\"\" data-id=\"45430\" class=\"wp-image-45430\" srcset=\"https:\/\/enolife.com.ar\/es\/wp-content\/uploads\/2021\/09\/palero-1.jpg 537w, https:\/\/enolife.com.ar\/es\/wp-content\/uploads\/2021\/09\/palero-1-300x253.jpg 300w\" sizes=\"auto, (max-width: 537px) 100vw, 537px\" \/><figcaption class=\"blocks-gallery-item__caption\"><em><strong>Ulpiano Su\u00e1rez, Jos\u00e9 Zuccardi, Beatriz Barbera y Jorge Palero<\/strong><\/em><\/figcaption><\/figure><\/li><li class=\"blocks-gallery-item\"><figure><img loading=\"lazy\" decoding=\"async\" width=\"1024\" height=\"796\" src=\"https:\/\/enolife.com.ar\/es\/wp-content\/uploads\/2021\/09\/20210923161614_IMG_2603-1-1024x796.jpg\" alt=\"\" data-id=\"45431\" class=\"wp-image-45431\" srcset=\"https:\/\/enolife.com.ar\/es\/wp-content\/uploads\/2021\/09\/20210923161614_IMG_2603-1-1024x796.jpg 1024w, https:\/\/enolife.com.ar\/es\/wp-content\/uploads\/2021\/09\/20210923161614_IMG_2603-1-300x233.jpg 300w, https:\/\/enolife.com.ar\/es\/wp-content\/uploads\/2021\/09\/20210923161614_IMG_2603-1-768x597.jpg 768w, https:\/\/enolife.com.ar\/es\/wp-content\/uploads\/2021\/09\/20210923161614_IMG_2603-1-1170x909.jpg 1170w, https:\/\/enolife.com.ar\/es\/wp-content\/uploads\/2021\/09\/20210923161614_IMG_2603-1-585x455.jpg 585w, https:\/\/enolife.com.ar\/es\/wp-content\/uploads\/2021\/09\/20210923161614_IMG_2603-1.jpg 1513w\" sizes=\"auto, (max-width: 1024px) 100vw, 1024px\" \/><figcaption class=\"blocks-gallery-item__caption\"><em><strong>Jos\u00e9 Luis Giusti, Rodolfo Su\u00e1rez, Marian Juri y H\u00e9ctor Gatto<\/strong><\/em><\/figcaption><\/figure><\/li><\/ul><\/figure>\n\n\n\n<div style=\"height:20px\" aria-hidden=\"true\" class=\"wp-block-spacer\"><\/div>\n\n\n\n<p>Durante la presentaci\u00f3n, Suarez manifest\u00f3: \u00abEstamos muy orgullosos de esta iniciativa, porque todo lo que tenga que ver con el desarrollo de la vitivinicultura es parte del Modo Mendoza que queremos llevar al pa\u00eds y al mundo\u00bb.<\/p>\n\n\n\n<p>En este sentido, el mandatario mendocino agreg\u00f3: \u00abEl prestigio de nuestra vitivinicultura es un factor fundante de la marca Mendoza, porque desde hace a\u00f1os se propuso buscar y, naturalmente alcanz\u00f3, los m\u00e1s altos niveles de excelencia, consiguiendo como justo reconocimiento a su industria, al trabajo de su gente y al esfuerzo p\u00fablico\/privado, haber sido designada como una de las ocho capitales internacionales del vino, lo que ubica a Mendoza en la \u00e9lite vitivin\u00edcola internacional\u00bb.<\/p>\n\n\n\n<div style=\"height:20px\" aria-hidden=\"true\" class=\"wp-block-spacer\"><\/div>\n\n\n\n<blockquote class=\"wp-block-quote is-layout-flow wp-block-quote-is-layout-flow\"><p>El gobierno de Mendoza pone a disposici\u00f3n la herramienta Mendoza Activa para estimular la inversi\u00f3n de los mendocinos que busquen arraigar sus proyectos para la divulgaci\u00f3n de nuestra industria madre en este Distrito del Vino\u00bb.<\/p><cite>Rodolfo \u00abRody\u00bb Su\u00e1rez, gobernador de Mendoza<\/cite><\/blockquote>\n\n\n\n<div style=\"height:20px\" aria-hidden=\"true\" class=\"wp-block-spacer\"><\/div>\n\n\n\n<p>Acerca de las herramientas que el gobierno de Mendoza pone a disposici\u00f3n de los empresarios que quieran invertir en el Distrito del Vino, Su\u00e1rez destac\u00f3: \u00abDesde el gobierno de Mendoza, con el programa Mendoza Activa, que ha sido la herramienta que hemos dise\u00f1ado para contribuir a mitigar los efectos de la pandemia y recuperar la econom\u00eda y el empleo, vamos a estimular la inversi\u00f3n de los mendocinos que busquen arraigar sus proyectos para la divulgaci\u00f3n, en cualquiera de sus formas, de nuestra industria madre en este Distrito del Vino\u00bb.<\/p>\n\n\n\n<p>Rodr\u00edguez Larreta, por su parte, sostuvo: \u00abQueremos generar sinergias para potenciar el desarrollo productivo federal y promover el desarrollo de las econom\u00edas regionales m\u00e1s competitivas de la Argentina, como la vitivin\u00edcola, para generar trabajo. Este nuevo distrito ser\u00e1 una excelente vidriera nacional e internacional para bodegas de todo el pa\u00eds, a la vez que potenciar\u00e1 el turismo y la oferta gastron\u00f3mica en el barrio\u00bb.<\/p>\n\n\n\n<div style=\"height:20px\" aria-hidden=\"true\" class=\"wp-block-spacer\"><\/div>\n\n\n\n<blockquote class=\"wp-block-quote is-layout-flow wp-block-quote-is-layout-flow\"><p>Est\u00e1 bueno trabajar en equipo&#8230; Esto genera m\u00e1s trabajo, potencia a la industria vitivin\u00edcola e invita al turismo, y eso es muy importante\u00bb.<\/p><cite>Horacio Rodr\u00edguez Larreta, jefe de Gobierno de la Ciudad de Buenos Aires<\/cite><\/blockquote>\n\n\n\n<div style=\"height:20px\" aria-hidden=\"true\" class=\"wp-block-spacer\"><\/div>\n\n\n\n<p>Adem\u00e1s, el jefe de Gobierno porte\u00f1o destac\u00f3 los beneficios productivos de los distintos distritos creados, como el audiovisual y tecnol\u00f3gico. \u00abReplicamos ese mismo modelo ac\u00e1 en Devoto. La idea es darle impulso a la industria del vino, que est\u00e1 creciendo e invita al turismo, y eso es muy importante\u00bb.<\/p>\n\n\n\n<div style=\"height:20px\" aria-hidden=\"true\" class=\"wp-block-spacer\"><\/div>\n\n\n\n<div class=\"wp-block-image\"><figure class=\"aligncenter size-large\"><img loading=\"lazy\" decoding=\"async\" width=\"1024\" height=\"683\" src=\"https:\/\/enolife.com.ar\/es\/wp-content\/uploads\/2021\/09\/Imagen1-11-1024x683.jpg\" alt=\"\" class=\"wp-image-45435\" srcset=\"https:\/\/enolife.com.ar\/es\/wp-content\/uploads\/2021\/09\/Imagen1-11-1024x683.jpg 1024w, https:\/\/enolife.com.ar\/es\/wp-content\/uploads\/2021\/09\/Imagen1-11-300x200.jpg 300w, https:\/\/enolife.com.ar\/es\/wp-content\/uploads\/2021\/09\/Imagen1-11-768x512.jpg 768w, https:\/\/enolife.com.ar\/es\/wp-content\/uploads\/2021\/09\/Imagen1-11-585x390.jpg 585w, https:\/\/enolife.com.ar\/es\/wp-content\/uploads\/2021\/09\/Imagen1-11.jpg 1080w\" sizes=\"auto, (max-width: 1024px) 100vw, 1024px\" \/><figcaption><em><strong>Horacio Rodr\u00edguez Larreta y Rodolfo Su\u00e1rez<\/strong><\/em><\/figcaption><\/figure><\/div>\n\n\n\n<div style=\"height:24px\" aria-hidden=\"true\" class=\"wp-block-spacer\"><\/div>\n\n\n\n<p>Larreta resalt\u00f3 el trabajo conjunto con el gobernador mendocino y se refiri\u00f3 a los empresarios presentes: \u00abEst\u00e1 en manos de ustedes; est\u00e1 bueno esto de trabajar en equipo, y esto genera m\u00e1s trabajo, es potenciar a una de las industrias que hacen a la cultura de Argentina\u00bb.<\/p>\n\n\n\n<div style=\"height:20px\" aria-hidden=\"true\" class=\"wp-block-spacer\"><\/div>\n\n\n\n<p class=\"has-medium-font-size\"><strong>Un punto estrat\u00e9gico para Mendoza en Buenos Aires<\/strong><\/p>\n\n\n\n<p>Mendoza tendr\u00e1 un lugar estrat\u00e9gico en Buenos Aires para promocionar sus vinos y gastronom\u00eda. Ubicado entre Villa Devoto, La Paternal y Villa del Parque, el Distrito del Vino se posiciona como un espacio estrat\u00e9gico para poder abrir m\u00e1s los productos mendocinos hacia el mercado nacional e internacional.<\/p>\n\n\n\n<div style=\"height:36px\" aria-hidden=\"true\" class=\"wp-block-spacer\"><\/div>\n\n\n\n<figure class=\"wp-block-image size-large\"><img loading=\"lazy\" decoding=\"async\" width=\"1024\" height=\"683\" src=\"https:\/\/enolife.com.ar\/es\/wp-content\/uploads\/2021\/09\/76P7VOANMJGL7JFBS5WDW2PDHM-1024x683.jpg\" alt=\"\" class=\"wp-image-45427\" srcset=\"https:\/\/enolife.com.ar\/es\/wp-content\/uploads\/2021\/09\/76P7VOANMJGL7JFBS5WDW2PDHM-1024x683.jpg 1024w, https:\/\/enolife.com.ar\/es\/wp-content\/uploads\/2021\/09\/76P7VOANMJGL7JFBS5WDW2PDHM-300x200.jpg 300w, https:\/\/enolife.com.ar\/es\/wp-content\/uploads\/2021\/09\/76P7VOANMJGL7JFBS5WDW2PDHM-768x512.jpg 768w, https:\/\/enolife.com.ar\/es\/wp-content\/uploads\/2021\/09\/76P7VOANMJGL7JFBS5WDW2PDHM-1536x1024.jpg 1536w, https:\/\/enolife.com.ar\/es\/wp-content\/uploads\/2021\/09\/76P7VOANMJGL7JFBS5WDW2PDHM-1170x780.jpg 1170w, https:\/\/enolife.com.ar\/es\/wp-content\/uploads\/2021\/09\/76P7VOANMJGL7JFBS5WDW2PDHM-585x390.jpg 585w, https:\/\/enolife.com.ar\/es\/wp-content\/uploads\/2021\/09\/76P7VOANMJGL7JFBS5WDW2PDHM.jpg 1620w\" sizes=\"auto, (max-width: 1024px) 100vw, 1024px\" \/><figcaption><em><strong>Peatonal Fernandez Enciso, Villa Devoto<\/strong><\/em><\/figcaption><\/figure>\n\n\n\n<figure class=\"wp-block-gallery columns-2 is-cropped wp-block-gallery-2 is-layout-flex wp-block-gallery-is-layout-flex\"><ul class=\"blocks-gallery-grid\"><li class=\"blocks-gallery-item\"><figure><img loading=\"lazy\" decoding=\"async\" width=\"1024\" height=\"683\" src=\"https:\/\/enolife.com.ar\/es\/wp-content\/uploads\/2021\/09\/Fernandez-Enciso-peatonal-Villa-Devoto-1024x683-1.jpg\" alt=\"\" data-id=\"45426\" class=\"wp-image-45426\" srcset=\"https:\/\/enolife.com.ar\/es\/wp-content\/uploads\/2021\/09\/Fernandez-Enciso-peatonal-Villa-Devoto-1024x683-1.jpg 1024w, https:\/\/enolife.com.ar\/es\/wp-content\/uploads\/2021\/09\/Fernandez-Enciso-peatonal-Villa-Devoto-1024x683-1-300x200.jpg 300w, https:\/\/enolife.com.ar\/es\/wp-content\/uploads\/2021\/09\/Fernandez-Enciso-peatonal-Villa-Devoto-1024x683-1-768x512.jpg 768w, https:\/\/enolife.com.ar\/es\/wp-content\/uploads\/2021\/09\/Fernandez-Enciso-peatonal-Villa-Devoto-1024x683-1-585x390.jpg 585w\" sizes=\"auto, (max-width: 1024px) 100vw, 1024px\" \/><figcaption class=\"blocks-gallery-item__caption\"><em><strong>Peatonal de d\u00eda<\/strong><\/em><\/figcaption><\/figure><\/li><li class=\"blocks-gallery-item\"><figure><img loading=\"lazy\" decoding=\"async\" width=\"768\" height=\"432\" src=\"https:\/\/enolife.com.ar\/es\/wp-content\/uploads\/2021\/09\/TGY7UGZNFBCV7ETYQYFX4PIIJM.jpg\" alt=\"\" data-id=\"45432\" class=\"wp-image-45432\" srcset=\"https:\/\/enolife.com.ar\/es\/wp-content\/uploads\/2021\/09\/TGY7UGZNFBCV7ETYQYFX4PIIJM.jpg 768w, https:\/\/enolife.com.ar\/es\/wp-content\/uploads\/2021\/09\/TGY7UGZNFBCV7ETYQYFX4PIIJM-300x169.jpg 300w, https:\/\/enolife.com.ar\/es\/wp-content\/uploads\/2021\/09\/TGY7UGZNFBCV7ETYQYFX4PIIJM-585x329.jpg 585w\" sizes=\"auto, (max-width: 768px) 100vw, 768px\" \/><figcaption class=\"blocks-gallery-item__caption\"><strong><em>Peatonal de noche<\/em><\/strong><\/figcaption><\/figure><\/li><\/ul><\/figure>\n\n\n\n<div style=\"height:20px\" aria-hidden=\"true\" class=\"wp-block-spacer\"><\/div>\n\n\n\n<p>La zona donde fue dise\u00f1ado forma parte de uno de los barrios en donde m\u00e1s ha crecido el comercio vitivin\u00edcola en los \u00faltimos a\u00f1os. Luego de que la Legislatura porte\u00f1a aprobara el proyecto, se espera que cerca de 400.000 vecinos y turistas visiten el sitio cada temporada, en b\u00fasqueda de la oferta gastron\u00f3mica y bodeguera que ofrecer\u00e1n las empresas mendocinas y de otras provincias vitivin\u00edcolas de Argentina.<\/p>\n\n\n\n<div style=\"height:20px\" aria-hidden=\"true\" class=\"wp-block-spacer\"><\/div>\n\n\n\n<p class=\"has-medium-font-size\"><strong>Desarrollo de la industria vitivin\u00edcola argentina<\/strong><\/p>\n\n\n\n<p>El distrito estar\u00e1 conformado por bodegas de las diferentes regiones vitivin\u00edcolas del pa\u00eds y tambi\u00e9n contar\u00e1 con cavas y centros de cata. Adem\u00e1s, tendr\u00e1 una Escuela del Vino, que ofrecer\u00e1 carreras relacionadas con la industria y capacitaciones, y distribuidoras con&nbsp;<em>retail&nbsp;<\/em>en la calle. El proyecto incluye espacios verdes con intervenciones sobre la historia del vino y la oliva, y la apertura del Museo del Vino. Fue aprobado el 2 de setiembre por la Legislatura porte\u00f1a y permitir\u00e1 impulsar la econom\u00eda del \u00e1rea comprendida por los barrios de Villa Devoto, Villa del Parque y La Paternal.<\/p>\n\n\n\n<div style=\"height:20px\" aria-hidden=\"true\" class=\"wp-block-spacer\"><\/div>\n\n\n\n<h4 class=\"has-vivid-red-color has-text-color wp-block-heading\">Las empresas que se asienten en el Distrito del Vino tendr\u00e1n un descuento del 70% en Ingresos Brutos sobre la inversi\u00f3n inicial. Se esperan unos 30 proyectos con una inversi\u00f3n de alrededor de 1.200 millones de pesos.<\/h4>\n\n\n\n<div style=\"height:20px\" aria-hidden=\"true\" class=\"wp-block-spacer\"><\/div>\n\n\n\n<p>El Distrito del Vino es una iniciativa de la Ciudad de Buenos Aires que busca potenciar el desarrollo de la industria vitivin\u00edcola argentina a trav\u00e9s de beneficios impositivos. As\u00ed, las empresas que quieran formar parte ser\u00e1n acompa\u00f1adas por la Ciudad mediante el pago a cuenta sobre Ingresos Brutos de hasta 70% de la inversi\u00f3n inicial. Seg\u00fan las proyecciones del Gobierno porte\u00f1o, se espera que se concreten en el nuevo distrito unos 30 proyectos relacionados con la industria, con una inversi\u00f3n neta de 1.200 millones de pesos.<\/p>\n\n\n\n<p>El Distrito del Vino se suma a los distritos econ\u00f3micos que ya posee la Ciudad -tecnol\u00f3gico, audiovisual, de las artes y del dise\u00f1o-, que brindan incentivos fiscales a las empresas que all\u00ed se radican e impulsan el desarrollo de sectores econ\u00f3micos estrat\u00e9gicos mejorando su competitividad y productividad. Actualmente, los distritos concentran m\u00e1s de 850 empresas y generaron 33.000 empleos desde su creaci\u00f3n.<\/p>\n\n\n\n<div style=\"height:20px\" aria-hidden=\"true\" class=\"wp-block-spacer\"><\/div>\n\n\n\n<p class=\"has-medium-font-size\"><strong>Los beneficios de formar parte del Distrito del Vino<\/strong><\/p>\n\n\n\n<p>Las empresas v\u00edtivin\u00edcolas y gastron\u00f3micas que se instalen en el espacio lograr\u00e1n acceder a beneficios impositivos, crediticios, acompa\u00f1amiento y promoci\u00f3n de sus productos.<\/p>\n\n\n\n<p>Una vez en marcha las primeras 15 firmas inscriptas gozar\u00e1n de la mayor desgravaci\u00f3n, de 70% del monto invertido en el desarrollo de espacios dentro del lugar, como pago a cuenta sobre Ingresos Brutos hasta el 31 de enero de 2035. Entre las inversiones, que contar\u00e1n con cr\u00e9ditos del Banco Ciudad, est\u00e1 previsto el financiamiento de vinotecas, edificios corporativos, wine bar, museos, cavas y hasta dep\u00f3sitos para la distribuci\u00f3n de vino.<\/p>\n\n\n\n<div style=\"height:20px\" aria-hidden=\"true\" class=\"wp-block-spacer\"><\/div>\n\n\n\n<p class=\"has-background has-very-light-gray-background-color\">Participaron en el lanzamiento los representantes de las bodegas Dante Robino, Echart, Fincas Patag\u00f3nicas, Lavaque, Nieto Senetiner, Ponce Torres, Rosell Boher, Catena Zapata, Santa Julia Familia Zuccardi, Chandon, Tapiz, Trapezio, Tukma, R\u00edas de Cafayate y los grupos Molinos R\u00edo de la Plata, Pe\u00f1aflor, Fecovita, Bodegas de Argentina, Cl\u00faster Bodegas de San Rafael, la Asociaci\u00f3n Argentina de Sommeliers, Ahega, la Asociaci\u00f3n de Vi\u00f1ateros de Mendoza, la Asociaci\u00f3n de Vi\u00f1ateros y Fruticultores Independientes, la C\u00e1mara Argentina de Vinotecas, la C\u00e1mara de Bodegas de Salta, la C\u00e1mara de Bodegas de San Juan, la C\u00e1mara Vitivin\u00edcola de San Juan, el Centro de Vi\u00f1ateros y Bodegueros del Este, Coviar, la Federaci\u00f3n de Vi\u00f1ateros y Productores Agropecuarios y WOFA.<\/p>\n\n\n\n<div style=\"height:20px\" aria-hidden=\"true\" class=\"wp-block-spacer\"><\/div>\n\n\n\n<p>Otro de los \u00edtems previstos es el pago a cuenta en Impuesto sobre los Ingresos Brutos (ISIB) por 60% de la inversi\u00f3n (con escalonamiento decreciente en el porcentaje) durante los primeros cinco a\u00f1os. Tambi\u00e9n la exenci\u00f3n en ISIB por todas las actividades realizadas.<\/p>\n\n\n\n<p>Por otro lado, las empresas mendocinas que se instalen en el Distrito del Vino podr\u00e1n ingresar a la segunda etapa del Mendoza Activa, programa de incentivo a la inversi\u00f3n y el empleo que incluye la posibilidad de acogerse a beneficios a emprendedores.<\/p>\n\n\n\n<div style=\"height:20px\" aria-hidden=\"true\" class=\"wp-block-spacer\"><\/div>\n\n\n\n<p class=\"has-small-font-size\"><em><strong>Fuente: Gobierno de Mendo<\/strong><\/em><strong><em>za<\/em><\/strong><\/p>\n\n\n\n<div style=\"height:37px\" aria-hidden=\"true\" class=\"wp-block-spacer\"><\/div>\n","protected":false},"excerpt":{"rendered":"<p>El jueves 23\/9, el gobernador de Mendoza, Rodolfo \u00abRody\u00bb Su\u00e1rez, junto al jefe de Gobierno&hellip;<\/p>\n","protected":false},"author":3,"featured_media":45437,"comment_status":"open","ping_status":"open","sticky":false,"template":"","format":"standard","meta":{"footnotes":""},"categories":[14],"tags":[],"class_list":["post-45417","post","type-post","status-publish","format-standard","has-post-thumbnail","hentry","category-news"],"_links":{"self":[{"href":"https:\/\/enolife.com.ar\/es\/wp-json\/wp\/v2\/posts\/45417","targetHints":{"allow":["GET"]}}],"collection":[{"href":"https:\/\/enolife.com.ar\/es\/wp-json\/wp\/v2\/posts"}],"about":[{"href":"https:\/\/enolife.com.ar\/es\/wp-json\/wp\/v2\/types\/post"}],"author":[{"embeddable":true,"href":"https:\/\/enolife.com.ar\/es\/wp-json\/wp\/v2\/users\/3"}],"replies":[{"embeddable":true,"href":"https:\/\/enolife.com.ar\/es\/wp-json\/wp\/v2\/comments?post=45417"}],"version-history":[{"count":0,"href":"https:\/\/enolife.com.ar\/es\/wp-json\/wp\/v2\/posts\/45417\/revisions"}],"wp:featuredmedia":[{"embeddable":true,"href":"https:\/\/enolife.com.ar\/es\/wp-json\/wp\/v2\/media\/45437"}],"wp:attachment":[{"href":"https:\/\/enolife.com.ar\/es\/wp-json\/wp\/v2\/media?parent=45417"}],"wp:term":[{"taxonomy":"category","embeddable":true,"href":"https:\/\/enolife.com.ar\/es\/wp-json\/wp\/v2\/categories?post=45417"},{"taxonomy":"post_tag","embeddable":true,"href":"https:\/\/enolife.com.ar\/es\/wp-json\/wp\/v2\/tags?post=45417"}],"curies":[{"name":"wp","href":"https:\/\/api.w.org\/{rel}","templated":true}]}}