{"id":45361,"date":"2021-09-23T23:20:16","date_gmt":"2021-09-23T23:20:16","guid":{"rendered":"http:\/\/enolife.com.ar\/es\/?p=45361"},"modified":"2021-09-28T03:05:02","modified_gmt":"2021-09-28T03:05:02","slug":"economia-de-mendoza-y-bodegas-de-argentina-pidieron-a-nacion-facilidades-para-importar-botellas","status":"publish","type":"post","link":"https:\/\/enolife.com.ar\/es\/economia-de-mendoza-y-bodegas-de-argentina-pidieron-a-nacion-facilidades-para-importar-botellas\/","title":{"rendered":"Econom\u00eda de Mendoza y Bodegas de Argentina pidieron a Naci\u00f3n facilidades para importar botellas"},"content":{"rendered":"\n<h4 class=\"wp-block-heading\"><em><strong>El 23\/9, el ministro de Econom\u00eda de Mendoza, Enrique Vaqui\u00e9, le escribi\u00f3 una carta al ministro de Agricultura, Ganader\u00eda y Pesca de la Naci\u00f3n, Juli\u00e1n Dom\u00ednguez, detall\u00b4\u00e1ndole la problem\u00e1tica por la falta de envases de vidrio en Argentina, que afecta en particular en nuestra regi\u00f3n a las industrias vitivin\u00edcola y oliv\u00edcola. Pide que se reduzcan a cero las al\u00edcuotas por aranceles y considerar subsidios del costo de las importaciones extra zona, para amortiguar el incremento del flete mar\u00edtimo. Con la misma inquietud y similares solicitudes, Bodegas de Argentina se dirigi\u00f3 al ministro de Desarrollo Productivo de la Naci\u00f3n, Mat\u00edas Kulfas.<\/strong><\/em><\/h4>\n\n\n\n<div style=\"height:48px\" aria-hidden=\"true\" class=\"wp-block-spacer\"><\/div>\n\n\n<a href=\"https:\/\/instagram.com\/labelsolutions?igshid=YmMyMTA2M2Y=\" aria-label=\"Banner Palero 1700&#215;500\"><img loading=\"lazy\" decoding=\"async\" src=\"https:\/\/enolife.com.ar\/es\/wp-content\/uploads\/2021\/09\/Banner-Palero-1700x500-1.gif\" alt=\"\"  width=\"1700\" height=\"500\"   \/><\/a>\n\n\n<div style=\"height:66px\" aria-hidden=\"true\" class=\"wp-block-spacer\"><\/div>\n\n\n\n<p>Tanto el sector p\u00fablico como el privado se dirigieron el 23\/9 al Ministerio de Agricultura y al de Desarrollo Productivo de la Naci\u00f3n con sendas comunicaciones solicitando se facilite la importaci\u00f3n de envases de vidrio ante la falta de stock en Argentina, problema que afecta particularmente la econom\u00eda regional mendocina y a sus industrias vitivin\u00edcola y oliv\u00edcola.<\/p>\n\n\n\n<p>Al respecto, <strong>Bodegas de Argentin<\/strong>a manifest\u00f3 que \u00abla \u00fanica posibilidad de reemplazo es la importaci\u00f3n de envases\u00bb. Expresamente, y para lograr este objetivo, la entidad que representa a las bodegas del pa\u00eds, solicit\u00f3:<\/p>\n\n\n\n<ul class=\"wp-block-list\"><li>Liberar todo tr\u00e1mite de licencia de importaci\u00f3n de envases de vidrio.<\/li><li>Garantizar la disponibilidad de divisas.<\/li><li>Exceptuar de todo gravamen a la importaci\u00f3n de envases de vidrio tales como aranceles (10%) y tasa de estad\u00edstica (3%).<\/li><\/ul>\n\n\n\n<p class=\"has-background has-very-light-gray-background-color\"><strong>Ver: <a href=\"https:\/\/enolife.com.ar\/es\/wp-content\/uploads\/2021\/09\/Situaci\u00f3nVidrioSiniestroVerallia.pdf\">Nota completa de Bodegas de Argentina al Ministro Mat\u00edas Kulfas<\/a><\/strong><\/p>\n\n\n\n<div style=\"height:20px\" aria-hidden=\"true\" class=\"wp-block-spacer\"><\/div>\n\n\n\n<p>En cuanto al <strong>Ministerio de Econom\u00eda de Mendoza<\/strong>, solicit\u00f3 \u00abinmediatamente\u00bb las siguientes medidas:<\/p>\n\n\n\n<ul class=\"wp-block-list\"><li>Agilizar la habilitaci\u00f3n por parte del INAL y otros organismos de control, los permisos para importar botellas desde pa\u00edses extra o intra zona Mercosur<\/li><li>Reducir a cero (0) las al\u00edcuotas correspondientes a los aranceles y la tasa estad\u00edstica para las importaciones de envases de vidrio provenientes de pa\u00edses extra zona Mercosur.<\/li><li>Tener presente la posibilidad de subsidiar el costo de las importaciones extra zona para amortiguar el incremento notable del flete mar\u00edtimo registrado por los problemas de log\u00edstica provocados por la pandemia Covid-19.<\/li><\/ul>\n\n\n\n<p class=\"has-background has-very-light-gray-background-color\"><strong>Ver: <a href=\"https:\/\/enolife.com.ar\/es\/wp-content\/uploads\/2021\/09\/Nota-Vaqui\u00e9-a-Dominguez.pdf\">Nota completa del Ministro Enrique Vaqui\u00e9 al Ministro Juli\u00e1n Dom\u00ednguez<\/a><\/strong><\/p>\n\n\n\n<div style=\"height:20px\" aria-hidden=\"true\" class=\"wp-block-spacer\"><\/div>\n\n\n\n<p>Quien se manifest\u00f3 en las redes ante la carta enviada por el ministro Enrique Vaqui\u00e9, fue el <strong>titular del Instituto Nacional de Vitivinicultura (INV), Mart\u00edn Hinojosa<\/strong>, quien expres\u00f3:<\/p>\n\n\n\n<p>\u00abEstimado <a href=\"https:\/\/twitter.com\/evaquie\">@evaquie<\/a>,  algunas sugerencias que me permito hacerle:<\/p>\n\n\n\n<p>\u00ab1) Estamos avanzando en todos los puntos que ud propone mucho antes de su nota enviada al Mtro. <a href=\"https:\/\/twitter.com\/DominguezJul\">@DominguezJul<\/a>. De hecho, ayer convers\u00e9 con un funcionario suyo poni\u00e9ndolo al tanto de la situaci\u00f3n y nuestro compromiso<\/p>\n\n\n\n<p>\u00ab2) Antes de importar hay que saber si hay botellas en el mundo y cu\u00e1l es el precio. Es importante conocer que nuestro posible proveedor (Chile), no cuenta con stock para vendernos (exportar). Ya hicimos las averiguaciones poni\u00e9ndonos en contacto con el importador y representante<\/p>\n\n\n\n<p>\u00ab3) Las otras posibles empresas de pa\u00edses proveedores con quienes hemos estado dialogando tienen precios que superan ampliamente el valor de este insumo fabricado en Argentina.<\/p>\n\n\n\n<p>\u00ab4) Para importar botellas con valores competitivos coincidimos en la necesidad de subsidiar el costo. Entendemos que la provincia de Mendoza tambi\u00e9n estar\u00eda dispuesta a acompa\u00f1ar al sector con este subsidio.<\/p>\n\n\n\n<p>\u00abComo siempre escuchamos al sector. Nos urge que la provincia se sume con esta ayuda. Pero tambi\u00e9n es necesario que brinden alternativas viables y concretas que colaboren con la actual situaci\u00f3n de la industria vitivin\u00edcola.\u00bb<\/p>\n\n\n\n<div style=\"height:40px\" aria-hidden=\"true\" class=\"wp-block-spacer\"><\/div>\n","protected":false},"excerpt":{"rendered":"<p>El 23\/9, el ministro de Econom\u00eda de Mendoza, Enrique Vaqui\u00e9, le escribi\u00f3 una carta al&hellip;<\/p>\n","protected":false},"author":3,"featured_media":45404,"comment_status":"open","ping_status":"open","sticky":false,"template":"","format":"standard","meta":{"footnotes":""},"categories":[14],"tags":[],"class_list":["post-45361","post","type-post","status-publish","format-standard","has-post-thumbnail","hentry","category-news"],"_links":{"self":[{"href":"https:\/\/enolife.com.ar\/es\/wp-json\/wp\/v2\/posts\/45361","targetHints":{"allow":["GET"]}}],"collection":[{"href":"https:\/\/enolife.com.ar\/es\/wp-json\/wp\/v2\/posts"}],"about":[{"href":"https:\/\/enolife.com.ar\/es\/wp-json\/wp\/v2\/types\/post"}],"author":[{"embeddable":true,"href":"https:\/\/enolife.com.ar\/es\/wp-json\/wp\/v2\/users\/3"}],"replies":[{"embeddable":true,"href":"https:\/\/enolife.com.ar\/es\/wp-json\/wp\/v2\/comments?post=45361"}],"version-history":[{"count":0,"href":"https:\/\/enolife.com.ar\/es\/wp-json\/wp\/v2\/posts\/45361\/revisions"}],"wp:featuredmedia":[{"embeddable":true,"href":"https:\/\/enolife.com.ar\/es\/wp-json\/wp\/v2\/media\/45404"}],"wp:attachment":[{"href":"https:\/\/enolife.com.ar\/es\/wp-json\/wp\/v2\/media?parent=45361"}],"wp:term":[{"taxonomy":"category","embeddable":true,"href":"https:\/\/enolife.com.ar\/es\/wp-json\/wp\/v2\/categories?post=45361"},{"taxonomy":"post_tag","embeddable":true,"href":"https:\/\/enolife.com.ar\/es\/wp-json\/wp\/v2\/tags?post=45361"}],"curies":[{"name":"wp","href":"https:\/\/api.w.org\/{rel}","templated":true}]}}