{"id":4528,"date":"2019-10-25T16:14:23","date_gmt":"2019-10-25T16:14:23","guid":{"rendered":"http:\/\/enolife.com.ar\/es\/?p=4528"},"modified":"2019-10-27T16:26:59","modified_gmt":"2019-10-27T16:26:59","slug":"cierra-esta-medianoche-la-inscripcion-para-empresarios-en-ronda-de-negocios","status":"publish","type":"post","link":"https:\/\/enolife.com.ar\/es\/cierra-esta-medianoche-la-inscripcion-para-empresarios-en-ronda-de-negocios\/","title":{"rendered":"Cierra esta medianoche la inscripci\u00f3n para empresarios en ronda de negocios"},"content":{"rendered":"\n<h4 class=\"wp-block-heading\"><em><strong>La participaci\u00f3n en el encuentro, que tendr\u00e1 lugar el jueves 31 de octubre de 8.30 a 12.30 en la Nave Cultural de Mendoza, es gratuita y est\u00e1 abierta a todos los sectores de la econom\u00eda local. El cupo es limitado.<\/strong><\/em><\/h4>\n\n\n\n<div style=\"height:24px\" aria-hidden=\"true\" class=\"wp-block-spacer\"><\/div>\n\n\n\n<p>Unos 50 participantes de 35 empresas ya confirmaron su participaci\u00f3n en la denominada \u00abRonda de Negocios de Impacto\u00bb, que reunir\u00e1 a representantes de organizaciones privadas con emprendedores.<\/p>\n\n\n\n<p>La inscripci\u00f3n es gratuita y est\u00e1 abierta a todos los sectores de la econom\u00eda a trav\u00e9s del enlace&nbsp;<a href=\"https:\/\/bit.ly\/2MynI4J\">https:\/\/bit.ly\/2MynI4J<\/a>. Hay plazo hasta la medianoche de hoy viernes 25 de octubre, aunque podr\u00eda adelantarse el cierre de inscripciones si se llegara antes al cupo de 70 participantes.<\/p>\n\n\n\n<p>La actividad ser\u00e1 el jueves 31 de octubre en la sala 1 de la Nave Cultural, de la Ciudad de Mendoza, de 8.30 a 12.30.<\/p>\n\n\n\n<p>La Ronda de Negocios de Impacto hace foco en generar un triple efecto positivo en la comunidad: social, econ\u00f3mico y ambiental. Paralelamente a contribuir a disminuir la huella de carbono, la compra de productos locales pone en valor la identidad de nuestra tierra y de nuestros productos.<\/p>\n\n\n\n<p>Los rubros de las empresas participantes son diversos: chocolater\u00eda,&nbsp;<em>catering<\/em>, eventos y gastronom\u00eda en general, turismo,&nbsp;<em>software<\/em>, petroleras y medios de comunicaci\u00f3n, recursos humanos y marketing, dise\u00f1o textil y f\u00e1bricas de indumentaria. Tambi\u00e9n la industria vitivin\u00edcola y laboratorios de investigaciones medicinales son algunas de las organizaciones privadas que ya confirmaron su participaci\u00f3n.<\/p>\n\n\n\n<p>Del otro lado de la mesa estar\u00e1n los emprendedores de la econom\u00eda social. En total son 30, de los siguientes rubros: alimentos y vinos (8), artesan\u00edas y regalos empresariales (6), servicios de&nbsp;<em>catering<\/em>&nbsp;(3), juguetes (4), textil (4), gr\u00e1fica y serigraf\u00eda (2), elementos de higiene y seguridad para el trabajo (1) y gesti\u00f3n de residuos reciclables (2).<\/p>\n\n\n\n<p>La organizaci\u00f3n est\u00e1 a cargo de tres instituciones: Centros de Referencia (CDR) del Ministerio de Salud y Desarrollo Social de la Naci\u00f3n, UNCulab y Programa de Econom\u00eda Social y Ambiente de la Universidad Nacional de Cuyo. Y, por parte de la Provincia, la Direcci\u00f3n de Econom\u00eda Social y Asociatividad del Ministerio de Salud, Desarrollo Social y Deportes. A la vez, la actividad es auspiciada por Ciudad de Mendoza y la Secretar\u00eda de Bienestar Universitario de la UNCuyo.<\/p>\n\n\n\n<div style=\"height:20px\" aria-hidden=\"true\" class=\"wp-block-spacer\"><\/div>\n\n\n\n<p class=\"has-background has-pale-cyan-blue-background-color\"><strong>M\u00e1s informaci\u00f3n<\/strong><br><br><strong>&#8211; CDR Ministerio de Salud y Desarrollo Social de la Naci\u00f3n<\/strong>, tel\u00e9fono 2616990440.<br><strong>&#8211; Unculab, Universidad Nacional de Cuyo<\/strong>, tel\u00e9fono 2615618439.<br><strong>&#8211; Direcci\u00f3n de Econom\u00eda Social y Asociatividad, Ministerio de Salud, <\/strong>Desarrollo Social y Deportes, Gobierno de Mendoza, tel\u00e9fono 2614855759.<\/p>\n\n\n\n<p class=\"has-small-font-size\"><strong><em>Fuente: Gobierno de Mendoza<\/em><\/strong><\/p>\n","protected":false},"excerpt":{"rendered":"<p>La participaci\u00f3n en el encuentro, que tendr\u00e1 lugar el jueves 31 de octubre de 8.30&hellip;<\/p>\n","protected":false},"author":3,"featured_media":4536,"comment_status":"open","ping_status":"open","sticky":false,"template":"","format":"standard","meta":{"footnotes":""},"categories":[9],"tags":[],"class_list":["post-4528","post","type-post","status-publish","format-standard","has-post-thumbnail","hentry","category-negocios"],"_links":{"self":[{"href":"https:\/\/enolife.com.ar\/es\/wp-json\/wp\/v2\/posts\/4528","targetHints":{"allow":["GET"]}}],"collection":[{"href":"https:\/\/enolife.com.ar\/es\/wp-json\/wp\/v2\/posts"}],"about":[{"href":"https:\/\/enolife.com.ar\/es\/wp-json\/wp\/v2\/types\/post"}],"author":[{"embeddable":true,"href":"https:\/\/enolife.com.ar\/es\/wp-json\/wp\/v2\/users\/3"}],"replies":[{"embeddable":true,"href":"https:\/\/enolife.com.ar\/es\/wp-json\/wp\/v2\/comments?post=4528"}],"version-history":[{"count":0,"href":"https:\/\/enolife.com.ar\/es\/wp-json\/wp\/v2\/posts\/4528\/revisions"}],"wp:featuredmedia":[{"embeddable":true,"href":"https:\/\/enolife.com.ar\/es\/wp-json\/wp\/v2\/media\/4536"}],"wp:attachment":[{"href":"https:\/\/enolife.com.ar\/es\/wp-json\/wp\/v2\/media?parent=4528"}],"wp:term":[{"taxonomy":"category","embeddable":true,"href":"https:\/\/enolife.com.ar\/es\/wp-json\/wp\/v2\/categories?post=4528"},{"taxonomy":"post_tag","embeddable":true,"href":"https:\/\/enolife.com.ar\/es\/wp-json\/wp\/v2\/tags?post=4528"}],"curies":[{"name":"wp","href":"https:\/\/api.w.org\/{rel}","templated":true}]}}