{"id":45215,"date":"2021-09-22T20:55:43","date_gmt":"2021-09-22T20:55:43","guid":{"rendered":"http:\/\/enolife.com.ar\/es\/?p=45215"},"modified":"2021-09-23T23:02:32","modified_gmt":"2021-09-23T23:02:32","slug":"seis-charlas-para-conocer-la-modalidad-de-gestion-del-desarrollo-economico-que-aplica-la-ue","status":"publish","type":"post","link":"https:\/\/enolife.com.ar\/es\/seis-charlas-para-conocer-la-modalidad-de-gestion-del-desarrollo-economico-que-aplica-la-ue\/","title":{"rendered":"Seis charlas para conocer la modalidad de gesti\u00f3n del desarrollo econ\u00f3mico que aplica la UE"},"content":{"rendered":"\n<h4 class=\"wp-block-heading\"><em><strong>El Foro Diplom\u00e1tico en Mendoza invita al nuevo ciclo de charlas on line \u00abAprender con Europa, hacia una gesti\u00f3n del desarrollo en la Argentina\u00bb a partir del jueves 23\/9. Se desarrollar\u00e1 en 6 encuentros con la participaci\u00f3n de personalidades de prestigiosas instituciones de distintas partes del mundo y tiene como objetivo contribuir a la formaci\u00f3n en la gesti\u00f3n del desarrollo argentino, en la que deben relacionarse los niveles nacionales, provinciales y municipales, se busca especializaci\u00f3n, integraci\u00f3n en cadenas globales, y la estrecha vinculaci\u00f3n entre la ciencia, la tecnolog\u00eda y la innovaci\u00f3n con las empresas. La participaci\u00f3n es gratuita con previa inscripci\u00f3n.<\/strong><\/em><\/h4>\n\n\n\n<div style=\"height:20px\" aria-hidden=\"true\" class=\"wp-block-spacer\"><\/div>\n\n\n<a href=\"https:\/\/www.instagram.com\/vinventions.sudamerica\/\" aria-label=\"Banner_Subr_1700x500\"><img loading=\"lazy\" decoding=\"async\" src=\"https:\/\/enolife.com.ar\/es\/wp-content\/uploads\/2019\/07\/Banner_Subr_1700x500.gif\" alt=\"\"  width=\"1700\" height=\"501\"   \/><\/a>\n\n\n<div style=\"height:58px\" aria-hidden=\"true\" class=\"wp-block-spacer\"><\/div>\n\n\n\n<p>Argentina tiene como prioridad estrat\u00e9gica, adem\u00e1s de la educaci\u00f3n, construir una estrategia de gesti\u00f3n del desarrollo, que en el Siglo XXI es compleja y multinivel. Para lograrlo se necesita una arquitectura institucional compleja que modifique el sistema de incentivos, capacitaci\u00f3n de los actores involucrados en la gesti\u00f3n del desarrollo (empresarios y miembros de la comunidad cient\u00edfico tecnol\u00f3gica) y recursos p\u00fablicos.<\/p>\n\n\n\n<p>A trav\u00e9s de la difusi\u00f3n de visiones y experiencias que puedan servir como inspiraci\u00f3n, el Foro Diplom\u00e1tico en Mendoza organiz\u00f3 un ciclo de charlas gratuito dedicado a aprender sobre la modalidad de gesti\u00f3n del desarrollo econ\u00f3mico que aplica la Uni\u00f3n Europea.<\/p>\n\n\n\n<p>El objetivo es contribuir a la formaci\u00f3n de los actores interesados en la gesti\u00f3n del desarrollo argentino a trav\u00e9s de la difusi\u00f3n de visiones y experiencias que puedan servir como inspiraci\u00f3n.<\/p>\n\n\n\n<div style=\"height:20px\" aria-hidden=\"true\" class=\"wp-block-spacer\"><\/div>\n\n\n\n<div class=\"wp-block-image\"><figure class=\"aligncenter size-large is-resized\"><img loading=\"lazy\" decoding=\"async\" src=\"https:\/\/enolife.com.ar\/es\/wp-content\/uploads\/2021\/09\/Imagen1-10.jpg\" alt=\"\" class=\"wp-image-45233\" width=\"567\" height=\"321\" srcset=\"https:\/\/enolife.com.ar\/es\/wp-content\/uploads\/2021\/09\/Imagen1-10.jpg 912w, https:\/\/enolife.com.ar\/es\/wp-content\/uploads\/2021\/09\/Imagen1-10-300x170.jpg 300w, https:\/\/enolife.com.ar\/es\/wp-content\/uploads\/2021\/09\/Imagen1-10-768x435.jpg 768w, https:\/\/enolife.com.ar\/es\/wp-content\/uploads\/2021\/09\/Imagen1-10-585x331.jpg 585w\" sizes=\"auto, (max-width: 567px) 100vw, 567px\" \/><\/figure><\/div>\n\n\n\n<div style=\"height:20px\" aria-hidden=\"true\" class=\"wp-block-spacer\"><\/div>\n\n\n\n<ul class=\"wp-block-list\"><li>Comienzo: jueves 23\/9 a las 14 hs.<\/li><li>6 Encuentros virtuales.<\/li><li>2 expositores internacionales en cada encuentro (20 minutos por expositor).<\/li><li>1 hora 30 minutos por encuentro.<\/li><li>Zoom Webinar con traducci\u00f3n simultanea.<\/li><li>Las charlas ser\u00e1n los d\u00edas Jueves a las 14 hs (Argentina) cada dos semanas entre septiembre y diciembre.<\/li><\/ul>\n\n\n\n<p class=\"has-background has-very-light-gray-background-color\"><strong>Para inscribirse, por favor completar el siguiente formulario &#8211; Actividad gratuita: <a href=\"https:\/\/forms.gle\/gtxQwnPQxffTrRHm9\">AQU\u00cd<\/a><\/strong><\/p>\n\n\n\n<p>Los expositores se desenvuelven en diferentes instituciones europeas y compartir\u00e1n su experiencia en la gesti\u00f3n multinivel del desarrollo, los fondos de cohesi\u00f3n, el desarrollo econ\u00f3mico de las ciudades, la interacci\u00f3n entre la ciencia y la tecnolog\u00eda para la innovaci\u00f3n y la competitividad de las empresas, as\u00ed como el enfoque ambiental europeo a trav\u00e9s del reciente Pacto Verde.<\/p>\n\n\n\n<div style=\"height:20px\" aria-hidden=\"true\" class=\"wp-block-spacer\"><\/div>\n\n\n\n<p class=\"has-background has-text-align-center has-medium-font-size has-pale-cyan-blue-background-color\"><strong>Programa<\/strong><\/p>\n\n\n\n<div class=\"wp-block-image\"><figure class=\"aligncenter size-large is-resized\"><img loading=\"lazy\" decoding=\"async\" src=\"https:\/\/enolife.com.ar\/es\/wp-content\/uploads\/2021\/09\/programa-fdm.jpg\" alt=\"\" class=\"wp-image-45224\" width=\"667\" height=\"306\" srcset=\"https:\/\/enolife.com.ar\/es\/wp-content\/uploads\/2021\/09\/programa-fdm.jpg 942w, https:\/\/enolife.com.ar\/es\/wp-content\/uploads\/2021\/09\/programa-fdm-300x138.jpg 300w, https:\/\/enolife.com.ar\/es\/wp-content\/uploads\/2021\/09\/programa-fdm-768x353.jpg 768w, https:\/\/enolife.com.ar\/es\/wp-content\/uploads\/2021\/09\/programa-fdm-585x269.jpg 585w\" sizes=\"auto, (max-width: 667px) 100vw, 667px\" \/><\/figure><\/div>\n\n\n\n<div style=\"height:20px\" aria-hidden=\"true\" class=\"wp-block-spacer\"><\/div>\n\n\n\n<p class=\"has-background has-text-align-center has-medium-font-size has-pale-cyan-blue-background-color\"><strong>Expositores<\/strong><\/p>\n\n\n\n<ul class=\"wp-block-list\"><li><strong>Ronald Hall:<\/strong> Jefe de Asesores del Directorado de la Direcci\u00f3n General de Pol\u00edticas Regionales y Urbanas de la Comisi\u00f3n Europea.<\/li><li><strong>Enrico Wolleb:<\/strong> Experto de Ismeri , Italia<\/li><li><strong>Jaime del Castillo:<\/strong> Experto de Infyde , Espa\u00f1a<\/li><li><strong>Mar\u00eda Paz D\u00edaz Nieto: <\/strong>Directora General de Fondos Europeos del Gobierno de Cantabria, Espa\u00f1a<\/li><li><strong>Leslie Perpere: <\/strong>Pyr\u00e9n\u00e9es Mediterran\u00e9e , Francia<\/li><li><strong>Montserrat Blanco Nieto:<\/strong> Economista del Servicio de Programas Europeos del Ayuntamiento de M\u00e1laga, Espa\u00f1a<\/li><li><strong>Alfonso Carlos Polanco: <\/strong>Rebolleda, 1er Teniente Alcalde y Responsable pol\u00edtico de la estrategia Desarrollo Urbano Sustentable Integrado (DUSI) de Palencia, Espa\u00f1a<\/li><li><strong>Jos\u00e9 Francisco de Diego Calvo:<\/strong> Director del Instituto de Competitividad Empresarial de Salamanca en Castilla Le\u00f3n, ex Director de la oficina del ICE en Bruselas<\/li><li><strong>Esteban Pelayo:<\/strong> Director Ejecutivo de Eurada<\/li><li><strong>Carmen Antuna Rozado: <\/strong>Technical Research Centre, Finlandia<\/li><\/ul>\n\n\n\n<p><strong>Bienvenida a cargo de:<\/strong><\/p>\n\n\n\n<ul class=\"wp-block-list\"><li><strong>Roberta Dall Olio: <\/strong>Presidente de Eurada , la Federaci\u00f3n Europea de Agencias de Desarrollo y de la Agencia de Desarrollo de Emilia Romagna.<\/li><li><strong>Amador S\u00e1nchez Rico<\/strong>: Embajador de la Delegaci\u00f3n de la Uni\u00f3n Europea en la Argentina<\/li><\/ul>\n","protected":false},"excerpt":{"rendered":"<p>El Foro Diplom\u00e1tico en Mendoza invita al nuevo ciclo de charlas on line \u00abAprender con&hellip;<\/p>\n","protected":false},"author":3,"featured_media":45239,"comment_status":"open","ping_status":"open","sticky":false,"template":"","format":"standard","meta":{"footnotes":""},"categories":[47],"tags":[],"class_list":["post-45215","post","type-post","status-publish","format-standard","has-post-thumbnail","hentry","category-agenda"],"_links":{"self":[{"href":"https:\/\/enolife.com.ar\/es\/wp-json\/wp\/v2\/posts\/45215","targetHints":{"allow":["GET"]}}],"collection":[{"href":"https:\/\/enolife.com.ar\/es\/wp-json\/wp\/v2\/posts"}],"about":[{"href":"https:\/\/enolife.com.ar\/es\/wp-json\/wp\/v2\/types\/post"}],"author":[{"embeddable":true,"href":"https:\/\/enolife.com.ar\/es\/wp-json\/wp\/v2\/users\/3"}],"replies":[{"embeddable":true,"href":"https:\/\/enolife.com.ar\/es\/wp-json\/wp\/v2\/comments?post=45215"}],"version-history":[{"count":0,"href":"https:\/\/enolife.com.ar\/es\/wp-json\/wp\/v2\/posts\/45215\/revisions"}],"wp:featuredmedia":[{"embeddable":true,"href":"https:\/\/enolife.com.ar\/es\/wp-json\/wp\/v2\/media\/45239"}],"wp:attachment":[{"href":"https:\/\/enolife.com.ar\/es\/wp-json\/wp\/v2\/media?parent=45215"}],"wp:term":[{"taxonomy":"category","embeddable":true,"href":"https:\/\/enolife.com.ar\/es\/wp-json\/wp\/v2\/categories?post=45215"},{"taxonomy":"post_tag","embeddable":true,"href":"https:\/\/enolife.com.ar\/es\/wp-json\/wp\/v2\/tags?post=45215"}],"curies":[{"name":"wp","href":"https:\/\/api.w.org\/{rel}","templated":true}]}}