{"id":45184,"date":"2021-09-22T00:33:03","date_gmt":"2021-09-22T00:33:03","guid":{"rendered":"http:\/\/enolife.com.ar\/es\/?p=45184"},"modified":"2021-09-22T00:33:03","modified_gmt":"2021-09-22T00:33:03","slug":"verallia-confirmo-que-no-hubo-heridos-por-el-incendio-en-su-planta-y-pronto-retoman-las-operaciones","status":"publish","type":"post","link":"https:\/\/enolife.com.ar\/es\/verallia-confirmo-que-no-hubo-heridos-por-el-incendio-en-su-planta-y-pronto-retoman-las-operaciones\/","title":{"rendered":"Verallia confirm\u00f3 que no hubo heridos por el incendio en su planta y pronto retoman las operaciones"},"content":{"rendered":"\n<h4 class=\"wp-block-heading\"><em><strong>La cristaler\u00eda ubicada sobre calle Agust\u00edn \u00c1lvarez de Guaymall\u00e9n, Mendoza, sufri\u00f3 el pasado domingo 19\/9 alrededor de las 9 hs un siniestro en uno de sus hornos, que gracias a la acci\u00f3n de 3 brigadas de Bomberos fue r\u00e1pidamente sofocado sin provocar v\u00edctimas, s\u00f3lo da\u00f1os materiales. Verallia tiene 32 plantas de producci\u00f3n en 11 pa\u00edses y emplea a unas 10.000 personas. En 2020 fabric\u00f3 16.000 millones de botellas y tarros.<\/strong><\/em><\/h4>\n\n\n\n<div style=\"height:38px\" aria-hidden=\"true\" class=\"wp-block-spacer\"><\/div>\n\n\n<a href=\"https:\/\/ar.verallia.com\/\" aria-label=\"VERALLIA 1700 x 500\"><img loading=\"lazy\" decoding=\"async\" src=\"https:\/\/enolife.com.ar\/es\/wp-content\/uploads\/2021\/04\/VERALLIA-1700-x-500.jpg\" alt=\"\"  srcset=\"https:\/\/enolife.com.ar\/es\/wp-content\/uploads\/2021\/04\/VERALLIA-1700-x-500.jpg 1700w, https:\/\/enolife.com.ar\/es\/wp-content\/uploads\/2021\/04\/VERALLIA-1700-x-500-300x88.jpg 300w, https:\/\/enolife.com.ar\/es\/wp-content\/uploads\/2021\/04\/VERALLIA-1700-x-500-1024x301.jpg 1024w, https:\/\/enolife.com.ar\/es\/wp-content\/uploads\/2021\/04\/VERALLIA-1700-x-500-768x226.jpg 768w, https:\/\/enolife.com.ar\/es\/wp-content\/uploads\/2021\/04\/VERALLIA-1700-x-500-1536x452.jpg 1536w, https:\/\/enolife.com.ar\/es\/wp-content\/uploads\/2021\/04\/VERALLIA-1700-x-500-1170x344.jpg 1170w, https:\/\/enolife.com.ar\/es\/wp-content\/uploads\/2021\/04\/VERALLIA-1700-x-500-585x172.jpg 585w\" sizes=\"auto, (max-width: 1700px) 100vw, 1700px\" width=\"1700\" height=\"500\"   \/><\/a>\n\n\n<div style=\"height:70px\" aria-hidden=\"true\" class=\"wp-block-spacer\"><\/div>\n\n\n\n<p>La empresa Verallia, de origen franc\u00e9s y planta de producci\u00f3n en Guaymall\u00e9n, Mendoza, es una de las principales proveedoras de botellas para la industria vitivin\u00edcola argentina. El voraz incendio que se declar\u00f3 en sus instalaciones sobre la calle Agust\u00edn \u00c1lvarez de Guaymall\u00e9n, Mendoza, provoc\u00f3 da\u00f1os pero ninguna v\u00edctima. Ante la preocupaci\u00f3n de vecinos y bodegas que utilizan sus botellas, la empresa emiti\u00f3 un breve comunicado confirmando que pronto retomar\u00e1n las operaciones habituales de producci\u00f3n y distribuci\u00f3n.<\/p>\n\n\n\n<p>Expresa el comunicado: \u00abVerallia Argentina comunica que, afortunadamente, no hubo heridos ni v\u00edctimas a causa del incendio que alcanz\u00f3 un sector de nuestra f\u00e1brica ubicada en Guaymall\u00e9n, Mendoza, durante la ma\u00f1ana de este domingo 19 de setiembre.<\/p>\n\n\n\n<p>\u00abEl incidente qued\u00f3 totalmente controlado alrededor de las 11 horas. Les informamos que estamos trabajando para retomar las operaciones normales en el menor tiempo posible. Muchas gracias. Direcci\u00f3n Verallia Argentina\u00bb.<\/p>\n\n\n\n<div style=\"height:20px\" aria-hidden=\"true\" class=\"wp-block-spacer\"><\/div>\n\n\n\n<p class=\"has-medium-font-size\"><strong>\u00abQueremos convertir al vidrio en el embalaje m\u00e1s sostenible\u00bb<\/strong><\/p>\n\n\n\n<p>Sobre su misi\u00f3n y modalidad de trabajo, la comunicaci\u00f3n agrega:<\/p>\n\n\n\n<p>\u00abEn Verallia, nuestro prop\u00f3sito es reinventar el vidrio para un futuro sostenible. Queremos redefinir c\u00f3mo se produce, reutiliza y recicla el vidrio para convertirlo en el material de embalaje m\u00e1s sostenible del mundo. Trabajamos en conjunto con nuestros clientes, proveedores y otros socios en toda la cadena de valor para desarrollar nuevas soluciones saludables y sostenibles para todos.<\/p>\n\n\n\n<div style=\"height:20px\" aria-hidden=\"true\" class=\"wp-block-spacer\"><\/div>\n\n\n\n<p class=\"has-background has-very-light-gray-background-color\">Verallia produjo m\u00e1s de <strong>16.000 millones de botellas y tarros<\/strong> y obtuvo <strong>ingresos de 2.500 millones de euros en 2020<\/strong>. Verallia cotiza en el compartimento A de la bolsa de valores de Euronext Paris (Ticker: VRLA &#8211; ISIN: FR0013447729) y pertenece a SBF 120, CAC Mid 60, \u00cdndices CAC Mid &amp; Small y CAC All-Tradable.<br>Para obtener m\u00e1s informaci\u00f3n, los interesados pueden visitar la web www.verallia.com.<\/p>\n\n\n\n<div style=\"height:20px\" aria-hidden=\"true\" class=\"wp-block-spacer\"><\/div>\n\n\n\n<p>\u00abCon alrededor de 10.000 personas y 32 plantas de producci\u00f3n de vidrio en 11 pa\u00edses -detalla finalmente el comunicado-, somos el l\u00edder europeo y el tercer mayor productor mundial de envases de vidrio para alimentos y bebidas, proporcionando soluciones innovadoras, personalizadas y respetuosas con el medio ambiente a m\u00e1s de 10.000 empresas en todo el mundo\u00bb.<\/p>\n\n\n\n<div style=\"height:42px\" aria-hidden=\"true\" class=\"wp-block-spacer\"><\/div>\n","protected":false},"excerpt":{"rendered":"<p>La cristaler\u00eda ubicada sobre calle Agust\u00edn \u00c1lvarez de Guaymall\u00e9n, Mendoza, sufri\u00f3 el pasado domingo 19\/9&hellip;<\/p>\n","protected":false},"author":3,"featured_media":45199,"comment_status":"open","ping_status":"open","sticky":false,"template":"","format":"standard","meta":{"footnotes":""},"categories":[14],"tags":[],"class_list":["post-45184","post","type-post","status-publish","format-standard","has-post-thumbnail","hentry","category-news"],"_links":{"self":[{"href":"https:\/\/enolife.com.ar\/es\/wp-json\/wp\/v2\/posts\/45184","targetHints":{"allow":["GET"]}}],"collection":[{"href":"https:\/\/enolife.com.ar\/es\/wp-json\/wp\/v2\/posts"}],"about":[{"href":"https:\/\/enolife.com.ar\/es\/wp-json\/wp\/v2\/types\/post"}],"author":[{"embeddable":true,"href":"https:\/\/enolife.com.ar\/es\/wp-json\/wp\/v2\/users\/3"}],"replies":[{"embeddable":true,"href":"https:\/\/enolife.com.ar\/es\/wp-json\/wp\/v2\/comments?post=45184"}],"version-history":[{"count":0,"href":"https:\/\/enolife.com.ar\/es\/wp-json\/wp\/v2\/posts\/45184\/revisions"}],"wp:featuredmedia":[{"embeddable":true,"href":"https:\/\/enolife.com.ar\/es\/wp-json\/wp\/v2\/media\/45199"}],"wp:attachment":[{"href":"https:\/\/enolife.com.ar\/es\/wp-json\/wp\/v2\/media?parent=45184"}],"wp:term":[{"taxonomy":"category","embeddable":true,"href":"https:\/\/enolife.com.ar\/es\/wp-json\/wp\/v2\/categories?post=45184"},{"taxonomy":"post_tag","embeddable":true,"href":"https:\/\/enolife.com.ar\/es\/wp-json\/wp\/v2\/tags?post=45184"}],"curies":[{"name":"wp","href":"https:\/\/api.w.org\/{rel}","templated":true}]}}