{"id":4489,"date":"2019-11-12T16:11:38","date_gmt":"2019-11-12T16:11:38","guid":{"rendered":"http:\/\/enolife.com.ar\/es\/?p=4489"},"modified":"2020-01-08T18:48:47","modified_gmt":"2020-01-08T18:48:47","slug":"convocan-a-debatir-sobre-la-sustentabilidad-del-sistema-agroalimentario-de-mendoza-y-san-juan","status":"publish","type":"post","link":"https:\/\/enolife.com.ar\/es\/convocan-a-debatir-sobre-la-sustentabilidad-del-sistema-agroalimentario-de-mendoza-y-san-juan\/","title":{"rendered":"Convocan a debatir sobre la sustentabilidad del                 sistema agroalimentario de Mendoza y San Juan"},"content":{"rendered":"\n<div style=\"height:20px\" aria-hidden=\"true\" class=\"wp-block-spacer\"><\/div>\n\n\n\n<h4 class=\"wp-block-heading\"><em><strong>El pr\u00f3ximo 28 de noviembre de 2019 se realizar\u00e1 el Quinto Foro Regional \u201cLos desaf\u00edos de la gesti\u00f3n territorial rural\u201d, a partir de las 8.30 horas en el Anfiteatro 5 de la Facultad de Ciencias Econ\u00f3micas de la UNCuyo, Mendoza, Argentina. <\/strong><\/em><\/h4>\n\n\n\n<div style=\"height:20px\" aria-hidden=\"true\" class=\"wp-block-spacer\"><\/div>\n\n\n\n<div style=\"height:20px\" aria-hidden=\"true\" class=\"wp-block-spacer\"><\/div>\n\n\n\n<p>La entrada\nes libre y gratuita, pero para mayor informaci\u00f3n hay que dirigirse a <a href=\"mailto:unidad.mixtasar@gmail.com\">unidad.mixtasar@gmail.com<\/a> (Unidad\nMixta para el Desarrollo y la Sustentabilidad del Sistema Agroalimentario\nRegional Mendoza-San Juan).<\/p>\n\n\n\n<p>El objetivos\ndeclarado del Foro es \u201cgenerar un \u00e1mbito participativo de reflexi\u00f3n y debate\npara presentar las perspectivas del sistema agroalimentario regional de Mendoza\ny San Juan, y propiciar el di\u00e1logo t\u00e9cnico-pol\u00edtico que sirva a la gesti\u00f3n\nterritorial rural\u201d. Los organismos convocantes a\u00f1aden que \u201cde esta forma se\nabre una oportunidad para que los actores de la regi\u00f3n intercambien conocimiento\ny experiencias en materia de desarrollo y sustentabilidad del sistema\nagroalimentario\u201d.<\/p>\n\n\n\n<div style=\"height:20px\" aria-hidden=\"true\" class=\"wp-block-spacer\"><\/div>\n\n\n\n<p class=\"has-background has-pale-cyan-blue-background-color\">La\nactividad es auspiciada por el Foro Diplom\u00e1tico de Mendoza (FDM) y por el Grupo\nde Apoyo Mendocino al Desarrollo Estrat\u00e9gico 2050 (Gramde 2050).<\/p>\n\n\n\n<div style=\"height:20px\" aria-hidden=\"true\" class=\"wp-block-spacer\"><\/div>\n\n\n\n<p>Acompa\u00f1an la iniciativa la Universidad Nacional de Cuyo (UNCuyo), con su Facultad de Filosof\u00eda y Letras, Facultad de Ciencias Pol\u00edticas y Sociales, Facultad de Ciencias Econ\u00f3micas, Facultad de Ciencias Agrarias; Gobierno de Mendoza, Gobierno de San Juan, Instituto Nacional de Tecnolog\u00eda Agropecuaria (INTA), Iadiza Conicet, Incihusa Conicet e Ianigla Conicet.<\/p>\n\n\n\n<p><strong><em>Fuente: GRAMDE 2050<\/em><\/strong><\/p>\n","protected":false},"excerpt":{"rendered":"<p>El pr\u00f3ximo 28 de noviembre de 2019 se realizar\u00e1 el Quinto Foro Regional \u201cLos desaf\u00edos&hellip;<\/p>\n","protected":false},"author":3,"featured_media":4492,"comment_status":"open","ping_status":"open","sticky":false,"template":"","format":"standard","meta":{"footnotes":""},"categories":[47],"tags":[],"class_list":["post-4489","post","type-post","status-publish","format-standard","has-post-thumbnail","hentry","category-agenda"],"_links":{"self":[{"href":"https:\/\/enolife.com.ar\/es\/wp-json\/wp\/v2\/posts\/4489","targetHints":{"allow":["GET"]}}],"collection":[{"href":"https:\/\/enolife.com.ar\/es\/wp-json\/wp\/v2\/posts"}],"about":[{"href":"https:\/\/enolife.com.ar\/es\/wp-json\/wp\/v2\/types\/post"}],"author":[{"embeddable":true,"href":"https:\/\/enolife.com.ar\/es\/wp-json\/wp\/v2\/users\/3"}],"replies":[{"embeddable":true,"href":"https:\/\/enolife.com.ar\/es\/wp-json\/wp\/v2\/comments?post=4489"}],"version-history":[{"count":0,"href":"https:\/\/enolife.com.ar\/es\/wp-json\/wp\/v2\/posts\/4489\/revisions"}],"wp:featuredmedia":[{"embeddable":true,"href":"https:\/\/enolife.com.ar\/es\/wp-json\/wp\/v2\/media\/4492"}],"wp:attachment":[{"href":"https:\/\/enolife.com.ar\/es\/wp-json\/wp\/v2\/media?parent=4489"}],"wp:term":[{"taxonomy":"category","embeddable":true,"href":"https:\/\/enolife.com.ar\/es\/wp-json\/wp\/v2\/categories?post=4489"},{"taxonomy":"post_tag","embeddable":true,"href":"https:\/\/enolife.com.ar\/es\/wp-json\/wp\/v2\/tags?post=4489"}],"curies":[{"name":"wp","href":"https:\/\/api.w.org\/{rel}","templated":true}]}}