{"id":44872,"date":"2021-09-16T19:36:50","date_gmt":"2021-09-16T19:36:50","guid":{"rendered":"http:\/\/enolife.com.ar\/es\/?p=44872"},"modified":"2021-09-18T23:57:51","modified_gmt":"2021-09-18T23:57:51","slug":"en-espana-miles-de-vinateros-protestan-por-los-bajos-precios-de-la-uva","status":"publish","type":"post","link":"https:\/\/enolife.com.ar\/es\/en-espana-miles-de-vinateros-protestan-por-los-bajos-precios-de-la-uva\/","title":{"rendered":"En Espa\u00f1a, miles de vi\u00f1ateros protestan por los bajos precios de la uva"},"content":{"rendered":"\n<h4 class=\"wp-block-heading\"><em><strong>Unos 2.000 viticultores se manifestaron el 15\/9 por las calles de Logro\u00f1o, Rioja, Espa\u00f1a, por la falta de contratos de precios con la cosecha ya en marcha y el bajo valor de referencia de la uva blanca (60 centavos de euro en promedio) y la uva tinta (70 centavos). Son los precios m\u00e1s bajos pagados en los \u00faltimos 10 a\u00f1os en esa regi\u00f3n.<\/strong><\/em><\/h4>\n\n\n\n<p>. <\/p>\n\n\n\n\n\n<div style=\"height:42px\" aria-hidden=\"true\" class=\"wp-block-spacer\"><\/div>\n\n\n\n<p>Fue la manifestaci\u00f3n m\u00e1s multitudinaria desde el inicio de la pandemia, aunque pudo incluso ser mayor, ya que las zonas de <strong>Navarra<\/strong> y de <strong>Rioja Oriental<\/strong> se encuentran en plena vendimia y muchos trabajadores no se animaron a dejar las fincas por temor a represalias de sus patrones.<\/p>\n\n\n\n<p>En la manifestaci\u00f3n pudieron verse pancartas que cuestionaban incluso la condici\u00f3n de <strong>Denominaci\u00f3n de Origen Calificada (DOCa) de Rioja<\/strong>: \u00ab<em>Si la uva est\u00e1 mal pagada para qu\u00e9 queremos la Calificada<\/em>\u00bb y \u00ab<em>Si la uva est\u00e1 barata somos un DO de hojalata<\/em>\u00ab.<\/p>\n\n\n\n<div style=\"height:20px\" aria-hidden=\"true\" class=\"wp-block-spacer\"><\/div>\n\n\n\n<h4 class=\"has-vivid-red-color has-text-color wp-block-heading\">Una de las educadas consignas de \u00abbatalla\u00bb que coreaban los viticultores espa\u00f1oles fue: \u00abSi la uva est\u00e1 barata, somos una DO de hojalata\u00bb <\/h4>\n\n\n\n<div style=\"height:20px\" aria-hidden=\"true\" class=\"wp-block-spacer\"><\/div>\n\n\n\n<p>El d\u00eda anterior, las organizaciones agrarias que agrupan a los viticultores de la DOC Rioja hab\u00edan llamado al sector a participar de una manifestaci\u00f3n en la <strong>Plaza del Mercado de Logro\u00f1o<\/strong> para finalizar en la <strong>Delegaci\u00f3n del Gobierno.<\/strong> <\/p>\n\n\n\n<p>La convocatoria fue multitudinaria con la participaci\u00f3n de unos 2.000 productores vitivin\u00edcolas quienes, a trav\u00e9s de la lectura de un manifiesto, reclamaron a la <strong>Agencia de Informaci\u00f3n y Control Agroalimentario (AICA)<\/strong>, dependiente del <strong>Ministerio de Agricultura<\/strong> espa\u00f1ol,&nbsp;que act\u00fae de oficio durante la vendimia, exigiendo que se cumpla la <strong>Ley de la Cadena Alimentaria<\/strong>; y que todas las operaciones se hagan formalizando contratos en los que se mejore la rentabilidad del sector&nbsp;en un contexto de recuperaci\u00f3n de las ventas de vino.<\/p>\n\n\n\n<div style=\"height:20px\" aria-hidden=\"true\" class=\"wp-block-spacer\"><\/div>\n\n\n\n<p class=\"has-background has-very-light-gray-background-color\"><strong>El precio de la uva en Rioja, Espa\u00f1a y Mendoza<\/strong><br><br>Tomando en cuenta los $220 que vale cada euro hoy en el mercado paralelo en Argentina (o sea en la calle, a trav\u00e9s de los \u00abarbolitos\u00bb o en casas de cambio) los 0,65 centavos de euro que se pagan en promedio por la uva en Rioja equivalen a <strong>$143 argentinos<\/strong>. Para los espa\u00f1oles, esa es una cifra exigua, insuficiente, que no ofrece rentabilidad al productor. <br><br>Como referencia, recordaremos que en Mendoza, principal provincia vitivin\u00edcola de Argentina, en la pasada cosecha 2021, los valores de referencia con que las bodegas pagaron la uva a los vi\u00f1ateros fueron los siguientes: <strong>uva blanca com\u00fan: $20; uva malbec, $40 el kilo para la zona Noroeste de la provincia, $50 para la Primera Zona y la Regi\u00f3n Sur, y de 65 para el Valle de Uco. <\/strong><\/p>\n\n\n\n<div style=\"height:20px\" aria-hidden=\"true\" class=\"wp-block-spacer\"><\/div>\n\n\n\n<p class=\"has-medium-font-size\"><strong>Los argumentos para explicar la protesta<\/strong><\/p>\n\n\n\n<p>En el manifiesto que leyeron los viticultores ante las autoridades de Gobierno, argumentaron:<\/p>\n\n\n\n<p>&#8211;&nbsp;<strong>La falta de respuesta por parte de las bodegas<\/strong> al comportamiento y responsabilidad de los viticultores, que han hecho &#8216;todo lo estaba en sus manos para contribuir a la estabilidad de la Denominaci\u00f3n&#8217;. En concreto, se refirieron a la paralizaci\u00f3n de nuevas plantaciones de vi\u00f1as, a su decisi\u00f3n de aportar m\u00e1s cantidad al presupuesto de promoci\u00f3n del Consejo Regulador , ajustes en la reducci\u00f3n de los rendimientos por segundo a\u00f1o consecutivo para evitar un exceso de materia prima que colapsara el mercado.<\/p>\n\n\n\n<p>&#8211;&nbsp;<strong>Las p\u00e9rdidas soportadas por el agricultor la pasada campa\u00f1a<\/strong>&nbsp;y que la Consejer\u00eda de Agricultura confirm\u00f3 con la publicaci\u00f3n en el Observatorio de Precios del estudio de costos de producci\u00f3n referente a la vendimia 2020.<\/p>\n\n\n\n<p>&#8211;&nbsp;<strong>Incumplimiento de la Ley de la Cadena Alimentaria<\/strong>. Es inadmisible, sostuvieron, que el viticultor conozca las tarifas de todos los productos que tiene que aplicar en su trabajo diario (fitosanitarios, abonos, maquinaria, reparaciones, mano de obra) y sin embargo, comenzada la vendimia, no sepa los precios de esta campa\u00f1a.<\/p>\n\n\n\n<p>&#8211;&nbsp;<strong>Incremento de costos de producci\u00f3n<\/strong>,&nbsp;con un aumento importante del precio de los insumos que son necesarios para producir las uvas de calidad que exige una DOC como es Rioja. En este sentido, han defendido que la uva de calidad de la DOCa Rioja se pague conforme al esfuerzo que cuesta producirla.<\/p>\n\n\n\n<p>Seg\u00fan el titular de una de las organizaciones participantes de la protesta, <strong>Eduardo P\u00e9rez Hoces<\/strong> de <strong>ARAG-Asaja<\/strong>, \u00abla vendimia avanza ya con m\u00e1s de 12 millones de kilos de uva y apenas hay operaciones firmadas, con lo que el viticultor sigue entregando la uva sin saber lo que va a cobrar\u00bb. Tambi\u00e9n aclar\u00f3 que \u00abmientras las ventas de vino embotellado bajaron el 8% el a\u00f1o pasado, los precios de la uva lo hicieron un 30%\u00bb. <\/p>\n\n\n\n<div style=\"height:36px\" aria-hidden=\"true\" class=\"wp-block-spacer\"><\/div>\n\n\n\n<p class=\"has-small-font-size\"><em><strong>Fuente: harodigital.com<\/strong><\/em><\/p>\n\n\n\n<div style=\"height:27px\" aria-hidden=\"true\" class=\"wp-block-spacer\"><\/div>\n\n\n\n<p><a href=\"https:\/\/www.lomejordelvinoderioja.com\/autor\/alberto-gil-334.html\"><br><\/a><\/p>\n","protected":false},"excerpt":{"rendered":"<p>Unos 2.000 viticultores se manifestaron el 15\/9 por las calles de Logro\u00f1o, Rioja, Espa\u00f1a, por&hellip;<\/p>\n","protected":false},"author":3,"featured_media":44910,"comment_status":"open","ping_status":"open","sticky":false,"template":"","format":"standard","meta":{"footnotes":""},"categories":[14],"tags":[],"class_list":["post-44872","post","type-post","status-publish","format-standard","has-post-thumbnail","hentry","category-news"],"_links":{"self":[{"href":"https:\/\/enolife.com.ar\/es\/wp-json\/wp\/v2\/posts\/44872","targetHints":{"allow":["GET"]}}],"collection":[{"href":"https:\/\/enolife.com.ar\/es\/wp-json\/wp\/v2\/posts"}],"about":[{"href":"https:\/\/enolife.com.ar\/es\/wp-json\/wp\/v2\/types\/post"}],"author":[{"embeddable":true,"href":"https:\/\/enolife.com.ar\/es\/wp-json\/wp\/v2\/users\/3"}],"replies":[{"embeddable":true,"href":"https:\/\/enolife.com.ar\/es\/wp-json\/wp\/v2\/comments?post=44872"}],"version-history":[{"count":0,"href":"https:\/\/enolife.com.ar\/es\/wp-json\/wp\/v2\/posts\/44872\/revisions"}],"wp:featuredmedia":[{"embeddable":true,"href":"https:\/\/enolife.com.ar\/es\/wp-json\/wp\/v2\/media\/44910"}],"wp:attachment":[{"href":"https:\/\/enolife.com.ar\/es\/wp-json\/wp\/v2\/media?parent=44872"}],"wp:term":[{"taxonomy":"category","embeddable":true,"href":"https:\/\/enolife.com.ar\/es\/wp-json\/wp\/v2\/categories?post=44872"},{"taxonomy":"post_tag","embeddable":true,"href":"https:\/\/enolife.com.ar\/es\/wp-json\/wp\/v2\/tags?post=44872"}],"curies":[{"name":"wp","href":"https:\/\/api.w.org\/{rel}","templated":true}]}}