{"id":44682,"date":"2021-09-14T01:36:00","date_gmt":"2021-09-14T01:36:00","guid":{"rendered":"http:\/\/enolife.com.ar\/es\/?p=44682"},"modified":"2021-09-16T00:26:55","modified_gmt":"2021-09-16T00:26:55","slug":"cuidar-al-consumidor-es-cuidar-el-negocio-lema-del-foro-sobre-consumo-responsable-de-vino","status":"publish","type":"post","link":"https:\/\/enolife.com.ar\/es\/cuidar-al-consumidor-es-cuidar-el-negocio-lema-del-foro-sobre-consumo-responsable-de-vino\/","title":{"rendered":"\u00abCuidar al consumidor es cuidar el negocio\u00bb, lema del Foro sobre consumo responsable de vino"},"content":{"rendered":"\n<h4 class=\"wp-block-heading\"><em><strong>Bodegas de Argentina, la c\u00e1mara de la industria del vino de nuestro pa\u00eds, junto a Wine in Moderation Association (WIM), organizaci\u00f3n global con sede en Bruselas, B\u00e9lgica, invitan al 2do \u00abForo Internacional de Consumo Responsable de Vino\u00bb. El encuentro ser\u00e1 el 7\/10\/21 v\u00eda streaming, abierto a todo p\u00fablico previa inscripci\u00f3n. Su objetivo es divulgar el consumo responsable como una \u00abfilosof\u00eda de vida\u00bb e impulsar la educaci\u00f3n al respecto de las partes involucradas.<\/strong><\/em><\/h4>\n\n\n\n<div style=\"height:20px\" aria-hidden=\"true\" class=\"wp-block-spacer\"><\/div>\n\n\n<a href=\"https:\/\/www.instagram.com\/vinventions.sudamerica\/\" aria-label=\"Banner_Subr_1700x500\"><img loading=\"lazy\" decoding=\"async\" src=\"https:\/\/enolife.com.ar\/es\/wp-content\/uploads\/2019\/07\/Banner_Subr_1700x500.gif\" alt=\"\"  width=\"1700\" height=\"501\"   \/><\/a>\n\n\n<div style=\"height:53px\" aria-hidden=\"true\" class=\"wp-block-spacer\"><\/div>\n\n\n\n<p><strong>Bodegas de Argentin<\/strong>a impulsa el consumo responsable de vino desde hace 8 a\u00f1os, tratando de integrar ese concepto a la cultura argentina y de instalarlo como factor fundamental de la sustentabilidad dentro del sector.<\/p>\n\n\n\n<p>El <strong>Foro Internacional de Consumo Responsable de Vino<\/strong> es una oportunidad para comprender, a trav\u00e9s de especialistas internacionales, c\u00f3mo se comunica el vino luego de la gran transformaci\u00f3n cultural generada por la pandemia, as\u00ed como las nuevas estrategias de m\u00e1rketing digital.<\/p>\n\n\n\n<div style=\"height:20px\" aria-hidden=\"true\" class=\"wp-block-spacer\"><\/div>\n\n\n\n<p class=\"has-medium-font-size\"><strong>Cronograma<\/strong><\/p>\n\n\n\n<p>La apertura estar\u00e1 a cargo de <strong>Sandro Sartor<\/strong>, presidente de Wine In Moderation Association, y Milton Kuret, director ejecutivo de Bodegas de Argentina.<\/p>\n\n\n\n<ul class=\"wp-block-list\"><li>9.50 hs de Argentina: Conexiones y bienvenida.<\/li><\/ul>\n\n\n\n<ul class=\"wp-block-list\"><li>10 hs: Wine in Moderation, Sandro Sartor, <strong>\u00abCuidar de los consumidores es tambi\u00e9n cuidar del negocio<\/strong>\u00ab.<\/li><\/ul>\n\n\n\n<ul class=\"wp-block-list\"><li>10.15 hs: Federaci\u00f3n Espa\u00f1ola del Vino, Eduardo de Diego: <strong>\u00abLa importancia de la autorregulaci\u00f3n y c\u00f3mo unificar al sector\u00bb<\/strong>.<\/li><\/ul>\n\n\n\n<ul class=\"wp-block-list\"><li>10.45 hs Asovinos: Luz Mar\u00eda de Bedout : <strong>\u00abLas redes sociales y c\u00f3mo Asovinos ha aprovechado esta gran herramienta para fomentar el consumo moderado de vino.\u00bb<\/strong><\/li><\/ul>\n\n\n\n<ul class=\"wp-block-list\"><li>11.00 hs: Pernod Ricard, Jos\u00e9 Ram\u00f3n Fernandez: <strong>\u00abResponsabilidad social en agenda: Perspectivas de una empresa internacional\u00bb.<\/strong><\/li><\/ul>\n\n\n\n<ul class=\"wp-block-list\"><li>11.20 hs: Vinos de Chile, Patricio Parra : <strong>\u00abImplementaci\u00f3n del programa WIM en Chile\u00bb<\/strong>.<\/li><\/ul>\n\n\n\n<ul class=\"wp-block-list\"><li>11.40 hs: CEEV, Ignacio Sanchez Recarte: <strong>\u00abPlan de acci\u00f3n mundial OMS\u00bb.<\/strong><\/li><\/ul>\n\n\n\n<ul class=\"wp-block-list\"><li>12.10 a 12.30 hs: <strong>Q&amp;A.<\/strong><\/li><\/ul>\n\n\n\n<div style=\"height:20px\" aria-hidden=\"true\" class=\"wp-block-spacer\"><\/div>\n\n\n\n<p>\u00ab<em>Beber vino en cantidades adecuadas es beneficioso para la salud y complementa el disfrute de la ingesta de alimentos. Debemos incorporar en nuestra cultura el hacerlo con moderaci\u00f3n y responsabilidad. Nuestro compromiso es difundir estos conceptos a trav\u00e9s de programas que forman parte de la de mejora continua de nuestros h\u00e1bitos de consumo<\/em>\u00ab, expres\u00f3 Milton Kuret, director ejecutivo de Bodegas de Argentina.<\/p>\n\n\n\n<div style=\"height:20px\" aria-hidden=\"true\" class=\"wp-block-spacer\"><\/div>\n\n\n\n<p class=\"has-medium-font-size\"><strong>Acerca de Wine in Moderation<\/strong><\/p>\n\n\n\n<p>Bodegas de Argentina trabaja en la educaci\u00f3n del consumidor y lleva adelante desde 2013 el programa Wine in Moderation, de origen europeo, a trav\u00e9s del cual se promociona el consumo responsable de vino, a la vez que se se\u00f1ala sus bondades, fundadas en estudios cient\u00edficos. <\/p>\n\n\n\n<p>Este programa internacional, que se aplica en la mayor\u00eda de los pa\u00edses vitivin\u00edcolas, sostiene que el vino consumido moderadamente, en las medidas recomendadas, acompa\u00f1ado de un estilo de vida saludable y con una dieta alimenticia equilibrada, es beneficioso para la salud. <\/p>\n\n\n\n<p>El vino, cabe consignarlo, ha sido declarado hace a\u00f1os por por la Unesco como parte de la dieta mediterr\u00e1nea.<\/p>\n\n\n\n<p class=\"has-background has-very-light-gray-background-color\"><strong>Los interesados en participar del Foro pueden obtener m\u00e1s informaci\u00f3n en&nbsp;<a href=\"https:\/\/ba.nxpost.com\/nxpost\/stats\/6147\/18712\/13950\" target=\"_blank\" rel=\"noreferrer noopener\">www.wim.bodegasdeargentina.org ,<\/a><a href=\"https:\/\/ba.nxpost.com\/nxpost\/stats\/6147\/17725\/13950\" target=\"_blank\" rel=\"noreferrer noopener\"> www.wineinmoderation.eu\/en\/home\/<\/a>&nbsp;y&nbsp;<a href=\"https:\/\/ba.nxpost.com\/nxpost\/stats\/6147\/16454\/13950\" target=\"_blank\" rel=\"noreferrer noopener\">www.wineinformationcouncil.eu<\/a><\/strong><\/p>\n\n\n\n<div style=\"height:56px\" aria-hidden=\"true\" class=\"wp-block-spacer\"><\/div>\n","protected":false},"excerpt":{"rendered":"<p>Bodegas de Argentina, la c\u00e1mara de la industria del vino de nuestro pa\u00eds, junto a&hellip;<\/p>\n","protected":false},"author":3,"featured_media":44716,"comment_status":"open","ping_status":"open","sticky":false,"template":"","format":"standard","meta":{"footnotes":""},"categories":[47],"tags":[],"class_list":["post-44682","post","type-post","status-publish","format-standard","has-post-thumbnail","hentry","category-agenda"],"_links":{"self":[{"href":"https:\/\/enolife.com.ar\/es\/wp-json\/wp\/v2\/posts\/44682","targetHints":{"allow":["GET"]}}],"collection":[{"href":"https:\/\/enolife.com.ar\/es\/wp-json\/wp\/v2\/posts"}],"about":[{"href":"https:\/\/enolife.com.ar\/es\/wp-json\/wp\/v2\/types\/post"}],"author":[{"embeddable":true,"href":"https:\/\/enolife.com.ar\/es\/wp-json\/wp\/v2\/users\/3"}],"replies":[{"embeddable":true,"href":"https:\/\/enolife.com.ar\/es\/wp-json\/wp\/v2\/comments?post=44682"}],"version-history":[{"count":0,"href":"https:\/\/enolife.com.ar\/es\/wp-json\/wp\/v2\/posts\/44682\/revisions"}],"wp:featuredmedia":[{"embeddable":true,"href":"https:\/\/enolife.com.ar\/es\/wp-json\/wp\/v2\/media\/44716"}],"wp:attachment":[{"href":"https:\/\/enolife.com.ar\/es\/wp-json\/wp\/v2\/media?parent=44682"}],"wp:term":[{"taxonomy":"category","embeddable":true,"href":"https:\/\/enolife.com.ar\/es\/wp-json\/wp\/v2\/categories?post=44682"},{"taxonomy":"post_tag","embeddable":true,"href":"https:\/\/enolife.com.ar\/es\/wp-json\/wp\/v2\/tags?post=44682"}],"curies":[{"name":"wp","href":"https:\/\/api.w.org\/{rel}","templated":true}]}}