{"id":44638,"date":"2021-09-16T00:22:44","date_gmt":"2021-09-16T00:22:44","guid":{"rendered":"http:\/\/enolife.com.ar\/es\/?p=44638"},"modified":"2021-09-18T14:11:38","modified_gmt":"2021-09-18T14:11:38","slug":"arranca-un-curso-gratuito-para-bodegas-pymes-que-busquen-exportar-o-incrementar-sus-envios","status":"publish","type":"post","link":"https:\/\/enolife.com.ar\/es\/arranca-un-curso-gratuito-para-bodegas-pymes-que-busquen-exportar-o-incrementar-sus-envios\/","title":{"rendered":"Arranca un curso gratuito para bodegas pymes que busquen exportar o incrementar sus env\u00edos"},"content":{"rendered":"\n<h4 class=\"wp-block-heading\"><em><strong>La&nbsp;Corporaci\u00f3n Vitivin\u00edcola Argentina (Coviar) y el&nbsp;Consejo Federal de Inversiones (CFI)&nbsp;invitan a participar de un ciclo de capacitaci\u00f3n dise\u00f1ado especialmente para bodegas pymes de todo el pa\u00eds que quieran internacionalizar sus negocios. El curso es abierto a todos los que quieran participar, sin costo alguno. Se dictar\u00e1 en 5 jornadas, cada martes desde el 21\/9 al 19\/10, en formato virtual desde la plataforma Zoom. El objetivo es brindar herramientas y conocimientos sobre conceptos b\u00e1sicos acerca de exportaci\u00f3n, requerimientos, aspectos impositivos y bancarios, adaptaci\u00f3n a los diferentes mercados , desaf\u00edos log\u00edsticos y todo lo necesario para llevar los vinos argentinos al mundo.<\/strong><\/em><\/h4>\n\n\n\n<div style=\"height:50px\" aria-hidden=\"true\" class=\"wp-block-spacer\"><\/div>\n\n\n\n\n\n<div style=\"height:78px\" aria-hidden=\"true\" class=\"wp-block-spacer\"><\/div>\n\n\n\n<p>Con el foco puesto en todo lo que se necesita saber para empezar a exportar vinos o incrementar los env\u00edos al exterior de aquellos que est\u00e1n empezando, la Coviar y el CFI, organizaron una capacitaci\u00f3n para bodegas pymes que se divide en cinco jornadas que arrancan el 21\/9 y se extienden semanalmente hasta el 19\/10, con formato virtual desde la <strong>plataforma Zoom entrando aqu\u00ed:&nbsp;&nbsp;<a href=\"https:\/\/us06web.zoom.us\/webinar\/register\/WN_kUa9D2HsQw6bmjXcPuoNOg\">bit.ly\/SeminarioCoviar<\/a><\/strong><\/p>\n\n\n\n<p class=\"has-medium-font-size\"><strong>Programa<\/strong><\/p>\n\n\n\n<p class=\"has-background has-very-light-gray-background-color\"><strong>M\u00f3dulo 1 \u00bfC\u00f3mo exportar vinos? Conceptos b\u00e1sicos &nbsp;&nbsp;<\/strong><br><strong>Fecha: 21\/9 &#8211; 10 hs&nbsp;&nbsp;&nbsp;&nbsp;&nbsp;<\/strong><\/p>\n\n\n\n<p><strong>Temario:&nbsp;&nbsp;&nbsp;&nbsp;&nbsp;&nbsp;&nbsp;&nbsp;&nbsp;&nbsp;&nbsp;&nbsp;&nbsp;&nbsp;&nbsp;&nbsp;&nbsp;&nbsp;&nbsp;&nbsp;&nbsp;&nbsp;<\/strong><\/p>\n\n\n\n<ol class=\"wp-block-list\"><li>Requerimientos t\u00e9cnicos espec\u00edficos de cada destino. Formularios necesarios para exportar.<\/li><li>Aspectos impositivos. Derechos de exportaci\u00f3n. Reintegros. Base imponible<\/li><li>Precio FOB. Determinaci\u00f3n del precio FOB. Costos para determinarlo.<\/li><li>Aspectos bancarios. Medios de pagos internacionales. Comisiones bancarias. Certificaciones<\/li><\/ol>\n\n\n\n<p><strong>Disertantes:<\/strong><\/p>\n\n\n\n<p><strong>Mart\u00edn Clement:&nbsp;<\/strong>Licenciado en Administraci\u00f3n y Despachante de Aduana y Agente de Transporte Aduanero, desde el a\u00f1o 1999 trabaja en Clement y Asociados SRL, desempe\u00f1\u00e1ndose actualmente como gerente general.<\/p>\n\n\n\n<p><strong>Mart\u00edn Ortiz:&nbsp;<\/strong>Head of Sales, Global Trade and Receivables Finance del HSBC Bank Argentina.<\/p>\n\n\n\n<div style=\"height:20px\" aria-hidden=\"true\" class=\"wp-block-spacer\"><\/div>\n\n\n\n<p class=\"has-background has-very-light-gray-background-color\"><strong>M\u00f3dulo 2. Prepar\u00e1ndose para exportar<br>Fecha: 28\/9 &#8211;  10 hs&nbsp;&nbsp;&nbsp;<\/strong><\/p>\n\n\n\n<p><strong>Temario:&nbsp;&nbsp;<\/strong><\/p>\n\n\n\n<ol class=\"wp-block-list\"><li>Caracterizaci\u00f3n y selecci\u00f3n de mercados<\/li><li>Definici\u00f3n del segmento de competencia<\/li><li>B\u00fasqueda de importadores y distribuidores<\/li><li>An\u00e1lisis de medios y presupuesto de promoci\u00f3n<\/li><li>Participaci\u00f3n en ferias y misiones comerciales<\/li><\/ol>\n\n\n\n<p><strong>Disertantes:<\/strong><\/p>\n\n\n\n<p><strong>Dolores Lavaque<\/strong>: fundadora y directora general de Consultora Stg. Trabaj\u00f3 ocho a\u00f1os en el grupo de Bodega Lavaque a cargo de las \u00e1reas de exportaci\u00f3n, ventas, relaciones institucionales y capacitaci\u00f3n. Graduada con distinci\u00f3n del Wine MBA Master in Business Administration Specialized in the Wine Industry- en la Bordeaux Business School, Francia.<\/p>\n\n\n\n<p><strong>Roc\u00edo Sotelo<\/strong>: dise\u00f1adora gr\u00e1fica, actualmente ejerce como responsable de m\u00e1rketing global y fase comercial en el departamento de Comercio Exterior de Finca Quara.<\/p>\n\n\n\n<p><strong>Mart\u00edn Perez Cambet:<\/strong>&nbsp;abogado con post grado en gesti\u00f3n de agronegocios en la Universidad de San Andr\u00e9s; director comercial de Dartley Family Wine desde 2012 y responsable en Bodega Casarena de las \u00e1reas de m\u00e1rketing y ventas nacionales y exportaciones.<\/p>\n\n\n\n<p><strong>Victoria Barzola<\/strong>&nbsp;es magister en direcci\u00f3n en comercio exterior e internacionalizaci\u00f3n de empresas, se desempe\u00f1a en el sector vitivin\u00edcola y la promoci\u00f3n de exportaciones en el \u00e1rea de Relaciones internacionales de Consejo Federal de Inversiones (CFI).<\/p>\n\n\n\n<div style=\"height:20px\" aria-hidden=\"true\" class=\"wp-block-spacer\"><\/div>\n\n\n\n<p class=\"has-background has-very-light-gray-background-color\"><strong>M\u00f3dulo 3. La adaptaci\u00f3n a los mercados <\/strong><br><strong>Fecha: 5\/10 &#8211; 10 hs <\/strong><\/p>\n\n\n\n<p><strong>Temario:<\/strong><\/p>\n\n\n\n<ol class=\"wp-block-list\"><li>Usa Mercados Monop\u00f3licos (Escandinavia, Canad\u00e1 Ciertos estados de USA), Europa Latinoam\u00e9rica, China<\/li><li>Contratos internacionales. (Manejo de diferentes particularidades de los contratos internacionales para su adecuada aplicaci\u00f3n).<\/li><li>Caracter\u00edsticas de la demanda.<\/li><li>Requerimientos de la distribuci\u00f3n<\/li><li>Regulaciones de producto, log\u00edstica, packaging y otras<\/li><li>Desarrollo del producto y adaptaciones tecnol\u00f3gicas<\/li><\/ol>\n\n\n\n<p><strong>Disertantes:<\/strong><\/p>\n\n\n\n<p><strong>Andr\u00e9s Kemeny:&nbsp;<\/strong>Licenciado en turismo del Glion Institut Suiza con 40 a\u00f1os de experiencia en comercio exterior siempre en el rubro alimenticio basado en Hamburgo, Alemania, con 3 a\u00f1os en Nueva York y 7 a\u00f1os en Buenos Aries. En el rubro vinos fue gerente de comercio exterior de las bodegas Finca Flichman, Lavaque y Valentin Bianchi hasta 2018. Actualmente es asesor independiente en Comercio Exterior.<\/p>\n\n\n\n<p><strong>Ricardo Puebla:&nbsp;<\/strong>cuenta con m\u00e1s de 50 a\u00f1os de experiencia en el sector vitivin\u00edcola trabajando para las principales bodegas exportadoras.En la actualidad se desempe\u00f1a como Asesor Comercial en Mendoza para Vinorum SRL y para Fabre Montmayou en Brasil y Sudam\u00e9rica.<\/p>\n\n\n\n<div style=\"height:20px\" aria-hidden=\"true\" class=\"wp-block-spacer\"><\/div>\n\n\n\n<p class=\"has-background has-very-light-gray-background-color\"><strong>M\u00f3dulo 4. Los desaf\u00edos de la log\u00edstica internacional<\/strong><br><strong>Fecha: 12\/10 &#8211; 10 hs<\/strong><\/p>\n\n\n\n<p><strong>Temario:<\/strong><\/p>\n\n\n\n<p>An\u00e1lisis de log\u00edstica.<\/p>\n\n\n\n<ol class=\"wp-block-list\"><li>Gesti\u00f3n de Exportaci\u00f3n. Aduana. C\u00f3digos aduaneros. Requisitos para exportar.<\/li><li>Optimizaci\u00f3n de embarques<\/li><li>Log\u00edstica interna y log\u00edstica externa<\/li><li>C\u00e1lculo de costo de log\u00edstica<\/li><\/ol>\n\n\n\n<p><strong>Disertantes:<\/strong><\/p>\n\n\n\n<p><strong>Virginia Zarategui:&nbsp;<\/strong>Licenciada en comercio exterior, con posgrado en gerenciamiento vitivin\u00edcola, dedicada al comercio internacional desde 2002, actualmente se desempe\u00f1a como ejecutiva de exportaciones en Ver Sacrum Wines, ejecutiva comercial y log\u00edstica en Barbarians Wine Group y asesora de exportaci\u00f3n y log\u00edstica en Crowdfarming Wine.<\/p>\n\n\n\n<div style=\"height:20px\" aria-hidden=\"true\" class=\"wp-block-spacer\"><\/div>\n\n\n\n<p class=\"has-background has-very-light-gray-background-color\"><strong>M\u00f3dulo 5. Acceso a mercados, nueva realidad <br>Fecha: 19\/10 &#8211;&nbsp;11.30 hs<\/strong><\/p>\n\n\n\n<p><strong>Temario:<\/strong><\/p>\n\n\n\n<ol class=\"wp-block-list\"><li>Las nuevas condiciones competitivas internacionales.<\/li><li>Requisitos t\u00e9cnicos, est\u00e1ndares y exigencias de calidad.<\/li><li>Condiciones no arancelarias de la globalizaci\u00f3n tecnol\u00f3gica.<\/li><li>La nueva econom\u00eda del conocimiento.<\/li><li>Los intangibles como generadores de valor econ\u00f3mico.<\/li><\/ol>\n\n\n\n<p><strong>Disertante:<\/strong><\/p>\n\n\n\n<p><strong>Marcelo Elizondo:&nbsp;<\/strong>Abogado recibido en&nbsp; la Universidad de Buenos Aires y master en administraci\u00f3n de empresas en la Universidad Polit\u00e9cnica de Madrid. Es director en la Maestr\u00eda en Desarrollo Tecnol\u00f3gico y Estrat\u00e9gico y profesor de postgrado en el Instituto Tecnol\u00f3gico Buenos Aires, profesional especializado en negocios y econom\u00eda internacional.<\/p>\n\n\n\n<div style=\"height:50px\" aria-hidden=\"true\" class=\"wp-block-spacer\"><\/div>\n\n\n\n<p><\/p>\n","protected":false},"excerpt":{"rendered":"<p>La&nbsp;Corporaci\u00f3n Vitivin\u00edcola Argentina (Coviar) y el&nbsp;Consejo Federal de Inversiones (CFI)&nbsp;invitan a participar de un ciclo&hellip;<\/p>\n","protected":false},"author":3,"featured_media":44666,"comment_status":"open","ping_status":"open","sticky":false,"template":"","format":"standard","meta":{"footnotes":""},"categories":[47],"tags":[],"class_list":["post-44638","post","type-post","status-publish","format-standard","has-post-thumbnail","hentry","category-agenda"],"_links":{"self":[{"href":"https:\/\/enolife.com.ar\/es\/wp-json\/wp\/v2\/posts\/44638","targetHints":{"allow":["GET"]}}],"collection":[{"href":"https:\/\/enolife.com.ar\/es\/wp-json\/wp\/v2\/posts"}],"about":[{"href":"https:\/\/enolife.com.ar\/es\/wp-json\/wp\/v2\/types\/post"}],"author":[{"embeddable":true,"href":"https:\/\/enolife.com.ar\/es\/wp-json\/wp\/v2\/users\/3"}],"replies":[{"embeddable":true,"href":"https:\/\/enolife.com.ar\/es\/wp-json\/wp\/v2\/comments?post=44638"}],"version-history":[{"count":0,"href":"https:\/\/enolife.com.ar\/es\/wp-json\/wp\/v2\/posts\/44638\/revisions"}],"wp:featuredmedia":[{"embeddable":true,"href":"https:\/\/enolife.com.ar\/es\/wp-json\/wp\/v2\/media\/44666"}],"wp:attachment":[{"href":"https:\/\/enolife.com.ar\/es\/wp-json\/wp\/v2\/media?parent=44638"}],"wp:term":[{"taxonomy":"category","embeddable":true,"href":"https:\/\/enolife.com.ar\/es\/wp-json\/wp\/v2\/categories?post=44638"},{"taxonomy":"post_tag","embeddable":true,"href":"https:\/\/enolife.com.ar\/es\/wp-json\/wp\/v2\/tags?post=44638"}],"curies":[{"name":"wp","href":"https:\/\/api.w.org\/{rel}","templated":true}]}}