{"id":44567,"date":"2021-09-11T13:42:11","date_gmt":"2021-09-11T13:42:11","guid":{"rendered":"http:\/\/enolife.com.ar\/es\/?p=44567"},"modified":"2021-09-15T15:28:31","modified_gmt":"2021-09-15T15:28:31","slug":"el-17-9-comienza-un-seminario-online-sobre-el-vino-como-patrimonio-cultural-y-enoturismo","status":"publish","type":"post","link":"https:\/\/enolife.com.ar\/es\/el-17-9-comienza-un-seminario-online-sobre-el-vino-como-patrimonio-cultural-y-enoturismo\/","title":{"rendered":"El 17\/9 comienza un seminario online sobre el vino como patrimonio cultural y enoturismo"},"content":{"rendered":"\n<h4 class=\"wp-block-heading\"><em><strong>La Escuela Superior de Lenguas Extranjeras, junto a su entidad madre, la Universidad del Aconcagua, con el auspicio del Fondo Vitivin\u00edcola de Mendoza y la Academia Argentina de la Vid y del Vino (AAVV) organizan el ciclo \u00abPatrimonio Intangible del vino y sus caminos\u00bb, con 6 encuentros virtuales desde el 17\/9 y en 3 los 3 fines de semana sucesivos. El dictado estar\u00e1 a cargo de la especialista en Cultura Argentina Julieta Gargiulo y har\u00e1 foco en el vino como un producto cultural, su origen, historia, presencia en las artes, el enoturismo y las fiestas del vino en el mundo.<\/strong><\/em><\/h4>\n\n\n\n<div style=\"height:38px\" aria-hidden=\"true\" class=\"wp-block-spacer\"><\/div>\n\n\n<a href=\"https:\/\/www.instagram.com\/vinventions.sudamerica\/\" aria-label=\"Banner_Subr_1700x500\"><img loading=\"lazy\" decoding=\"async\" src=\"https:\/\/enolife.com.ar\/es\/wp-content\/uploads\/2019\/07\/Banner_Subr_1700x500.gif\" alt=\"\"  width=\"1700\" height=\"501\"   \/><\/a>\n\n\n<div style=\"height:42px\" aria-hidden=\"true\" class=\"wp-block-spacer\"><\/div>\n\n\n\n<div class=\"wp-block-image\"><figure class=\"alignleft size-large is-resized\"><img loading=\"lazy\" decoding=\"async\" src=\"https:\/\/enolife.com.ar\/es\/wp-content\/uploads\/2021\/09\/gargiulo00.jpg\" alt=\"INLUXUS Lifestyle Media\" class=\"wp-image-44577\" width=\"253\" height=\"220\" srcset=\"https:\/\/enolife.com.ar\/es\/wp-content\/uploads\/2021\/09\/gargiulo00.jpg 574w, https:\/\/enolife.com.ar\/es\/wp-content\/uploads\/2021\/09\/gargiulo00-300x261.jpg 300w\" sizes=\"auto, (max-width: 253px) 100vw, 253px\" \/><figcaption><em><strong>Julieta Gargiulo<\/strong><\/em><\/figcaption><\/figure><\/div>\n\n\n\n<p>Del 17\/9 al 2\/10 se realizar\u00e1 el ciclo \u00abPatrimonio Intangible del vino y sus caminos\u00bb. El seminario completo estar\u00e1 a cargo de Julieta Gargiulo, docente e investigadora especialista en Cultura Argentina, acad\u00e9mica de la Academia Argentina de la Vid y del Vino, de la Accademia Italiana della Vite e del Vino, miembro de la C\u00e1tedra Unesco Culture et Traditions du Vin de la Universidad de Bourgogne- Francia, y becaria investigadora del Gobierno de Canad\u00e1. <\/p>\n\n\n\n<p>El eje central de las disertaciones versar\u00e1 sobre el vino como un producto cultural, su origen, historia, presencia en las artes, el enoturismo y las fiestas del vino en el mundo. Organizado por la Escuela Superior de Lenguas Extranjeras, Universidad del Aconcagua, con el auspicio del Fondo Vitivin\u00edcola de Mendoza, y la Academia Argentina de la Vid y del Vino. Se entregar\u00e1n certificados.<\/p>\n\n\n\n<div style=\"height:20px\" aria-hidden=\"true\" class=\"wp-block-spacer\"><\/div>\n\n\n\n<p class=\"has-background has-very-light-gray-background-color\"><strong>Duraci\u00f3n<\/strong>: 6 charlas, desde el viernes  17\/09 al s\u00e1bado 02\/10 &#8211; viernes de 18:30 a 20:20; s\u00e1bados, de 9:30 a 11:30<br><br><strong>Forma de cursado:<\/strong> 100% a distancia, por plataforma Moodle y Google Meet (encuentros en vivo a trav\u00e9s de Meet: viernes de 18:30 a 20:20; s\u00e1bados, de 9:30 a 11:30).<\/p>\n\n\n\n<div style=\"height:20px\" aria-hidden=\"true\" class=\"wp-block-spacer\"><\/div>\n\n\n\n<p class=\"has-medium-font-size\"><strong>Temario<\/strong><\/p>\n\n\n\n<p><strong>Viernes 17\/9 &#8211; Charla 1:<\/strong> <strong>\u00bfEn qu\u00e9 consiste la cultura del vino?<\/strong> Su vinculaci\u00f3n con la historia, religiones, leyendas, mitolog\u00eda, arte y cultura. <\/p>\n\n\n\n<p><strong>S\u00e1bado 18\/9 &#8211; Charla 2:<\/strong> <strong>El largo camino del vino. Sus or\u00edgenes y la llegada a Am\u00e9rica<\/strong>. Del C\u00e1ucaso a Mendoza. Armenia, Egipto, Grecia, Roma, Espa\u00f1a, Am\u00e9rica. Un viaje enotur\u00edstico por los caminos del Vino en Argentina y su cultura.<\/p>\n\n\n\n<p><strong>Viernes 24\/9 &#8211; Charla 3: Proyecci\u00f3n de la pel\u00edcula hist\u00f3rica m\u00e1s antigua <\/strong>recuperada hasta hoy sobre la vitivinicultura en Argentina \u201cArizu\u201d, (d\u00e9cada del 20); conferencia sobre la cinematograf\u00eda y la vitivinicultura. <\/p>\n\n\n\n<p><strong>S\u00e1bado 25\/9 &#8211; Charla 4:<\/strong> <strong>Victor Cremaschi y su Bodega Fara\u00f3n<\/strong>. Proyecci\u00f3n de pel\u00edcula hist\u00f3rica \u201cRio Atuel, de las nieves a los p\u00e1mpanos. (d\u00e9cada del 40). De Tebas (Egipto) a General Alvear (Mendoza).<\/p>\n\n\n\n<p><strong>Viernes 1\/10 &#8211; Charla 5:<\/strong> <strong>Un viaje por la costa oeste de Am\u00e9rica del Norte:<\/strong> California (EEUU) El enoturismo en Napa Valley y Sonoma y en la Columbia Brit\u00e1nica (Canad\u00e1), como nuevo protagonista del vino. Isla de Vancouver y Valle de Okanhagan. Su enoturismo y la manera original de hacer llegar el vino a sus consumidores. <\/p>\n\n\n\n<p><strong>S\u00e1bado 2\/10 &#8211; Charla 6:<\/strong> <strong>Las fiestas del vino en el mundo<\/strong>. Desde sus or\u00edgenes hasta nuestra Fiesta Nacional de la Vendimia. Su importancia por ser la m\u00e1s famosa del mundo. <\/p>\n\n\n\n<div style=\"height:20px\" aria-hidden=\"true\" class=\"wp-block-spacer\"><\/div>\n\n\n\n<p class=\"has-medium-font-size\"><strong>Valor<\/strong><\/p>\n\n\n\n<ul class=\"wp-block-list\"><li>$4.000 p\u00fablico general<\/li><li>$2.800 personal de bodegas amigas<\/li><li>$2.800 comunidad UDA<\/li><li>$2000 comunidad ESLE<\/li><\/ul>\n\n\n\n<div style=\"height:20px\" aria-hidden=\"true\" class=\"wp-block-spacer\"><\/div>\n\n\n\n<p class=\"has-background has-very-light-gray-background-color\"><strong>Informes<\/strong>: Escuela Superior de Lenguas Extranjeras<br><strong>Direcci\u00f3n y tel\u00e9fono:  <\/strong>Lavalle 393 &#8211; Tel: 520 1641 &#8211; Whatsapp: +54 9 261 5052627 <br><strong>Correo electr\u00f3nico: <a href=\"mailto:lenguas.extranjeras@uda.edu.ar\">lenguas.extranjeras@uda.edu.ar<\/a><\/strong><\/p>\n\n\n\n<div style=\"height:58px\" aria-hidden=\"true\" class=\"wp-block-spacer\"><\/div>\n","protected":false},"excerpt":{"rendered":"<p>La Escuela Superior de Lenguas Extranjeras, junto a su entidad madre, la Universidad del Aconcagua,&hellip;<\/p>\n","protected":false},"author":3,"featured_media":44599,"comment_status":"open","ping_status":"open","sticky":false,"template":"","format":"standard","meta":{"footnotes":""},"categories":[34],"tags":[],"class_list":["post-44567","post","type-post","status-publish","format-standard","has-post-thumbnail","hentry","category-cultura1"],"_links":{"self":[{"href":"https:\/\/enolife.com.ar\/es\/wp-json\/wp\/v2\/posts\/44567","targetHints":{"allow":["GET"]}}],"collection":[{"href":"https:\/\/enolife.com.ar\/es\/wp-json\/wp\/v2\/posts"}],"about":[{"href":"https:\/\/enolife.com.ar\/es\/wp-json\/wp\/v2\/types\/post"}],"author":[{"embeddable":true,"href":"https:\/\/enolife.com.ar\/es\/wp-json\/wp\/v2\/users\/3"}],"replies":[{"embeddable":true,"href":"https:\/\/enolife.com.ar\/es\/wp-json\/wp\/v2\/comments?post=44567"}],"version-history":[{"count":0,"href":"https:\/\/enolife.com.ar\/es\/wp-json\/wp\/v2\/posts\/44567\/revisions"}],"wp:featuredmedia":[{"embeddable":true,"href":"https:\/\/enolife.com.ar\/es\/wp-json\/wp\/v2\/media\/44599"}],"wp:attachment":[{"href":"https:\/\/enolife.com.ar\/es\/wp-json\/wp\/v2\/media?parent=44567"}],"wp:term":[{"taxonomy":"category","embeddable":true,"href":"https:\/\/enolife.com.ar\/es\/wp-json\/wp\/v2\/categories?post=44567"},{"taxonomy":"post_tag","embeddable":true,"href":"https:\/\/enolife.com.ar\/es\/wp-json\/wp\/v2\/tags?post=44567"}],"curies":[{"name":"wp","href":"https:\/\/api.w.org\/{rel}","templated":true}]}}